{"id":895,"date":"2016-12-21T02:11:00","date_gmt":"2016-12-21T01:11:00","guid":{"rendered":"https:\/\/lavoiedessansvoix.fr\/lavoie\/2016\/12\/21\/archive-signez-pour-la-defense-de-la-ss\/"},"modified":"2026-04-26T21:41:40","modified_gmt":"2026-04-26T19:41:40","slug":"archive-signez-pour-la-defense-de-la-ss","status":"publish","type":"post","link":"https:\/\/lavoiedessansvoix.fr\/lavoie\/2016\/12\/21\/archive-signez-pour-la-defense-de-la-ss\/","title":{"rendered":"SIGNEZ POUR LA D\u00c9FENSE DE LA SS !"},"content":{"rendered":"<p>SIGNEZ POUR LA D\u00c9FENSE DE LA SS !  J\u2019ai re\u00e7ue et sign\u00e9e, il y a deux jours, le texte d\u2019une p\u00e9tition initi\u00e9e par le professeur Andr\u00e9 Grimaldi, pour la d\u00e9fense de la \u00ab S\u00e9curit\u00e9 Sociale \u00bb, dont je vous fais part ci-apr\u00e8s. Celle-ci s\u2019adresse \u00e0 tous les candidats \u00e0 l\u2019\u00e9lection pr\u00e9sidentielle, quel qu\u2019il soit. Elle n\u2019a pas pour dessein de s\u2019inscrire comme un argument de campagne au b\u00e9n\u00e9fice d\u2019un candidat ou d\u2019un parti. C\u2019\u00e9tait une condition essentielle pour que je la signe. Nous avons vu en effet qu\u2019en la mati\u00e8re, les uns et les autres n\u2019ont fait jusque-l\u00e0 que des politiques extr\u00eamement semblables et n\u00e9fastes pour les classes populaires. Laiss\u00e9 croire que l\u2019un ferait mieux ou diff\u00e9remment que l\u2019autre serait prendre part \u00e0 la tromperie des politiques \u00e0 l\u2019\u00e9gard de nos concitoyens. Cette p\u00e9tition n\u2019a pour fonction que de sensibiliser l\u2019opinion et de faire croitre la mobilisation pour la d\u00e9fense de notre \u00ab bien commun \u00bb qu\u2019est la \u00ab S\u00e9curit\u00e9 Sociale \u00bb, qui que soit le prochain Pr\u00e9sident \u00e9lu.  C\u2019est dans cet esprit que je l\u2019ai sign\u00e9 et vous invite \u00e0 en faire autant.Patrick Seignon. \u00ab\u00a0lavoiedessansvoix.fr\u00a0\u00bb. Mercredi 21 d\u00e9cembre 2016.  Bonjour Patrick,  Je suis le professeur Andr\u00e9 Grimaldi, diab\u00e9tologue \u00e0 la Piti\u00e9-Salp\u00eatri\u00e8re \u00e0 Paris, et avec plus de 200 m\u00e9decins, infirmi\u00e8res, universitaires et autres personnalit\u00e9s nous avons d\u00e9cid\u00e9 de nous mobiliser pour pr\u00e9server la S\u00e9curit\u00e9 sociale.  Il y a quelques jours, devant l\u2019inqui\u00e9tude soulev\u00e9e par le projet de Fran\u00e7ois Fillon de \u00ab focaliser l\u2019assurance maladie sur les affections graves et de longue dur\u00e9e \u00bb, nous avons lanc\u00e9 une p\u00e9tition appelant les candidats \u00e0 l\u2019\u00e9lection pr\u00e9sidentielle \u00e0 garantir le niveau actuel de remboursement des soins par la S\u00e9curit\u00e9 sociale. Aujourd\u2019hui, Fran\u00e7ois Fillon se d\u00e9fend de toute volont\u00e9 de privatisation de l\u2019Assurance-maladie, tout en d\u00e9clarant qu\u2019il ne recule pas.   Parce que la sant\u00e9 est notre bien le plus pr\u00e9cieux, nous ne voulons pas prendre le risque que le futur pr\u00e9sident de la R\u00e9publique, quel qu\u2019il soit, transf\u00e8re le remboursement des soins de la S\u00e9curit\u00e9 sociale aux assurances compl\u00e9mentaires priv\u00e9es qui sont par nature moins justes, moins \u00e9galitaires et plus co\u00fbteuses.   Rejoignez-nous afin qu\u2019un vaste mouvement citoyen impose au futur pr\u00e9sident de la R\u00e9publique la d\u00e9fense de la S\u00e9curit\u00e9 sociale qui est notre bien commun. Elle incarne la devise de notre R\u00e9publique en assurant l\u2019\u00e9galit\u00e9 de tous face \u00e0 la maladie et en exprimant la fraternit\u00e9 par la solidarit\u00e9 entre les biens portants et les malades. Merci \u00e0 toutes et \u00e0 tousProfesseur Andr\u00e9 Grimaldi  Lien : https:\/\/www.change.org\/p\/pour-la-securite-sociale?recruiter=75836660&#038;utm_source=share_petition&#038;utm_medium=copylink<\/p>\n","protected":false},"excerpt":{"rendered":"<p>SIGNEZ POUR LA D\u00c9FENSE DE LA SS ! J\u2019ai re\u00e7ue et sign\u00e9e, il y a deux jours, le texte d\u2019une [&hellip;]<\/p>\n","protected":false},"author":1,"featured_media":4480,"comment_status":"open","ping_status":"open","sticky":false,"template":"","format":"standard","meta":{"sfsi_plus_gutenberg_text_before_share":"","sfsi_plus_gutenberg_show_text_before_share":"","sfsi_plus_gutenberg_icon_type":"","sfsi_plus_gutenberg_icon_alignemt":"","sfsi_plus_gutenburg_max_per_row":"","site-sidebar-layout":"default","site-content-layout":"","ast-site-content-layout":"default","site-content-style":"default","site-sidebar-style":"default","ast-global-header-display":"","ast-banner-title-visibility":"","ast-main-header-display":"","ast-hfb-above-header-display":"","ast-hfb-below-header-display":"","ast-hfb-mobile-header-display":"","site-post-title":"","ast-breadcrumbs-content":"","ast-featured-img":"","footer-sml-layout":"","ast-disable-related-posts":"","theme-transparent-header-meta":"","adv-header-id-meta":"","stick-header-meta":"","header-above-stick-meta":"","header-main-stick-meta":"","header-below-stick-meta":"","astra-migrate-meta-layouts":"default","ast-page-background-enabled":"default","ast-page-background-meta":{"desktop":{"background-color":"var(--ast-global-color-4)","background-image":"","background-repeat":"repeat","background-position":"center center","background-size":"auto","background-attachment":"scroll","background-type":"","background-media":"","overlay-type":"","overlay-color":"","overlay-opacity":"","overlay-gradient":""},"tablet":{"background-color":"","background-image":"","background-repeat":"repeat","background-position":"center center","background-size":"auto","background-attachment":"scroll","background-type":"","background-media":"","overlay-type":"","overlay-color":"","overlay-opacity":"","overlay-gradient":""},"mobile":{"background-color":"","background-image":"","background-repeat":"repeat","background-position":"center center","background-size":"auto","background-attachment":"scroll","background-type":"","background-media":"","overlay-type":"","overlay-color":"","overlay-opacity":"","overlay-gradient":""}},"ast-content-background-meta":{"desktop":{"background-color":"var(--ast-global-color-5)","background-image":"","background-repeat":"repeat","background-position":"center center","background-size":"auto","background-attachment":"scroll","background-type":"","background-media":"","overlay-type":"","overlay-color":"","overlay-opacity":"","overlay-gradient":""},"tablet":{"background-color":"var(--ast-global-color-5)","background-image":"","background-repeat":"repeat","background-position":"center center","background-size":"auto","background-attachment":"scroll","background-type":"","background-media":"","overlay-type":"","overlay-color":"","overlay-opacity":"","overlay-gradient":""},"mobile":{"background-color":"var(--ast-global-color-5)","background-image":"","background-repeat":"repeat","background-position":"center center","background-size":"auto","background-attachment":"scroll","background-type":"","background-media":"","overlay-type":"","overlay-color":"","overlay-opacity":"","overlay-gradient":""}},"footnotes":""},"categories":[16],"tags":[],"class_list":["post-895","post","type-post","status-publish","format-standard","has-post-thumbnail","hentry","category-archives-cms"],"_links":{"self":[{"href":"https:\/\/lavoiedessansvoix.fr\/lavoie\/wp-json\/wp\/v2\/posts\/895","targetHints":{"allow":["GET"]}}],"collection":[{"href":"https:\/\/lavoiedessansvoix.fr\/lavoie\/wp-json\/wp\/v2\/posts"}],"about":[{"href":"https:\/\/lavoiedessansvoix.fr\/lavoie\/wp-json\/wp\/v2\/types\/post"}],"author":[{"embeddable":true,"href":"https:\/\/lavoiedessansvoix.fr\/lavoie\/wp-json\/wp\/v2\/users\/1"}],"replies":[{"embeddable":true,"href":"https:\/\/lavoiedessansvoix.fr\/lavoie\/wp-json\/wp\/v2\/comments?post=895"}],"version-history":[{"count":1,"href":"https:\/\/lavoiedessansvoix.fr\/lavoie\/wp-json\/wp\/v2\/posts\/895\/revisions"}],"predecessor-version":[{"id":3809,"href":"https:\/\/lavoiedessansvoix.fr\/lavoie\/wp-json\/wp\/v2\/posts\/895\/revisions\/3809"}],"wp:featuredmedia":[{"embeddable":true,"href":"https:\/\/lavoiedessansvoix.fr\/lavoie\/wp-json\/wp\/v2\/media\/4480"}],"wp:attachment":[{"href":"https:\/\/lavoiedessansvoix.fr\/lavoie\/wp-json\/wp\/v2\/media?parent=895"}],"wp:term":[{"taxonomy":"category","embeddable":true,"href":"https:\/\/lavoiedessansvoix.fr\/lavoie\/wp-json\/wp\/v2\/categories?post=895"},{"taxonomy":"post_tag","embeddable":true,"href":"https:\/\/lavoiedessansvoix.fr\/lavoie\/wp-json\/wp\/v2\/tags?post=895"}],"curies":[{"name":"wp","href":"https:\/\/api.w.org\/{rel}","templated":true}]}}