{"id":894,"date":"2016-12-24T13:03:00","date_gmt":"2016-12-24T12:03:00","guid":{"rendered":"https:\/\/lavoiedessansvoix.fr\/lavoie\/2016\/12\/24\/archive-vincent-se-peillon-notre-tete\/"},"modified":"2026-04-26T21:41:31","modified_gmt":"2026-04-26T19:41:31","slug":"archive-vincent-se-peillon-notre-tete","status":"publish","type":"post","link":"https:\/\/lavoiedessansvoix.fr\/lavoie\/2016\/12\/24\/archive-vincent-se-peillon-notre-tete\/","title":{"rendered":"VINCENT \u00ab SE PEILLON \u00bb NOTRE T\u00caTE"},"content":{"rendered":"<p>VINCENT \u00ab SE PEILLON \u00bb NOTRE T\u00caTE  62J\u2019ai sign\u00e9 et appel\u00e9 \u00e0 signer la p\u00e9tition initi\u00e9e par le professeur Grimaldi et de nombreuses personnalit\u00e9s du monde m\u00e9dical, pour la d\u00e9fense de la S\u00e9curit\u00e9 Sociale. J\u2019en ai m\u00eame publi\u00e9 le texte sur le Site \u00ab lavoiedessansvoix.fr \u00bb en expliquant en en-t\u00eate le sens de la d\u00e9marche et l\u2019esprit dans lequel nous soutenions cette initiative.  Les initiateurs voulaient que les candidats se prononcent. Ce n\u2019\u00e9tait pas la meilleure de leurs id\u00e9es. Cela en effet ouvrait le danger d\u2019une ou plusieurs tentatives de r\u00e9cup\u00e9ration politique dont les fran\u00e7ais sont las. \u00catre instrumentalis\u00e9e par certains, r\u00e9duite \u00e0 l\u2019\u00e9tat d\u2019outil ou d\u2019argument de campagne \u00e9lectorale, voil\u00e0 la pire chose qui pourrait arriver \u00e0 cette p\u00e9tition et la rendre suspecte. Ne suffisait-il pas de faire connaitre le sentiment populaire, de sensibiliser l\u2019opinion d\u2019ouvrir ainsi la perspective d\u2019une possible grande mobilisation populaire de d\u00e9fense de la SS ?  Comme de bien entendu, les initiateurs ayant pr\u00eat\u00e9 le flanc le r\u00e9sultat ne se fit pas attendre. C\u2019est Vincent Peillon, ancien ministre de l\u2019Education du gouvernement Eyrault, et depuis peu candidat \u00e0 la candidature pour les pr\u00e9sidentielles 2017 qui a ouvert le bal. Gageons qu\u2019il ne sera pas le seul. Dans une lettre qu\u2019il adresse aux initiateurs de la p\u00e9tition, il \u00ab s\u2019\u2019engage, \u00bb sans vergogne ni \u00e9tats d\u2019\u00e2me, \u00ab  \u00e0 pr\u00e9server notre s\u00e9curit\u00e9 sociale \u00bb,  Vincent Peillon a fait acte de candidatures aux primaires \u00ab de gauche \u00bb.en se pr\u00e9sentant lui-m\u00eame \u00bb comme le candidat du bilan du Quinquennat. C\u2019est en v\u00e9rit\u00e9 un candidat t\u00e9l\u00e9guid\u00e9 pour prendre une part d\u2019audience, qu\u2019il a mission de \u00ab refiler \u00bb ult\u00e9rieurement au candidat \u00ab  (de gauche) du syst\u00e8me, en l\u2019occurrence l\u2019ex\u00e9crable Manuel Valls, lui aussi d\u00e9fenseur du Bilan.   Je me pr\u00e9sente a-t-il dit alors bravache, \u00ab pour d\u00e9fendre le bilan de ce quinquennat. \u00bb. Le bilan du quinquennat : L\u2019augmentation du ch\u00f4mage, la r\u00e9duction des prestations aux ch\u00f4meurs, la mise en accusation de ceux-ci sens\u00e9s \u00ab frauder \u00bb et \u00ab tirer au flanc \u00bb,  L\u2019encouragement par la multiplication des heures suppl\u00e9mentaires \u00e0 r\u00e9duire la loi des 35 heures \u00e0 une coquille vide, la g\u00e9n\u00e9ralisation du travail des dimanches au d\u00e9triment de la vie des familles, la r\u00e9duction des charges des entreprises, c\u2019est-\u00e0-dire des financements des retraites, des allocations familiales et de la s\u00e9curit\u00e9 sociale, le recul de l\u2019\u00e2ge de d\u00e9part \u00e0 la retraite et la baisse drastique des pensions fabriquant avec les retrait\u00e9s une vaste population de mis\u00e9reux et d\u2019assist\u00e9s, l\u2019am\u00e9lioration de \u00ab la rentabilit\u00e9 \u00bb des entreprises c\u2019est-\u00e0-dire la r\u00e9cession de la masse salariale, donc des salaires des charges et de tout ce qui y aff\u00e8re, l\u2019explosion des petits boulots et de la pauvret\u00e9, la loi travail de g\u00e9n\u00e9ralisation de la pr\u00e9carit\u00e9. L\u2019appauvrissement et la fragilisation des pauvres en quelques sortes pour assurer la croissance des revenus des actionnaires, des Banques et des grands patrons ? Or, c\u2019est le m\u00eame monsieur Peillon qui dans sa lettre, cit\u00e9e ci-dessus, a le culot d\u2019\u00e9crire : \u00ab La s\u00e9curit\u00e9 sociale est bien plus qu&rsquo;un ensemble de prestations et de remboursements. C&rsquo;est l&rsquo;appartenance \u00e0 un projet politique, celui d&rsquo;une R\u00e9publique sociale. \u00bb. L\u2019homme de l\u2019affreux bilan anti social du quinquennat qui s\u2019ach\u00e8ve qui voudrait nous faire croire qu\u2019il est un militant de la \u00ab R\u00e9publique sociale \u00bb.   Vous savez ce que c\u2019est que \u00ab LA SOCIALE \u00bb ? Avant d\u2019\u00eatre le titre d\u2019un film documentaire de Gilles Perret sur la S\u00e9curit\u00e9 Sociale, c\u2019\u00e9tait la contraction par laquelle on d\u00e9signait \u00ab le grand soir \u00bb celui de la \u00ab R\u00e9volution sociale \u00bb qui changerait les bases du monde. La R\u00e9publique Sociale est celle qu\u2019enfanterait cette r\u00e9volution.  Mais les mots n\u2019ont apparemment aucun sens pour un homme sans foi ni loi qui ne rechigne pas au passage \u00e0 faire un clin d\u2019\u0153il au \u00ab Conseil National de la R\u00e9sistance \u00bb, dont lui et ses semblables ont entrepris de liquider l\u2019\u0153uvre. Il peut dire et promettre n\u2019importe quoi pour vu qu\u2019il atteigne le but qu\u2019il s\u2019est fix\u00e9 d\u2019abuser encore une fraction au moins de l\u2019\u00e9lectorat et de lui extorquer ses voix.   \u00ab En tant que Pr\u00e9sident de la R\u00e9publique, la coh\u00e9sion et la solidarit\u00e9 nationales feront partie de mes priorit\u00e9s absolues. \u00bb. Dame, qu\u2019elle pr\u00e9somption. Phases creuses en v\u00e9rit\u00e9 qui ne lui coutent pas grand-chose. Monsieur Vincent Peillon qui est \u00ab un second couteau \u00bb au service de Fran\u00e7ois Hollande et de Manuel Valls, le sait fort bien, il ne sera jamais Pr\u00e9sident de la R\u00e9publique.    Oh certes, nous ne pouvons contester \u00e0 Monsieur Peillon le droit de d\u00e9fendre puisqu\u2019il y tient, le calamiteux bilan du quinquennat de Fran\u00e7ois Hollande ; C\u2019est m\u00eame son droit le plus absolu. Mais ce que nous sommes fond\u00e9s \u00e0 lui contester c\u2019est le droit qu\u2019il s\u2019arroge de se payer notre t\u00eate  Patrick Seignon. \u00ab lavoiedessansvoix.fr \u00bb. Samedi 24 d\u00e9cembre 2016.<\/p>\n","protected":false},"excerpt":{"rendered":"<p>VINCENT \u00ab SE PEILLON \u00bb NOTRE T\u00caTE 62J\u2019ai sign\u00e9 et appel\u00e9 \u00e0 signer la p\u00e9tition initi\u00e9e par le professeur Grimaldi [&hellip;]<\/p>\n","protected":false},"author":1,"featured_media":4479,"comment_status":"open","ping_status":"open","sticky":false,"template":"","format":"standard","meta":{"sfsi_plus_gutenberg_text_before_share":"","sfsi_plus_gutenberg_show_text_before_share":"","sfsi_plus_gutenberg_icon_type":"","sfsi_plus_gutenberg_icon_alignemt":"","sfsi_plus_gutenburg_max_per_row":"","site-sidebar-layout":"default","site-content-layout":"","ast-site-content-layout":"default","site-content-style":"default","site-sidebar-style":"default","ast-global-header-display":"","ast-banner-title-visibility":"","ast-main-header-display":"","ast-hfb-above-header-display":"","ast-hfb-below-header-display":"","ast-hfb-mobile-header-display":"","site-post-title":"","ast-breadcrumbs-content":"","ast-featured-img":"","footer-sml-layout":"","ast-disable-related-posts":"","theme-transparent-header-meta":"","adv-header-id-meta":"","stick-header-meta":"","header-above-stick-meta":"","header-main-stick-meta":"","header-below-stick-meta":"","astra-migrate-meta-layouts":"default","ast-page-background-enabled":"default","ast-page-background-meta":{"desktop":{"background-color":"var(--ast-global-color-4)","background-image":"","background-repeat":"repeat","background-position":"center center","background-size":"auto","background-attachment":"scroll","background-type":"","background-media":"","overlay-type":"","overlay-color":"","overlay-opacity":"","overlay-gradient":""},"tablet":{"background-color":"","background-image":"","background-repeat":"repeat","background-position":"center center","background-size":"auto","background-attachment":"scroll","background-type":"","background-media":"","overlay-type":"","overlay-color":"","overlay-opacity":"","overlay-gradient":""},"mobile":{"background-color":"","background-image":"","background-repeat":"repeat","background-position":"center center","background-size":"auto","background-attachment":"scroll","background-type":"","background-media":"","overlay-type":"","overlay-color":"","overlay-opacity":"","overlay-gradient":""}},"ast-content-background-meta":{"desktop":{"background-color":"var(--ast-global-color-5)","background-image":"","background-repeat":"repeat","background-position":"center center","background-size":"auto","background-attachment":"scroll","background-type":"","background-media":"","overlay-type":"","overlay-color":"","overlay-opacity":"","overlay-gradient":""},"tablet":{"background-color":"var(--ast-global-color-5)","background-image":"","background-repeat":"repeat","background-position":"center center","background-size":"auto","background-attachment":"scroll","background-type":"","background-media":"","overlay-type":"","overlay-color":"","overlay-opacity":"","overlay-gradient":""},"mobile":{"background-color":"var(--ast-global-color-5)","background-image":"","background-repeat":"repeat","background-position":"center center","background-size":"auto","background-attachment":"scroll","background-type":"","background-media":"","overlay-type":"","overlay-color":"","overlay-opacity":"","overlay-gradient":""}},"footnotes":""},"categories":[16],"tags":[],"class_list":["post-894","post","type-post","status-publish","format-standard","has-post-thumbnail","hentry","category-archives-cms"],"_links":{"self":[{"href":"https:\/\/lavoiedessansvoix.fr\/lavoie\/wp-json\/wp\/v2\/posts\/894","targetHints":{"allow":["GET"]}}],"collection":[{"href":"https:\/\/lavoiedessansvoix.fr\/lavoie\/wp-json\/wp\/v2\/posts"}],"about":[{"href":"https:\/\/lavoiedessansvoix.fr\/lavoie\/wp-json\/wp\/v2\/types\/post"}],"author":[{"embeddable":true,"href":"https:\/\/lavoiedessansvoix.fr\/lavoie\/wp-json\/wp\/v2\/users\/1"}],"replies":[{"embeddable":true,"href":"https:\/\/lavoiedessansvoix.fr\/lavoie\/wp-json\/wp\/v2\/comments?post=894"}],"version-history":[{"count":1,"href":"https:\/\/lavoiedessansvoix.fr\/lavoie\/wp-json\/wp\/v2\/posts\/894\/revisions"}],"predecessor-version":[{"id":3807,"href":"https:\/\/lavoiedessansvoix.fr\/lavoie\/wp-json\/wp\/v2\/posts\/894\/revisions\/3807"}],"wp:featuredmedia":[{"embeddable":true,"href":"https:\/\/lavoiedessansvoix.fr\/lavoie\/wp-json\/wp\/v2\/media\/4479"}],"wp:attachment":[{"href":"https:\/\/lavoiedessansvoix.fr\/lavoie\/wp-json\/wp\/v2\/media?parent=894"}],"wp:term":[{"taxonomy":"category","embeddable":true,"href":"https:\/\/lavoiedessansvoix.fr\/lavoie\/wp-json\/wp\/v2\/categories?post=894"},{"taxonomy":"post_tag","embeddable":true,"href":"https:\/\/lavoiedessansvoix.fr\/lavoie\/wp-json\/wp\/v2\/tags?post=894"}],"curies":[{"name":"wp","href":"https:\/\/api.w.org\/{rel}","templated":true}]}}