{"id":892,"date":"2017-01-02T16:56:00","date_gmt":"2017-01-02T15:56:00","guid":{"rendered":"https:\/\/lavoiedessansvoix.fr\/lavoie\/2017\/01\/02\/archive-les-primaires-une-pratique-quot-democraticide-quot\/"},"modified":"2026-04-26T21:41:11","modified_gmt":"2026-04-26T19:41:11","slug":"archive-les-primaires-une-pratique-quot-democraticide-quot","status":"publish","type":"post","link":"https:\/\/lavoiedessansvoix.fr\/lavoie\/2017\/01\/02\/archive-les-primaires-une-pratique-quot-democraticide-quot\/","title":{"rendered":"LES PRIMAIRES,  UNE PRATIQUE &quot;D\u00c9MOCRATICIDE&quot;"},"content":{"rendered":"<p>LES PRIMAIRES, UNE PRATIQUE \u00ab\u00a0D\u00c9MOCRATICIDE\u00a0\u00bb 64   G\u00e9rard Filoche qui a milit\u00e9 sans rel\u00e2che pour la tenue des primaires de toute \u00ab la Gauche \u00bb n\u2019a pourtant pas \u00e9t\u00e9 retenu lui-m\u00eame comme candidat de \u00ab La belle alliance populaire \u00bb. C\u2019est \u00e0 l\u2019\u00e9vidence un camouflet qu\u2019a voulu lui administrer  la \u00ab Haute autorit\u00e9 des primaires citoyennes \u00bb &#8211; Qui n\u2019est autre en v\u00e9rit\u00e9 que la \u00ab\u00a0Haute Autorit\u00e9 d&rsquo;\u00e9thique\u00a0\u00bb du P.S. &#8211; \u00c9manation de l\u2019appareil du parti, afin de le remercier de sa pr\u00e9cieuse contribution pour imposer en France cette pratique idiote import\u00e9e des USA.    G\u00e9rard Filoche se serait bien vu en Bernie Sanders fran\u00e7ais, portant la dissonance d\u2019une parole socialiste dans le concert symphonique de la pens\u00e9e unique n\u00e9olib\u00e9rale de droite et de gauche. Mais l\u00e0 o\u00f9 Filoche voit dans le P.S. un \u00ab parti d\u00e9mocratique \u00bb il y a en v\u00e9rit\u00e9 \u00ab la partie \u00bb prenante d\u2019un \u00ab syst\u00e8me \u00bb qui a pour fonction de filtrer, \u00ab patte blanche et fouille au corps \u00bb le personnel politique de la R\u00e9publique et de ne laisser marcher sur les platebandes du pouvoir que des \u00ab  gens s\u00e9rieux \u00bb qui donnent toutes les assurances n\u00e9cessaires du respect de l\u2019ordre capitaliste \u00e9tabli.     Est-ce \u00e0 dire  que G\u00e9rard n\u2019est pas un \u00ab jean \u00bb s\u00e9rieux ? Ce n\u2019est en tout cas pas notre propos. Mais peut-\u00eatre est-ce la pens\u00e9e de ses pairs du Conseil National du Parti Socialiste qui a jug\u00e9 de son devoir de tenir \u00e0 l\u2019\u00e9cart du \u00ab d\u00e9bat national \u00bb ce trublion qui pourrait faire germer des id\u00e9es subversives dans \u00ab les t\u00eates mal faites et les esprits faibles de la populace \u00bb. Au PS des gens comme G\u00e9rard Filoche ont pour fonction de servir de caution d\u00e9mocratique et de \u00ab r\u00e2teau \u00bb \u00e0 voix de \u00ab gauche radicale \u00bb, et sont pri\u00e9s de se tenir \u00e0 leur modeste place, rien qu\u2019\u00e0 leur place.    C\u2019est cela m\u00eame \u00ab la d\u00e9mocratie \u00bb occidentale bien sentie. Comme toute forme de pouvoir elle a ses r\u00e8gles et ses limites. Ses limites ce sont celles du respect de l\u2019ordre \u00e9tabli. L\u2019espace d\u00e9mocratique restant, ainsi balis\u00e9, consiste dans le possible d\u00e9bat entre toutes les variantes des d\u00e9fenseurs de l\u2019ordre capitaliste. Ceux qui conteste celui-ci ou en doute et en font douter, sont pri\u00e9s de se tenir \u00e0 l\u2019\u00e9cart, ils ne font pas parti de \u00ab cette communaut\u00e9 d\u00e9mocratique autoproclam\u00e9e \u00bb. La \u00ab d\u00e9mocratie lib\u00e9rale \u00bb est, comme tous les pouvoirs une dictature de classe, en l\u2019occurrence ici la classe capitaliste, qui s\u00e9vit contre ceux qui veulent \u00ab tuteller  \u00bb le pouvoir de l\u2019argent et du capital.    En v\u00e9hiculant son discours d\u00e9mocratique \u00e9mollient G\u00e9rard Filoche contribue \u00e0 cautionner la grande supercherie sur laquelle est fond\u00e9 notre syst\u00e8me politique, plut\u00f4t que d\u2019employer son \u00e9nergie et ses grandes qualit\u00e9s \u00e0 saper les bases de la \u00ab dictature d\u00e9mocratique-lib\u00e9rale \u00bb. Il s\u2019ing\u00e9nie au contraire \u00e0 l\u00e9gitimer celle-ci et \u00e0 prolonger son existence en tentant d\u2019illusionner les foules avec \u00ab le progr\u00e8s d\u00e9mocratique \u00bb que constituerait la d\u00e9signation du candidat du syst\u00e8me \u00e0 l\u2019\u00e9lection pr\u00e9sidentielle par le dispositif des \u00e9lections primaires. Or, un tel dispositif ne change au fond rien de rien. Qu\u2019il soit d\u00e9sign\u00e9 par un Parti, par des \u00e9lecteurs primaires ou que selon la devise gaulliste il soit \u00ab la rencontre d\u2019un homme et d\u2019un peuple \u00bb, la question de fond est celle des institutions de la 5\u00e8me R\u00e9publique et de l\u2019\u00e9lection du Pr\u00e9sident de la r\u00e9publique au suffrage universel, qui place celui-ci au-dessus du peuple des partis et des programmes. Tant et si bien, par-del\u00e0 les illusions v\u00e9hicul\u00e9es, que la candidature du futur Pr\u00e9sident ait \u00e9man\u00e9 d\u2019un parti ou d\u2019une \u00e9lection primaire n\u2019apporte pas un gramme de d\u00e9mocratie suppl\u00e9mentaire au fonctionnement de notre R\u00e9publique.    Foin de \u00ab respiration d\u00e9mocratique \u00bb la pratique illusoire des \u00e9lections primaires qui abuse le peuple est en v\u00e9rit\u00e9 \u00ab d\u00e9mocraticide \u00bb comme le d\u00e9montre si bien la mise \u00e0 l\u2019\u00e9cart de G\u00e9rard Filoche.    Patrick Seignon. \u00ab lavoiedessansvoix.fr \u00bb. Jeudi 29 d\u00e9cembre 2016.<\/p>\n","protected":false},"excerpt":{"rendered":"<p>LES PRIMAIRES, UNE PRATIQUE \u00ab\u00a0D\u00c9MOCRATICIDE\u00a0\u00bb 64 G\u00e9rard Filoche qui a milit\u00e9 sans rel\u00e2che pour la tenue des primaires de toute [&hellip;]<\/p>\n","protected":false},"author":1,"featured_media":4477,"comment_status":"open","ping_status":"open","sticky":false,"template":"","format":"standard","meta":{"sfsi_plus_gutenberg_text_before_share":"","sfsi_plus_gutenberg_show_text_before_share":"","sfsi_plus_gutenberg_icon_type":"","sfsi_plus_gutenberg_icon_alignemt":"","sfsi_plus_gutenburg_max_per_row":"","site-sidebar-layout":"default","site-content-layout":"","ast-site-content-layout":"default","site-content-style":"default","site-sidebar-style":"default","ast-global-header-display":"","ast-banner-title-visibility":"","ast-main-header-display":"","ast-hfb-above-header-display":"","ast-hfb-below-header-display":"","ast-hfb-mobile-header-display":"","site-post-title":"","ast-breadcrumbs-content":"","ast-featured-img":"","footer-sml-layout":"","ast-disable-related-posts":"","theme-transparent-header-meta":"","adv-header-id-meta":"","stick-header-meta":"","header-above-stick-meta":"","header-main-stick-meta":"","header-below-stick-meta":"","astra-migrate-meta-layouts":"default","ast-page-background-enabled":"default","ast-page-background-meta":{"desktop":{"background-color":"var(--ast-global-color-4)","background-image":"","background-repeat":"repeat","background-position":"center center","background-size":"auto","background-attachment":"scroll","background-type":"","background-media":"","overlay-type":"","overlay-color":"","overlay-opacity":"","overlay-gradient":""},"tablet":{"background-color":"","background-image":"","background-repeat":"repeat","background-position":"center center","background-size":"auto","background-attachment":"scroll","background-type":"","background-media":"","overlay-type":"","overlay-color":"","overlay-opacity":"","overlay-gradient":""},"mobile":{"background-color":"","background-image":"","background-repeat":"repeat","background-position":"center center","background-size":"auto","background-attachment":"scroll","background-type":"","background-media":"","overlay-type":"","overlay-color":"","overlay-opacity":"","overlay-gradient":""}},"ast-content-background-meta":{"desktop":{"background-color":"var(--ast-global-color-5)","background-image":"","background-repeat":"repeat","background-position":"center center","background-size":"auto","background-attachment":"scroll","background-type":"","background-media":"","overlay-type":"","overlay-color":"","overlay-opacity":"","overlay-gradient":""},"tablet":{"background-color":"var(--ast-global-color-5)","background-image":"","background-repeat":"repeat","background-position":"center center","background-size":"auto","background-attachment":"scroll","background-type":"","background-media":"","overlay-type":"","overlay-color":"","overlay-opacity":"","overlay-gradient":""},"mobile":{"background-color":"var(--ast-global-color-5)","background-image":"","background-repeat":"repeat","background-position":"center center","background-size":"auto","background-attachment":"scroll","background-type":"","background-media":"","overlay-type":"","overlay-color":"","overlay-opacity":"","overlay-gradient":""}},"footnotes":""},"categories":[16],"tags":[],"class_list":["post-892","post","type-post","status-publish","format-standard","has-post-thumbnail","hentry","category-archives-cms"],"_links":{"self":[{"href":"https:\/\/lavoiedessansvoix.fr\/lavoie\/wp-json\/wp\/v2\/posts\/892","targetHints":{"allow":["GET"]}}],"collection":[{"href":"https:\/\/lavoiedessansvoix.fr\/lavoie\/wp-json\/wp\/v2\/posts"}],"about":[{"href":"https:\/\/lavoiedessansvoix.fr\/lavoie\/wp-json\/wp\/v2\/types\/post"}],"author":[{"embeddable":true,"href":"https:\/\/lavoiedessansvoix.fr\/lavoie\/wp-json\/wp\/v2\/users\/1"}],"replies":[{"embeddable":true,"href":"https:\/\/lavoiedessansvoix.fr\/lavoie\/wp-json\/wp\/v2\/comments?post=892"}],"version-history":[{"count":1,"href":"https:\/\/lavoiedessansvoix.fr\/lavoie\/wp-json\/wp\/v2\/posts\/892\/revisions"}],"predecessor-version":[{"id":3803,"href":"https:\/\/lavoiedessansvoix.fr\/lavoie\/wp-json\/wp\/v2\/posts\/892\/revisions\/3803"}],"wp:featuredmedia":[{"embeddable":true,"href":"https:\/\/lavoiedessansvoix.fr\/lavoie\/wp-json\/wp\/v2\/media\/4477"}],"wp:attachment":[{"href":"https:\/\/lavoiedessansvoix.fr\/lavoie\/wp-json\/wp\/v2\/media?parent=892"}],"wp:term":[{"taxonomy":"category","embeddable":true,"href":"https:\/\/lavoiedessansvoix.fr\/lavoie\/wp-json\/wp\/v2\/categories?post=892"},{"taxonomy":"post_tag","embeddable":true,"href":"https:\/\/lavoiedessansvoix.fr\/lavoie\/wp-json\/wp\/v2\/tags?post=892"}],"curies":[{"name":"wp","href":"https:\/\/api.w.org\/{rel}","templated":true}]}}