{"id":891,"date":"2017-01-06T02:13:00","date_gmt":"2017-01-06T01:13:00","guid":{"rendered":"https:\/\/lavoiedessansvoix.fr\/lavoie\/2017\/01\/06\/archive-francois-chereque-est-mort\/"},"modified":"2026-04-26T21:41:03","modified_gmt":"2026-04-26T19:41:03","slug":"archive-francois-chereque-est-mort","status":"publish","type":"post","link":"https:\/\/lavoiedessansvoix.fr\/lavoie\/2017\/01\/06\/archive-francois-chereque-est-mort\/","title":{"rendered":"FRAN\u00c7OIS CHEREQUE EST MORT"},"content":{"rendered":"<p>FRAN\u00c7OIS CHEREQUE EST MORT 65J\u2019ai bien connu Fran\u00e7ois Ch\u00e9r\u00e8que  On ne peut trahir ouvertement les travailleurs un jour et se m\u00ealer \u00e0 eux le lendemain comme si l\u2019on \u00e9tait des leurs. En prenant parti pour le \u00ab plan Jupp\u00e9 \u00bb Nicole Notat, en ce temps secr\u00e9taire G\u00e9n\u00e9rale de la CFDT, avait trahit les travailleurs. Lorsque sa pr\u00e9sence fut signal\u00e9e, une terrible rumeur gla\u00e7ante monta de la foule. Nicole Notat se faisait Huer par les dizaines de milliers de manifestants r\u00e9unis place de la R\u00e9publique, auquel elle entendait se m\u00ealer. Tol\u00e9rer la pr\u00e9sence de \u00ab la traitresse \u00bb dans la manifestation du 24 novembre 1995, eut \u00e9t\u00e9 une humiliation pour les centaines de milliers de manifestants et de travailleurs gr\u00e9vistes. C\u2019est donc avec juste raison qu\u2019elle en fut expuls\u00e9 par quelque centaines de ceux-ci, pour l\u2019essentiel d\u2019ailleurs syndicalistes CFDT.   La sc\u00e8ne fut film\u00e9 par les t\u00e9l\u00e9visions et \u00e0 maintes occasions diffus\u00e9e des dizaines de fois sur les antennes. Puis il y eut un blanc de plusieurs ann\u00e9es qui dura tout le temps que Fran\u00e7ois Ch\u00e9r\u00e8que occupa le poste de secr\u00e9taire g\u00e9n\u00e9ral de la CFDT (2002\/2012). C\u2019est que l\u2019on y voyait, images peu valorisantes pour son nouveau statut, \u00ab ce grand n\u00e9gociateur \u00bb,\u00abhomme de compromis \u00bb, tellement flatt\u00e9 de serrer la main des patrons et si prompt \u00e0 s\u2019entendre avec ceux-ci, faire le coup de poing contre les travailleurs (ses semblables ?) qui avaient \u00e9conduite Nicole Notat et qui enveloppaient son v\u00e9hicule. J\u2019\u00e9tais de ceux-l\u00e0, et j\u2019en suis fier, et je revendique ce fait d\u2019arme, je suis celui que l\u2019on voit \u00e0 l\u2019image essuyer le coup de poing en revers administr\u00e9 par Fran\u00e7ois Ch\u00e9r\u00e8que. Ces images ont \u00e9t\u00e9 \u00e0 nouveau diffus\u00e9es hier soir, 2 Janvier 2017, lors de l\u2019annonce de son d\u00e9c\u00e8s probablement afin de r\u00e9tablir un peu de v\u00e9rit\u00e9 dans la peinture de son portrait.  Fran\u00e7ois Ch\u00e9r\u00e8que succ\u00e9da \u00e0 Nicole Notat \u00e0 la t\u00eate de la CFDT. Et poursuivit dans la m\u00eame ligne de trahison des int\u00e9r\u00eats des travailleurs. Il s\u2019illustra tout particuli\u00e8rement en 2003 (et 2010) durant les gr\u00e8ves contre la r\u00e9forme des retraites o\u00f9 il acquit le titre de \u00ab traitre-collabo \u00bb dont le gratifi\u00e8rent les opposants CFDT, et qui provoqu\u00e8rent le d\u00e9part de plus de 40 000 adh\u00e9rents de la conf\u00e9d\u00e9ration.  Tel \u00e9tait Fran\u00e7ois Ch\u00e9r\u00e8que, un liquidateur des acquis sociaux, un traitre aux int\u00e9r\u00eats du monde du travail qu\u2019il \u00e9tait cens\u00e9 repr\u00e9senter. Son \u00e9vacuation dans l\u2019\u00e9gout de la m\u00e9moire ouvri\u00e8re et syndicale n\u2019est qu\u2019une pr\u00e9caution d\u2019hygi\u00e8ne \u00e9l\u00e9mentaire de l\u2019Histoire.  Patrick Seignon. \u00ab lavoiedessansvoix.fr \u00bb. Mercredi 3 d\u00e9cembre 2017.<\/p>\n","protected":false},"excerpt":{"rendered":"<p>FRAN\u00c7OIS CHEREQUE EST MORT 65J\u2019ai bien connu Fran\u00e7ois Ch\u00e9r\u00e8que On ne peut trahir ouvertement les travailleurs un jour et se [&hellip;]<\/p>\n","protected":false},"author":1,"featured_media":4476,"comment_status":"open","ping_status":"open","sticky":false,"template":"","format":"standard","meta":{"sfsi_plus_gutenberg_text_before_share":"","sfsi_plus_gutenberg_show_text_before_share":"","sfsi_plus_gutenberg_icon_type":"","sfsi_plus_gutenberg_icon_alignemt":"","sfsi_plus_gutenburg_max_per_row":"","site-sidebar-layout":"default","site-content-layout":"","ast-site-content-layout":"default","site-content-style":"default","site-sidebar-style":"default","ast-global-header-display":"","ast-banner-title-visibility":"","ast-main-header-display":"","ast-hfb-above-header-display":"","ast-hfb-below-header-display":"","ast-hfb-mobile-header-display":"","site-post-title":"","ast-breadcrumbs-content":"","ast-featured-img":"","footer-sml-layout":"","ast-disable-related-posts":"","theme-transparent-header-meta":"","adv-header-id-meta":"","stick-header-meta":"","header-above-stick-meta":"","header-main-stick-meta":"","header-below-stick-meta":"","astra-migrate-meta-layouts":"default","ast-page-background-enabled":"default","ast-page-background-meta":{"desktop":{"background-color":"var(--ast-global-color-4)","background-image":"","background-repeat":"repeat","background-position":"center center","background-size":"auto","background-attachment":"scroll","background-type":"","background-media":"","overlay-type":"","overlay-color":"","overlay-opacity":"","overlay-gradient":""},"tablet":{"background-color":"","background-image":"","background-repeat":"repeat","background-position":"center center","background-size":"auto","background-attachment":"scroll","background-type":"","background-media":"","overlay-type":"","overlay-color":"","overlay-opacity":"","overlay-gradient":""},"mobile":{"background-color":"","background-image":"","background-repeat":"repeat","background-position":"center center","background-size":"auto","background-attachment":"scroll","background-type":"","background-media":"","overlay-type":"","overlay-color":"","overlay-opacity":"","overlay-gradient":""}},"ast-content-background-meta":{"desktop":{"background-color":"var(--ast-global-color-5)","background-image":"","background-repeat":"repeat","background-position":"center center","background-size":"auto","background-attachment":"scroll","background-type":"","background-media":"","overlay-type":"","overlay-color":"","overlay-opacity":"","overlay-gradient":""},"tablet":{"background-color":"var(--ast-global-color-5)","background-image":"","background-repeat":"repeat","background-position":"center center","background-size":"auto","background-attachment":"scroll","background-type":"","background-media":"","overlay-type":"","overlay-color":"","overlay-opacity":"","overlay-gradient":""},"mobile":{"background-color":"var(--ast-global-color-5)","background-image":"","background-repeat":"repeat","background-position":"center center","background-size":"auto","background-attachment":"scroll","background-type":"","background-media":"","overlay-type":"","overlay-color":"","overlay-opacity":"","overlay-gradient":""}},"footnotes":""},"categories":[16],"tags":[],"class_list":["post-891","post","type-post","status-publish","format-standard","has-post-thumbnail","hentry","category-archives-cms"],"_links":{"self":[{"href":"https:\/\/lavoiedessansvoix.fr\/lavoie\/wp-json\/wp\/v2\/posts\/891","targetHints":{"allow":["GET"]}}],"collection":[{"href":"https:\/\/lavoiedessansvoix.fr\/lavoie\/wp-json\/wp\/v2\/posts"}],"about":[{"href":"https:\/\/lavoiedessansvoix.fr\/lavoie\/wp-json\/wp\/v2\/types\/post"}],"author":[{"embeddable":true,"href":"https:\/\/lavoiedessansvoix.fr\/lavoie\/wp-json\/wp\/v2\/users\/1"}],"replies":[{"embeddable":true,"href":"https:\/\/lavoiedessansvoix.fr\/lavoie\/wp-json\/wp\/v2\/comments?post=891"}],"version-history":[{"count":1,"href":"https:\/\/lavoiedessansvoix.fr\/lavoie\/wp-json\/wp\/v2\/posts\/891\/revisions"}],"predecessor-version":[{"id":3801,"href":"https:\/\/lavoiedessansvoix.fr\/lavoie\/wp-json\/wp\/v2\/posts\/891\/revisions\/3801"}],"wp:featuredmedia":[{"embeddable":true,"href":"https:\/\/lavoiedessansvoix.fr\/lavoie\/wp-json\/wp\/v2\/media\/4476"}],"wp:attachment":[{"href":"https:\/\/lavoiedessansvoix.fr\/lavoie\/wp-json\/wp\/v2\/media?parent=891"}],"wp:term":[{"taxonomy":"category","embeddable":true,"href":"https:\/\/lavoiedessansvoix.fr\/lavoie\/wp-json\/wp\/v2\/categories?post=891"},{"taxonomy":"post_tag","embeddable":true,"href":"https:\/\/lavoiedessansvoix.fr\/lavoie\/wp-json\/wp\/v2\/tags?post=891"}],"curies":[{"name":"wp","href":"https:\/\/api.w.org\/{rel}","templated":true}]}}