{"id":890,"date":"2017-01-07T07:44:00","date_gmt":"2017-01-07T06:44:00","guid":{"rendered":"https:\/\/lavoiedessansvoix.fr\/lavoie\/2017\/01\/07\/archive-de-la-bonne-methode-pour-battre-valls\/"},"modified":"2026-04-26T21:40:55","modified_gmt":"2026-04-26T19:40:55","slug":"archive-de-la-bonne-methode-pour-battre-valls","status":"publish","type":"post","link":"https:\/\/lavoiedessansvoix.fr\/lavoie\/2017\/01\/07\/archive-de-la-bonne-methode-pour-battre-valls\/","title":{"rendered":"DE LA BONNE M\u00c9THODE POUR BATTRE VALLS"},"content":{"rendered":"<p>DE LA BONNE M\u00c9THODE POUR BATTRE VALLS   Les fran\u00e7ais dans leur grande majorit\u00e9 ne souhaitaient pas que l\u2019actuel Pr\u00e9sident de la r\u00e9publique soit candidat \u00e0 sa propre succession. Ils l\u2019ont fait savoir si fort et de mani\u00e8re si p\u00e9remptoire, que celui-ci en effet a renonc\u00e9 \u00e0 faire acte de candidature pour la prochaine pr\u00e9sidentielle.  Le rejet suscit\u00e9 par l\u2019homme et sa politique \u00e9tait donc immense. Que l\u2019on en prenne la mesure : Les Fran\u00e7ais auraient pu souhaiter battre Fran\u00e7ois Hollande lors des prochaines \u00e9lections pr\u00e9sidentielles. Ils auraient pu m\u00eame, pourquoi pas, souhaiter le battre \u00e0 plate couture, voire m\u00eame l\u2019humilier d\u2019un score d\u00e9shonorable. Mais il faut croire que cela n&rsquo;\u00e9tait pas encore suffisant pour assouvir leur col\u00e8re \u00e0 son \u00e9gard. Ils voulaient plus. Ils voulaient l\u2019humilier tout de suite en le disqualifiant, en lui interdisant m\u00eame de prendre le \u00ab d\u00e9part de la course \u00bb.  Et l\u2019on voudrait nous faire croire que les m\u00eames fran\u00e7ais, souhaitent v\u00e9ritablement voir son alter-ego, son premier ministre social-lib\u00e9ral autoritaire, l\u2019ex\u00e9cuteur et inspirateur de sa politique, \u00eatre candidat \u00e0 sa place ? Si les fran\u00e7ais n\u2019ont pas voulu de la candidature de Hollande ce n\u2019est diantre pas pour se coltiner celle de Valls.  Les Fran\u00e7ais, je parle l\u00e0 des Fran\u00e7ais que \u00e7a concerne, ceux de gauche, les salari\u00e9s, les ouvriers, les ch\u00f4meurs, les pauvres, les petites gens, les agriculteurs chass\u00e9s de leurs exploitations et pouss\u00e9s au suicide, ceux aussi qu\u2019ils appellent les \u00ab classes moyennes \u00bb et qu\u2019ils pressurent toujours plus, ceux m\u00eames qui vivent bien mais ne tol\u00e8rent pas de vivre ainsi juch\u00e9s sur la mis\u00e8re sociale, tous ceux-l\u00e0 j\u2019en suis s\u00fbr sont comme nous, \u00e0 d\u00e9faut de pouvoir interdire \u00e0 Manuel Valls d\u2019\u00eatre candidat, ils ont \u00e0 c\u0153ur de le battre comme pl\u00e2tre. Et puisque la machinerie du \u00ab syst\u00e8me \u00bb, grin\u00e7ante et brinquebalante c\u2019est tout de m\u00eame mise en en action pour nous imposer co\u00fbte que co\u00fbte cette candidature, nous faire accroire contre ce que nous croyons vraiment, qu\u2019elle est celle que les Fran\u00e7ais pr\u00e9f\u00e9reront parmi les nombreuses candidatures aux \u00ab primaires de gauche \u00bb, alors nous sommes offens\u00e9s et ne voulons plus seulement battre Manuel Valls, nous voulons l\u2019humilier, le disqualifier aussi.  Battre Valls \u00e0 d\u00e9faut de pouvoir faire campagne pour G\u00e9rard filoche interdit de primaire \u00bb c\u2019est la position de repli minimale sur laquelle s\u2019est retranch\u00e9 celui-ci avec ses amis et soutiens. Et \u00e0 cette fin, fid\u00e8les \u00e0 leur ligne de conduite ils poursuivent leur campagne pour assurer le succ\u00e8s des primaires socialistes, pr\u00e9tendant que plus il y aura de votants \u00e0 celles-ci et plus la d\u00e9faite de Manuel Valls sera probable.  Rien n\u2019est moins s\u00fbr. Rien ne permet de l\u2019affirmer en tous cas. Ce calcul n\u2019a rien de scientifique. Nous pensons certes pour notre part qu\u2019Arnaud Montebourg est le mieux plac\u00e9 pour \u00eatre d\u00e9sign\u00e9. Mais ce ne sont l\u00e0 que des supputations insuffisamment fond\u00e9es. Le grand nombre des candidatures au premier tour de la \u00ab primaire \u00bb laisse pr\u00e9sager une dispersion des voix. Chacun des candidats ne fera qu\u2019un petit score d\u2019une quinzaine de pour cent (entre 10 et 20). Il suffira dans ses conditions d\u2019un nombre en v\u00e9rit\u00e9 fort limit\u00e9 de suffrages (100 000 ou moins, dans l\u2019absolu, si 2 millions d\u2019\u00e9lecteurs votent \u00e0 ces primaires) pour faire la diff\u00e9rence et assurer la qualification des candidats du deuxi\u00e8me tour. Cette circonstance rend tr\u00e8s volatils les r\u00e9sultats escompt\u00e9s, et n\u2019autorise gu\u00e8re les perspectives trop pr\u00e9cises. C\u2019est l\u2019hypoth\u00e8que math\u00e9matique qui a justifi\u00e9 la candidature express de Vincent Peillon afin de parfaire la dispersion des voix pour \u00e9viter qu\u2019un autre candidat ne se d\u00e9tache trop d\u00e8s le premier tour et prenne ainsi l\u2019ascendant sur Valls. Quant au deuxi\u00e8me tour, les Peillon, Bennhamias, De Rugy, c\u2019est le r\u00f4le qui leur est d\u00e9volu, se rallieront \u00e0 Valls apr\u00e8s avoir \u0153uvr\u00e9 \u00e0 ratisser le maximum de suffrages en sa faveur.  Alors !\u2026 Et si c\u2019\u00e9tait le contraire qui se produisait ? Si la mobilisation de la droite du PS avec le renfort de voix centristes voire de droite tout court, venues \u00e0 la rescousse assurait tout de m\u00eame la qualification de Valls ? Celui-ci ainsi investit par les \u00ab primaires citoyennes \u00bb ne deviendrait-il pas, m\u00eame s\u2019il leur agr\u00e9e mal, ce fameux candidat unique de \u00ab la gauche \u00bb que les Filochards et autres gauchistes-socialistes appellent de leurs v\u0153ux pour battre la droite \u00e0 ce qu\u2019ils disent ? Et ces \u00ab petits \u00bb malins ayant jou\u00e9 ainsi leur int\u00e9grit\u00e9 politique, \u00e0 la roulette russe ne se verraient-ils pas d\u00e8s lors, pris \u00e0 leur propre pi\u00e8ge, contraints d\u2019aller au bout de leur logique et de rallier la campagne de cet ostrogot honnis de tous ? Ne seraient-ils pas en devoir d\u00e8s-lors de nous persuader que la politique ultra lib\u00e9rale et antisociale de la droite c\u2019est tout de m\u00eame mieux quand c\u2019est \u00ab la gauche \u00bb qui la fait ?   Ils ne le feraient pas ? Rien n\u2019est moins s\u00fbr non plus. Avez-vous songez qu\u2019en pareil cas ils seraient accus\u00e9s de \u00ab jouer contre leur propre camp \u00bb, de miser \u00ab sur la d\u00e9faite de la gauche \u00bb de \u00ab favoriser le sc\u00e9nario attendu d\u2019un deuxi\u00e8me tour Fillon\/Le Pen \u00bb ? Autant d\u2019arguments forts selon leurs dispositions d\u2019esprit, de nature \u00e0 leur faire avaler la couleuvre.  Au demeurant l\u2019argument de la n\u00e9cessit\u00e9 de d\u00e9signer un candidat unique de la gauche pour assurer la victoire de celle-ci est une vaste supercherie \u00e0 deux \u00e9tages.  Premier \u00e9tage. Chacun sait bien qu\u2019une victoire \u00e9lectorale \u00ab de la gauche traditionnelle \u00bb en 2017 est impossible. La droite sociale-lib\u00e9rale du PS a trop d\u00e9moralis\u00e9 \u00ab la gauche \u00bb sociale et celle-ci va lui infliger une terrible sanction que ne peuvent plus circonvenir les gesticulations vaines de la gauche du PS qui s\u2019est couch\u00e9e \u00e0 trois reprises devant Valls et son 49-3, en refusant de faire chuter le gouvernement par une motion de censure commune avec la droite. Il ne d\u00e9pend pas de Montebourg, Filoche ou Hamon de changer \u00e0 cette \u00e9tape le cours des choses. L\u2019argument de la candidature unique pr\u00e9tendument pour permettre \u00ab la victoire de la gauche \u00bb a un autre sens v\u00e9ritable. Il s\u2019agit d\u2019une candidature unique pour sauvegarder l\u2019unit\u00e9 du PS et limiter les d\u00e9g\u00e2ts \u00e9lectoraux in\u00e9vitables. C\u2019est dire que la pr\u00e9occupation de ceux qui militent pour celle-ci est avant tout politicienne. Ils songent \u00e0 sauvegarder la place cl\u00e9 et le r\u00f4le strat\u00e9gique du PS comme cheville de la \u00ab gauche de gouvernement \u00bb et parti de l\u2019alternance politique, plus semble-t-il qu\u2019\u00e0 d\u00e9fendre les int\u00e9r\u00eats de la population laborieuse.  Deuxi\u00e8me \u00e9tage. \u00ab La victoire de la gauche \u00bb pour laquelle ils militent. Mais c\u2019est quoi la victoire de la gauche ? La victoire du Social-lib\u00e9ralisme, la politique \u00e9conomique et antisociale de la droite faite par des politiciens qui s\u2019autoproclament de gauche ? Nous en avons \u00e0 faire quoi de cette victoire-l\u00e0 ? Ce ne serait pas la n\u00f4tre, ce ne serait pas celle des travailleurs, ce ne serait pas celle de la \u00ab gauche sociale \u00bb. Ce serait celle d\u2019un parti de l\u2019illusion et du mensonge et de ses v\u00e9ritables amis du capital et de la Banque. Nous n\u2019en voulons pas de cette victoire-l\u00e0. Nous lui pr\u00e9f\u00e9rons m\u00eame la d\u00e9faite qui signerait enfin l\u2019effondrement du PS.  Supposons maintenant quelques instants, les hypoth\u00e8ses d\u2019\u00e9cole ne sont pas interdites, que Manuel Valls soit effectivement battu, qu\u2019un candidat de \u00ab la gauche du PS \u00bb, Hamon ou Montebourg soit effectivement investi par les primaires. On en appellera nous dit alors G\u00e9rard Filoche \u00e0 Jean-Luc M\u00e9lenchon et Yannick Jadot pour \u00e9crire un programme commun de gouvernent et d\u00e9signer \u00ab un candidat unique de la vraie gauche \u00bb.  Attention G\u00e9rard, pas toi ! Aurais-tu oubli\u00e9 quelques-unes de tes r\u00e9f\u00e9rences ? Ne te souviens-t-il pas que c\u2019est en \u00ab farce \u00bb le plus souvent que l\u2019Histoire se r\u00e9p\u00e8te ?  S\u2019il s\u2019agit au bout du compte de faire un programme de gouvernement et un candidat unique avec Jean-Luc M\u00e9lenchon, pourquoi subordonner cette perspective aux r\u00e9sultats et cons\u00e9quences improbables des primaires socialistes ? Pourquoi ne pas aller voir M\u00e9lenchon et discuter avec lui tout de suite des conditions du soutien \u00e0 sa candidature, du mouvement \u00ab Filoche 2017 \u00bb, donnant ainsi le signal d\u2019une mont\u00e9e en puissance de celle-ci ? Ce qui fait la force de M\u00e9lenchon dans le contexte actuel c\u2019est sa rupture totale avec le PS et le concept de \u00ab Gauche de gouvernement \u00bbqui donne de la clart\u00e9 \u00e0 son discours. Ce serait un suicide politique pour lui  que de revenir par la fen\u00eatre \u00e0 la \u00ab gauche socialiste \u00bb de brouiller de la sorte son message, de trahir ainsi les esp\u00e9rances qu\u2019il suscite et les \u00e9lecteurs dispos\u00e9s \u00e0 le rejoindre qui se sentiraient flou\u00e9s par un tel tripatouillage. Ce qui fait le potentiel de Jean-Luc M\u00e9lenchon ce n\u2019est pas un retour aux fondamentaux de la gauche, c\u2019est au contraire \u00ab la r\u00e9invention totale \u00bb, une possible recomposition d\u2019une gauche authentique d\u2019alternative sociale.   Oui, les travailleurs, les salari\u00e9s, la population laborieuse, les agriculteurs qui souffrent, \u00ab les dites classes moyennes \u00bb et tous leurs alli\u00e9s et amis peuvent \u00e0 l\u2019occasion de ces \u00e9lections pr\u00e9sidentielles obtenir une vraie victoire \u00e9lectorale, non pas en volant bien s\u00fbr \u00e0 la rescousse d\u2019un PS aux abois mais en contribuant \u00e0 le d\u00e9faire d\u00e9finitivement, ouvrant la voie \u00e0 une recomposition du paysage politique national.  Or pour cela il faut battre Manuel Valls, certes, mais non pas en se pr\u00e9cipitant pour voter aux \u00e9lections primaires de la gauche, afin en v\u00e9rit\u00e9 de sauver la cr\u00e9dibilit\u00e9 du PS. Il faut au contraire boycotter ces primaires, afin que la participation insignifiante des fran\u00e7ais \u00e0 celles-ci disqualifie le PS et le ridiculise.  Qu\u2019importe d\u00e8s-lors si Manuel Valls tirait son \u00e9pingle du jeu des primaires dans de telles conditions, ce serait un bien mauvais d\u00e9part pour affronter l\u2019\u00e9preuve du premier tour des Pr\u00e9sidentielles o\u00f9 il s\u2019effondrerait entrainant son parti dans sa chute.  La route serait enfin libre pour travailler \u00e0 la recomposition d\u2019une vraie gauche de transformation sociale, et \u00e0 l\u2019\u00e9tape actuelle il ne fait gu\u00e8re de doute que Jean-Luc M\u00e9lenchon est une composante et une chance essentielle de celle-ci.  Patrick Seignon. \u00ab lavoiedessansvoix.fr \u00bb Samedi 7 Janvier 2017<\/p>\n","protected":false},"excerpt":{"rendered":"<p>DE LA BONNE M\u00c9THODE POUR BATTRE VALLS Les fran\u00e7ais dans leur grande majorit\u00e9 ne souhaitaient pas que l\u2019actuel Pr\u00e9sident de [&hellip;]<\/p>\n","protected":false},"author":1,"featured_media":4475,"comment_status":"open","ping_status":"open","sticky":false,"template":"","format":"standard","meta":{"sfsi_plus_gutenberg_text_before_share":"","sfsi_plus_gutenberg_show_text_before_share":"","sfsi_plus_gutenberg_icon_type":"","sfsi_plus_gutenberg_icon_alignemt":"","sfsi_plus_gutenburg_max_per_row":"","site-sidebar-layout":"default","site-content-layout":"","ast-site-content-layout":"default","site-content-style":"default","site-sidebar-style":"default","ast-global-header-display":"","ast-banner-title-visibility":"","ast-main-header-display":"","ast-hfb-above-header-display":"","ast-hfb-below-header-display":"","ast-hfb-mobile-header-display":"","site-post-title":"","ast-breadcrumbs-content":"","ast-featured-img":"","footer-sml-layout":"","ast-disable-related-posts":"","theme-transparent-header-meta":"","adv-header-id-meta":"","stick-header-meta":"","header-above-stick-meta":"","header-main-stick-meta":"","header-below-stick-meta":"","astra-migrate-meta-layouts":"default","ast-page-background-enabled":"default","ast-page-background-meta":{"desktop":{"background-color":"var(--ast-global-color-4)","background-image":"","background-repeat":"repeat","background-position":"center center","background-size":"auto","background-attachment":"scroll","background-type":"","background-media":"","overlay-type":"","overlay-color":"","overlay-opacity":"","overlay-gradient":""},"tablet":{"background-color":"","background-image":"","background-repeat":"repeat","background-position":"center center","background-size":"auto","background-attachment":"scroll","background-type":"","background-media":"","overlay-type":"","overlay-color":"","overlay-opacity":"","overlay-gradient":""},"mobile":{"background-color":"","background-image":"","background-repeat":"repeat","background-position":"center center","background-size":"auto","background-attachment":"scroll","background-type":"","background-media":"","overlay-type":"","overlay-color":"","overlay-opacity":"","overlay-gradient":""}},"ast-content-background-meta":{"desktop":{"background-color":"var(--ast-global-color-5)","background-image":"","background-repeat":"repeat","background-position":"center center","background-size":"auto","background-attachment":"scroll","background-type":"","background-media":"","overlay-type":"","overlay-color":"","overlay-opacity":"","overlay-gradient":""},"tablet":{"background-color":"var(--ast-global-color-5)","background-image":"","background-repeat":"repeat","background-position":"center center","background-size":"auto","background-attachment":"scroll","background-type":"","background-media":"","overlay-type":"","overlay-color":"","overlay-opacity":"","overlay-gradient":""},"mobile":{"background-color":"var(--ast-global-color-5)","background-image":"","background-repeat":"repeat","background-position":"center center","background-size":"auto","background-attachment":"scroll","background-type":"","background-media":"","overlay-type":"","overlay-color":"","overlay-opacity":"","overlay-gradient":""}},"footnotes":""},"categories":[16],"tags":[],"class_list":["post-890","post","type-post","status-publish","format-standard","has-post-thumbnail","hentry","category-archives-cms"],"_links":{"self":[{"href":"https:\/\/lavoiedessansvoix.fr\/lavoie\/wp-json\/wp\/v2\/posts\/890","targetHints":{"allow":["GET"]}}],"collection":[{"href":"https:\/\/lavoiedessansvoix.fr\/lavoie\/wp-json\/wp\/v2\/posts"}],"about":[{"href":"https:\/\/lavoiedessansvoix.fr\/lavoie\/wp-json\/wp\/v2\/types\/post"}],"author":[{"embeddable":true,"href":"https:\/\/lavoiedessansvoix.fr\/lavoie\/wp-json\/wp\/v2\/users\/1"}],"replies":[{"embeddable":true,"href":"https:\/\/lavoiedessansvoix.fr\/lavoie\/wp-json\/wp\/v2\/comments?post=890"}],"version-history":[{"count":1,"href":"https:\/\/lavoiedessansvoix.fr\/lavoie\/wp-json\/wp\/v2\/posts\/890\/revisions"}],"predecessor-version":[{"id":3799,"href":"https:\/\/lavoiedessansvoix.fr\/lavoie\/wp-json\/wp\/v2\/posts\/890\/revisions\/3799"}],"wp:featuredmedia":[{"embeddable":true,"href":"https:\/\/lavoiedessansvoix.fr\/lavoie\/wp-json\/wp\/v2\/media\/4475"}],"wp:attachment":[{"href":"https:\/\/lavoiedessansvoix.fr\/lavoie\/wp-json\/wp\/v2\/media?parent=890"}],"wp:term":[{"taxonomy":"category","embeddable":true,"href":"https:\/\/lavoiedessansvoix.fr\/lavoie\/wp-json\/wp\/v2\/categories?post=890"},{"taxonomy":"post_tag","embeddable":true,"href":"https:\/\/lavoiedessansvoix.fr\/lavoie\/wp-json\/wp\/v2\/tags?post=890"}],"curies":[{"name":"wp","href":"https:\/\/api.w.org\/{rel}","templated":true}]}}