{"id":889,"date":"2017-01-10T09:12:00","date_gmt":"2017-01-10T08:12:00","guid":{"rendered":"https:\/\/lavoiedessansvoix.fr\/lavoie\/2017\/01\/10\/archive-mein-kampf-la-bible-du-diable\/"},"modified":"2026-04-26T21:40:45","modified_gmt":"2026-04-26T19:40:45","slug":"archive-mein-kampf-la-bible-du-diable","status":"publish","type":"post","link":"https:\/\/lavoiedessansvoix.fr\/lavoie\/2017\/01\/10\/archive-mein-kampf-la-bible-du-diable\/","title":{"rendered":"\u00ab MEIN KAMPF \u00bb,  LA BIBLE DU DIABLE ?"},"content":{"rendered":"<p>\u00ab MEIN KAMPF \u00bb,LA BIBLE DU DIABLE ?   Interdit 70 ans durant, et \u00e0 pr\u00e9sent r\u00e9\u00e9dit\u00e9 \u00ab Mein Kampf \u00bb auraient \u00e9t\u00e9 vendu \u00e0 plus de 80 millions d\u2019exemplaires, et traduit en 16 langues, depuis sa premi\u00e8re parution en 1925 (source Wikip\u00e9dia). Malgr\u00e9 son bannissement l\u2019ouvrage circulait encore \u00ab sous le manteau \u00bb et ceux qui le voulaient vraiment pouvait se le procurer.  Depuis le 1er janvier 2016, 70 ans comme il convient, apr\u00e8s la mort d\u2019Hitler, son livre est tomb\u00e9 dans le domaine public et a d\u00e9j\u00e0 \u00e9t\u00e9 r\u00e9\u00e9dit\u00e9, en particulier en Allemagne, mais avec de longs avertissements et mises en gardes, dans une version expurg\u00e9e et abondamment annot\u00e9e (3500 notes). Une \u00e9dition fran\u00e7aise, ainsi encadr\u00e9e, chez Fayard doit voir bient\u00f4t le jour. Les lecteurs sont donc trait\u00e9s comme des mineurs ou des esprits faibles, qu\u2019il convient d\u2019accompagner dans leur lecture et auxquels il faut expliquer ce qu\u2019ils doivent lire et ce qu\u2019il est de bon ton d\u2019en penser.  Ces \u00ab directeurs de conscience la\u00efques \u00bb, se croient investis de la responsabilit\u00e9 de notre sant\u00e9 mentale et de notre moralit\u00e9. Certains m\u00eame voudraient interdire purement et simplement la r\u00e9\u00e9dition. Mais que craignent-ils tant ? Qu\u2019en lisant \u00ab Mein Kampf \u00bb nos cerveaux mal faits tombent sous l\u2019emprise de la pens\u00e9e hitl\u00e9rienne ? Croient-ils vraiment que le livre du peintre rat\u00e9 de Munich est un ouvrage diabolique avec des pouvoirs mal\u00e9fiques ?   Ou bien nos \u00ab tuteurs \u00bb nous prendraient-ils pour des enfants d\u00e9biles ? Vous \u00eates comme moi amis lecteurs, vous avez peut-\u00eatre lu les \u00ab Proph\u00e9ties \u00bb de Michel De Nostradamus et ne pensez pas \u00eatre devenu tar\u00e9s. Vous avez peut-\u00eatre lu la Bible et les \u00e9vangiles et ne pensez pas \u00eatre devenu idiots. Vous avez peut-\u00eatre lu les contes des mille et une nuits n\u2019avez jamais cru \u00e0 l\u2019oiseau Roc. Vous avez peut-\u00eatre lu \u00ab la proph\u00e9tie des Andes \u00bb et ne pensez pas \u00eatre devenu d\u00e9biles. Pourquoi deviendrions-nous-\u00e0 pr\u00e9sent hitl\u00e9riens ou antis\u00e9mites par la lecture de \u00ab Mein Kampf \u00bb ? Ceux qui prennent ainsi leurs contemporains pour des d\u00e9biles et entendent diligenter leurs lectures et r\u00e9genter leur mani\u00e8re de penser, sont des autocrates assum\u00e9s ou qui s\u2019ignorent. Ils aspirent \u00e0 diriger les peuples de la mani\u00e8re dont les bergers conduisent leurs troupeaux de moutons. J\u2019ai pour ma part l\u2019habitude de faire confiance \u00e0 mes contemporains et de ne douter ni de leur \u00ab bon sens \u00bb ni leur libre arbitre  Or une question est pos\u00e9e : \u00e0 quel titre vraiment et sur les bases de qu\u2019elles interpr\u00e9tations morales intangibles et quelles versions indiscutables de l\u2019Histoire, qui sont probablement les leurs, s\u2019autorisent-ils \u00e0 nous vouloir dicter notre propre mani\u00e8re d\u2019appr\u00e9hender les faits et de penser les choses ? Ne se rendent-ils pas compte ces grands donneurs de le\u00e7ons d\u00e9mocratique qu\u2019ils ont chu de la sorte dans \u00ab la pens\u00e9e dirigiste \u00bb qui rel\u00e8ve du \u00ab formatage \u00bb des populations et  de l\u2019enr\u00e9gimentement des esprits ?   La morale n\u2019est pas une v\u00e9rit\u00e9 r\u00e9v\u00e9l\u00e9e et fig\u00e9e, elle est historique, c\u2019est dire qu\u2019elle varie et \u00e9volue se transforme avec les contextes sociaux et les \u00e9poques, quand \u00e0 l\u2019histoire elle-m\u00eame ce n\u2019est pas non plus une v\u00e9rit\u00e9 dogmatique ou r\u00e9v\u00e9l\u00e9e, elle est au contraire multiple et diverse et rel\u00e8ve de plusieurs v\u00e9rit\u00e9s souvent contradictoires. Vouloir la r\u00e9tr\u00e9cir a un format unique valable pour tous, c\u2019est la tuer, la r\u00e9duire \u00e0 l\u2019\u00e9tat de \u00ab Roman \u00bb ou de \u00ab doctrine \u00bb.  Mais pourquoi donc, quel imp\u00e9rieux besoin ont-ils de vouloir mettre ainsi l\u2019opinion sous tutelle ? Dans la lign\u00e9e des \u00ab lois m\u00e9morielles \u00bb, la pens\u00e9e unique dominante ne voudrait-elle pas \u00e0 pr\u00e9sent nous imposer une \u00ab histoire officielle \u00bb ? \u00ab Un nouveau roman international \u00bb ?   La v\u00e9rit\u00e9 sur le sens de leur conduite, la voici.   Ces directeurs de conscience, ces tuteurs, ces \u00ab responsables politique \u00bb, ces intellectuels imbus de leur savoir, tellement soucieux de notre sant\u00e9 intellectuelle et morale ont comme soucis en v\u00e9rit\u00e9 de nous d\u00e9tourner du chemin de la v\u00e9rit\u00e9 Historique.  Nous avons dans nos pages \u00e0 plusieurs reprises d\u00e9j\u00e0 d\u00e9nonc\u00e9 le subterfuge Historique qui consiste \u00e0 diaboliser Hitler pour mieux brouiller la v\u00e9rit\u00e9 historique. (Voir nos articles ; \u00ab Apocalypse Hitler une \u0153uvre de falsification de l(Histoire \u00bb (31 ao\u00fbt 2011) \u00ab rediffus\u00e9e, \u00ab Apocalypse Hitler \u00bb reste une v\u00e9ritable \u0153uvre de falsification de l(Histoire \u00bb (18 11 2013) \u00ab Apocalypse Kassovitz \u00bb (5\/ 11 : 2015) Etc.    ) Les pouvoirs de conviction surnaturels qu\u2019ils s\u2019efforcent, par calcul pour certains, ou par niaiserie pour d\u2019autres, d\u2019attribuer \u00e0 Mein Kampf rel\u00e8vent de la m\u00eame probl\u00e9matique. Nous l\u2019avons dit pour Hitler, comme il en va de tous les personnages historique, ce sont moins eux qui font l\u2019histoire que l\u2019histoire qui les fait \u00e0 la mesure de ses besoins. Il en va bien s\u00fbr de m\u00eame des livres. Aucun d\u2019eux n\u2019a jamais fait l\u2019histoire, c\u2019est l\u2019histoire qui les a fait ou tout au moins \u00ab souffl\u00e9 \u00bb \u00e0 leurs auteurs.  Et c\u2019est de cette r\u00e9flexion pr\u00e9cis\u00e9ment qu\u2019ils veulent nous pr\u00e9munir car c\u2019est le s\u00e9same de l\u2019acc\u00e8s \u00e0 la raison qui ouvre \u00e0 ceux qui en font usage des d\u00e9couvertes et des v\u00e9rit\u00e9s que nos directeurs de conscience pr\u00e9f\u00e9reraient que l\u2019on ignore.  C\u2019est Hitler certes qui a \u00e9crit \u00ab Mein Kampf \u00bb, mais ce n\u2019est pas Hitler ni Mein Kampf qui ont invent\u00e9 seuls la version allemande du fascisme que fut le nazisme. Et il est trop facile d\u2019incriminer les seules responsabilit\u00e9s d\u2019Hitler, de \u00ab Mein Kampf \u00bb du Nazisme et m\u00eame de l\u2019Allemagne, dans la naissance du troisi\u00e8me Reich, le d\u00e9clenchement de la deuxi\u00e8me guerre mondiale ou les calamit\u00e9s qui en ont r\u00e9sult\u00e9. Les responsabilit\u00e9s sont plus \u00e9tendues et mieux partag\u00e9es que cela. C\u2019est l\u2019Histoire et ses nombreux acteurs, ce sont les conditions et le contexte historique tout entier qu\u2019il convient d\u2019incriminer. Et quel \u00e9tait-il alors ? Sur fond de guerre mondiale et d\u2019extermination de la jeunesse europ\u00e9enne, la survenance de la r\u00e9volution d\u2019octobre victorieuse en Russie. Puis la d\u00e9faite allemande pr\u00e9cipit\u00e9e par la r\u00e9volution de novembre 1918, et l\u2019\u00e9bullition r\u00e9volutionnaire qui s\u2019emparait de toute l\u2019Europe, L\u2019odieuse R\u00e9publique de Weimar \u00e9difi\u00e9e sur la capitulation de l\u2019Allemagne et le sang des ouvriers et marins r\u00e9volutionnaires. Le calamiteux trait\u00e9 de Versailles qui mettait l\u2019Allemagne en coupe r\u00e9gl\u00e9e et l\u2019humiliait. La trahison Social-d\u00e9mocrate qui assassinait trois R\u00e9volutions allemandes (1918, 1919 r\u00e9volution spartakiste, 1923 ) d\u00e9moralisant ainsi le peuple face \u00e0 la mont\u00e9e de l\u2019Hitl\u00e9risme et recrutant avec les \u00ab groupes francs \u00bb les premiers \u00e9l\u00e9ments de ce qui allait devenir les SA (troupes de chocs du parti nazi)  Et ultime humiliation et catastrophe \u00e9conomique, l\u2019occupation de la Ruhr par la France et enfin la crise \u00e9conomique de 1929. A quoi il faut ajouter les soutiens des USA et du Royaume Uni sous la direction de Chamberlain qui contribu\u00e8rent au rel\u00e8vement \u00e9conomique et militaire de l\u2019Allemagne, afin entre autre, de contenir les pr\u00e9tentions et l\u2019arrogance Fran\u00e7aise. La conduite ignominieuse du Vatican (Pie XI et XII) empress\u00e9s d\u2019enr\u00f4ler dans une nouvelle croisade pour r\u00e9gler le compte des \u00ab sans-dieux \u00bb des Soviets les l\u00e9gions allemandes de l\u2019apocalypse divin. Et les calculs non moins cyniques des dirigeants europ\u00e9ens Anglais et Fran\u00e7ais, voyant eux aussi dans le grand Reich la machine de guerre qui viendrait \u00e0 bout de la r\u00e9volution bolch\u00e9vique (d\u2019o\u00f9 la dr\u00f4le de guerre). Quant \u00e0 l\u2019antis\u00e9mitisme lui-m\u00eame, instrumentalis\u00e9 par Hitler jusqu\u2019\u00e0 l\u2019horreur de la version  paroxystique \u00bb de la solution finale, il n\u2019a pas \u00e9tait invent\u00e9 par l\u2019auteur de Mein Kampf, il pr\u00e9existait, avait \u00e9t\u00e9 fond\u00e9 et justifi\u00e9 par les religions du Christ, les p\u00e8res de l\u2019\u00e9glise le concile de Nic\u00e9e entre autre, en 325, valid\u00e9 par Luther m\u00eame, et par les Monarchies europ\u00e9enne d\u2019inspiration Chr\u00e9tiennes. Afin d\u2019att\u00e9nuer la responsabilit\u00e9 des \u00e9glises dans la gen\u00e8se de l\u2019antis\u00e9mitisme, les intellectuels d\u2019aujourd\u2019hui s\u2019efforcent de faire une distinction exag\u00e9r\u00e9e entre \u00ab l\u2019antijuda\u00efsme \u00bb des origines, \u00e0 caract\u00e8re religieux, et l\u2019antis\u00e9mitisme moderne \u00e0 caract\u00e8re \u00ab raciste \u00bb. Pourtant l\u2019autre ne s\u2019explique pas sans l\u2019un, et il est clair que les \u00e9glises ont \u00e9t\u00e9 un terreau fertile du recrutement de la quasi-totalit\u00e9 des acteurs de l\u2019antis\u00e9mitisme en Europe. La Chasse aux Juifs, d\u2019apr\u00e8s la premi\u00e8re guerre mondiale, a commenc\u00e9 longtemps avant Hitler, sous la forme de la chasse aux \u00ab Jud\u00e9o communistes \u00bb, conduite par le G\u00e9n\u00e9ral blanc Denikine en Russie ou l\u2019Amiral Horthy en Hongrie. Et l\u2019un des pires griefs que Hitler lui-m\u00eame adressait aux juifs \u00e9tait de m\u00eame leur \u00ab jud\u00e9o communisme \u00bb c\u2019est \u00e0 dire leur engagement en masse dans le mouvement communiste international. Les premiers occupants des camps de concentration nazis ne furent d\u2019ailleurs pas les juifs en cette qualit\u00e9, mais les communistes (et jud\u00e9o-communistes \u00bb bien entendu), et les syndicalistes allemands.  Le fascisme et sa d\u00e9clinaison allemande le nazisme, furent des armes de guerre sociale dont s\u2019empar\u00e8rent les dirigeants capitalistes d\u2019Europe pour conjurer la r\u00e9volution ouvri\u00e8re. C\u2019est dans ce contexte qu\u2019Hitler et \u00ab Mein Kampf \u00bb purent prosp\u00e9rer et convaincre et non pas \u00e0 cause des pr\u00e9tendus pouvoirs de conviction surnaturels de l\u2019homme ou de son livre.  Si l\u2019on ne dit pas tout cela on falsifie la v\u00e9rit\u00e9 et rend inintelligible  le d\u00e9roulement de l\u2019Histoire.   Mais quand on dit tout cela on d\u00e9signe la lourde responsabilit\u00e9 partag\u00e9 de tous ceux qui voudraient se pr\u00e9senter aujourd\u2019hui comme de simples victimes de ce \u00ab fou \u00bb parano\u00efaque et m\u00e9galomane, qu\u2019\u00e9tait Hitler selon eux. Ce diable d\u2019homme qui avec son livre mal\u00e9fique aurait envout\u00e9 seul une grande nation toute enti\u00e8re, et m\u00eame au-del\u00e0. Ils aspirent \u00e0 d\u00e9tourner de la sorte l\u2019attention et faire oublier leurs propres conduites criminelles. Ils veulent surtout mettre \u00e0 l\u2019abri de l\u2019accusateur public et du jugement de l\u2019Histoire \u00ab leur syst\u00e8me capitaliste \u00bb et \u00ab la sacro-sainte propri\u00e9t\u00e9 priv\u00e9e des moyens de production \u00bb, tant v\u00e9n\u00e9r\u00e9s, dont le souci de sauvegarde explique leur complicit\u00e9s directes ou indirecte avec les fascismes en g\u00e9n\u00e9ral et le nazisme en particulier.  Ceux qui ont compris cela peuvent lire Mein Kampf dans sa version originale non expurg\u00e9e et non annot\u00e9e, l\u2019antidote de la raison les a pr\u00e9munis contre le Diable Ils n\u2019ont plus aucun risque d\u2019en \u00eatre poss\u00e9d\u00e9.  Patrick Seignon. \u00ab lavoiedessansvoix.fr \u00bb. Lundi 9 janvier 2017.<\/p>\n","protected":false},"excerpt":{"rendered":"<p>\u00ab MEIN KAMPF \u00bb,LA BIBLE DU DIABLE ? Interdit 70 ans durant, et \u00e0 pr\u00e9sent r\u00e9\u00e9dit\u00e9 \u00ab Mein Kampf \u00bb [&hellip;]<\/p>\n","protected":false},"author":1,"featured_media":4474,"comment_status":"open","ping_status":"open","sticky":false,"template":"","format":"standard","meta":{"sfsi_plus_gutenberg_text_before_share":"","sfsi_plus_gutenberg_show_text_before_share":"","sfsi_plus_gutenberg_icon_type":"","sfsi_plus_gutenberg_icon_alignemt":"","sfsi_plus_gutenburg_max_per_row":"","site-sidebar-layout":"default","site-content-layout":"","ast-site-content-layout":"default","site-content-style":"default","site-sidebar-style":"default","ast-global-header-display":"","ast-banner-title-visibility":"","ast-main-header-display":"","ast-hfb-above-header-display":"","ast-hfb-below-header-display":"","ast-hfb-mobile-header-display":"","site-post-title":"","ast-breadcrumbs-content":"","ast-featured-img":"","footer-sml-layout":"","ast-disable-related-posts":"","theme-transparent-header-meta":"","adv-header-id-meta":"","stick-header-meta":"","header-above-stick-meta":"","header-main-stick-meta":"","header-below-stick-meta":"","astra-migrate-meta-layouts":"default","ast-page-background-enabled":"default","ast-page-background-meta":{"desktop":{"background-color":"var(--ast-global-color-4)","background-image":"","background-repeat":"repeat","background-position":"center center","background-size":"auto","background-attachment":"scroll","background-type":"","background-media":"","overlay-type":"","overlay-color":"","overlay-opacity":"","overlay-gradient":""},"tablet":{"background-color":"","background-image":"","background-repeat":"repeat","background-position":"center center","background-size":"auto","background-attachment":"scroll","background-type":"","background-media":"","overlay-type":"","overlay-color":"","overlay-opacity":"","overlay-gradient":""},"mobile":{"background-color":"","background-image":"","background-repeat":"repeat","background-position":"center center","background-size":"auto","background-attachment":"scroll","background-type":"","background-media":"","overlay-type":"","overlay-color":"","overlay-opacity":"","overlay-gradient":""}},"ast-content-background-meta":{"desktop":{"background-color":"var(--ast-global-color-5)","background-image":"","background-repeat":"repeat","background-position":"center center","background-size":"auto","background-attachment":"scroll","background-type":"","background-media":"","overlay-type":"","overlay-color":"","overlay-opacity":"","overlay-gradient":""},"tablet":{"background-color":"var(--ast-global-color-5)","background-image":"","background-repeat":"repeat","background-position":"center center","background-size":"auto","background-attachment":"scroll","background-type":"","background-media":"","overlay-type":"","overlay-color":"","overlay-opacity":"","overlay-gradient":""},"mobile":{"background-color":"var(--ast-global-color-5)","background-image":"","background-repeat":"repeat","background-position":"center center","background-size":"auto","background-attachment":"scroll","background-type":"","background-media":"","overlay-type":"","overlay-color":"","overlay-opacity":"","overlay-gradient":""}},"footnotes":""},"categories":[16],"tags":[],"class_list":["post-889","post","type-post","status-publish","format-standard","has-post-thumbnail","hentry","category-archives-cms"],"_links":{"self":[{"href":"https:\/\/lavoiedessansvoix.fr\/lavoie\/wp-json\/wp\/v2\/posts\/889","targetHints":{"allow":["GET"]}}],"collection":[{"href":"https:\/\/lavoiedessansvoix.fr\/lavoie\/wp-json\/wp\/v2\/posts"}],"about":[{"href":"https:\/\/lavoiedessansvoix.fr\/lavoie\/wp-json\/wp\/v2\/types\/post"}],"author":[{"embeddable":true,"href":"https:\/\/lavoiedessansvoix.fr\/lavoie\/wp-json\/wp\/v2\/users\/1"}],"replies":[{"embeddable":true,"href":"https:\/\/lavoiedessansvoix.fr\/lavoie\/wp-json\/wp\/v2\/comments?post=889"}],"version-history":[{"count":1,"href":"https:\/\/lavoiedessansvoix.fr\/lavoie\/wp-json\/wp\/v2\/posts\/889\/revisions"}],"predecessor-version":[{"id":3797,"href":"https:\/\/lavoiedessansvoix.fr\/lavoie\/wp-json\/wp\/v2\/posts\/889\/revisions\/3797"}],"wp:featuredmedia":[{"embeddable":true,"href":"https:\/\/lavoiedessansvoix.fr\/lavoie\/wp-json\/wp\/v2\/media\/4474"}],"wp:attachment":[{"href":"https:\/\/lavoiedessansvoix.fr\/lavoie\/wp-json\/wp\/v2\/media?parent=889"}],"wp:term":[{"taxonomy":"category","embeddable":true,"href":"https:\/\/lavoiedessansvoix.fr\/lavoie\/wp-json\/wp\/v2\/categories?post=889"},{"taxonomy":"post_tag","embeddable":true,"href":"https:\/\/lavoiedessansvoix.fr\/lavoie\/wp-json\/wp\/v2\/tags?post=889"}],"curies":[{"name":"wp","href":"https:\/\/api.w.org\/{rel}","templated":true}]}}