{"id":888,"date":"2017-01-15T02:12:00","date_gmt":"2017-01-15T01:12:00","guid":{"rendered":"https:\/\/lavoiedessansvoix.fr\/lavoie\/2017\/01\/15\/archive-v-ux-2017-de-la-voie-des-sans-voix\/"},"modified":"2026-04-26T21:40:34","modified_gmt":"2026-04-26T19:40:34","slug":"archive-v-ux-2017-de-la-voie-des-sans-voix","status":"publish","type":"post","link":"https:\/\/lavoiedessansvoix.fr\/lavoie\/2017\/01\/15\/archive-v-ux-2017-de-la-voie-des-sans-voix\/","title":{"rendered":"V\u0152UX 2017  DE LA VOIE DES SANS VOIX"},"content":{"rendered":"<p>V\u0152UX 2017 DE LA VOIE DES SANS VOIX66     La calamiteuse ann\u00e9e 2016 s\u2019est achev\u00e9e voil\u00e0 une quinzaine. De profundis !    Avec elle s\u2019ach\u00e8ve aussi les calamiteux mandats de Monsieur Barak Obama le Prix Nobel de la Paix qui a r\u00e9pandu les haines le sang et les destructions dans tous le Moyen-Orient et en Europe. Avec elle s\u2019ach\u00e8vera bient\u00f4t aussi le non moins calamiteux mandat de son collaborateur et subordonn\u00e9, Fran\u00e7ois Hollande, le Proconsul de la \u00ab Francie \u00bb cette lointaine province outre Atlantique de l\u2019Empire Am\u00e9ricain.     L\u2019ann\u00e9e 2017 commence donc pour les fran\u00e7ais par une note de bonne humeur. Dans quelques semaines en effet prendra fin l\u2019heureusement unique quinquennat de Fran\u00e7ois Hollande, l\u2019homme qui au nom de la d\u00e9mocratie des droits de l\u2019homme et de la dignit\u00e9 de la femme a contribu\u00e9 \u00e0 d\u00e9truire la Syrie la\u00efque et li\u00e9 des amiti\u00e9s ind\u00e9fectibles avec la Monarchie Wahhabite.    Bon je ne vais pas m\u2019\u00e9tendre d\u2019avantage ? Je ne passerais pas en revue toutes les calamit\u00e9s que l\u2019on doit \u00e0 ces deux sinistres comp\u00e8res. Tous deux quittent la sc\u00e8ne dans l\u2019opprobre et le d\u00e9shonneur. Tous deux en guise de r\u00e9v\u00e9rence administrent \u00e0 la face du monde l\u2019ultime preuve de leur petitesse minable et m\u00e9chante. L\u2019un qui pour justifier sa d\u00e9faite \u00e9lectorale et le d\u00e9sastre de sa politique internationale n\u2019a d\u2019autre explication que le complot Russe, l\u2019autre qui s\u2019en va en Irak pr\u00e9dire \u00e0 bon compte (Se sont la Syrie et la Russie qui ont fait l\u2019essentiel des sacrifices et du boulot) \u00ab la d\u00e9faite du terrorisme \u00bb dont il fut cinq ans durant un des meilleurs pourvoyeurs et soutien politique. Tous deux vous l\u2019avez remarqu\u00e9, dans une tentative d\u00e9sesp\u00e9r\u00e9e de nous faire \u00ab prendre les vessies pour des lanternes \u00bb, recourent \u00e0 la m\u00e9thode Cou\u00e9, \u00e0 l\u2019autosatisfaction. Obama organise un grand show m\u00e9diatique \u00e0 sa propre gloire et Hollande va en Afrique o\u00f9 \u00ab il a fait 32 visites officielles \u00bb, regretter un \u00ab certain go\u00fbt d\u2019inachev\u00e9 \u00bb. Qu\u2019il y reste donc, qu\u2019il se fasse \u00e9lire en Centre Afrique, avec quelques magouilles onusiennes, le soutien am\u00e9ricains et quelques h\u00e9licopt\u00e8res militaires, c\u2019est tout \u00e0 fait possible l\u00e0-bas. Ici il est grill\u00e9.    Ces deux hommes ont leurs places r\u00e9serv\u00e9es dans l\u2019enfer de la m\u00e9moire humaine.    Lib\u00e9r\u00e9s d\u2019eux est-on pour autant en droit d\u2019\u00eatre optimistes ? Peut-on supputer que l\u2019ann\u00e9e 2017, par d\u00e9faut au moins, sera meilleure ?    Ne nous faites pas dire ce que nous n\u2019avons pas dit.  2017 meilleure cela ne veut pas dire \u00ab bonne \u00bb ni sans dangers. Cela veut seulement dire que la politique internationale des USA et par induction, de la France, va changer de cap et les tensions internationales d\u00e9cro\u00eetre un temps au moins. Mais le fond de la question c\u2019est l\u2019accumulation capitaliste faiseuse d\u2019in\u00e9galit\u00e9s et de mis\u00e8re, et l\u2019imp\u00e9rialisme son stade supr\u00eame de putrescence, \u00ab qui porte la guerre en lui comme la nu\u00e9e porte l\u2019orage \u00bb ainsi que l\u2019a dit jean Jaur\u00e8s. Cela c\u2019est le fond et cela ne va pas changer et tous les maux et les dangers qui en r\u00e9sultent vont rester entiers. Le spectre de la guerre mondiale qu\u2019Obama et Hollande ont r\u00e9inscrit \u00e0 l\u2019ordre du jour continuera de planer encore quelques temps sur l\u2019humanit\u00e9.    En France nous allons voter, certes, et nous donner un nouveau Pr\u00e9sident. Mais il est ais\u00e9 de savoir par avance que celui-ci comme le pr\u00e9c\u00e9dent ne sera qu\u2019un fond\u00e9 d\u2019affaire des m\u00eames pouvoirs r\u00e9els, la banque et le capital, pour faire \u00e0 leur profit une politique toujours semblable.    Attention ! Ce n\u2019est pas \u00eatre pessimiste que de dire cela. Je n\u2019ai nullement l\u2019intention d\u2019ajouter une couche d\u2019inqui\u00e9tude \u00e0 la situation anxiog\u00e8ne que nous vivons. J\u2019ai dit qu\u2019il en va ainsi des \u00e9lections pr\u00e9sidentielles qui rel\u00e8vent d\u2019un syst\u00e8me fait pour assurer la continuit\u00e9 du pouvoir r\u00e9el au service du noyau dirigeant de la classe capitaliste. J\u2019ai dit qu\u2019il en serait ainsi de 2017. Je n\u2019ai pas dit qu\u2019il en serait toujours ainsi. L\u2019espoir existe, il est permis, il est dans l\u2019indignation populaire qui grandit et dans les mobilisations et les luttes qu\u2019elle engendrera \u00e0 un moment ou l\u2019autre.    Si les prochaines \u00e9lections pr\u00e9sidentielles en toute probabilit\u00e9 porteront au sommet de l\u2019\u00c9tat, un homme du syst\u00e8me qui assurera la continuit\u00e9 de celui-ci, et si \u00e0 ce titre il convient de ne pas donner trop d\u2019importance \u00e0 cette nomination \u00e9lective ni de cr\u00e9dit aux promesses et illusions sur \u00ab le changement \u00bb qui en r\u00e9sultera, cela ne veut pas dire pour autant qu\u2019il n\u2019y a rien \u00e0 attendre de ce scrutin. De grands bouleversements peuvent en r\u00e9sulter tout de m\u00eame dans le paysage politique de notre pays et pour l\u2019avenir de nos institutions.    Cela peut advenir par l\u2019entremise du Front National. La projection probable de celui-ci comme premi\u00e8re force politique du pays, ind\u00e9pendamment de sa victoire ou pas, doit en toute logique pr\u00e9cipiter une crise institutionnelle, ne serait-ce que parce que l\u2019alternance pour fonctionner a besoin du bipartisme : \u00ab Bi \u00bb comme deux, et non pas \u00ab tri \u00bb. Or, dans la situation de d\u00e9sarroi des \u00e9lecteurs populaires et de d\u00e9sarticulation du PS et de la Gauche, la victoire \u00e9lectorale de Marine Le Pen, au deuxi\u00e8me tour n\u2019est pas \u00e0 exclure, qui rendrait cette crise institutionnelle plus probable encore*. Le grand coup de balais n\u00e9cessaire et la \u00ab r\u00e9initialisation \u00bb du jeu politique fran\u00e7ais en r\u00e9sulterait.    Ce n\u2019est certes pas le sc\u00e9nario qui nous agr\u00e9e. La victoire \u00e9lectorale de \u00ab\u00a0la droite dure\u00a0\u00bb ne ferait qu\u2019accroitre le d\u00e9sastre de la gauche sociale et des classes populaires. Mais si l\u2019histoire choisit d\u2019emprunter ce chemin, il ne servira \u00e0 rien d\u2019\u00e9ructer ni de g\u00e9mir. Il sera d\u00e8s lors bien plus utile et intelligent, de tirer toutes les conclusions qui s\u2019imposeront de la responsabilit\u00e9 de \u00ab la gauche \u00bb dans cet aboutissement, et de chercher activement les voies possibles pour la recomposition d\u2019une vraie gauche de transformation sociale apte \u00e0 relever ce terrible d\u00e9fi.    Mais un autre sc\u00e9nario peut se produire, l\u2019arriv\u00e9e largement en t\u00eate au premier tour des pr\u00e9sidentielles, devant tous les autres candidats \u00ab de gauche \u00bb, de Jean-Luc M\u00e9lenchon. Et s\u2019il restait dans ce cas tout \u00e0 fait improbable que Monsieur M\u00e9lenchon puisse figurer au deuxi\u00e8me tour, il n\u2019en serait pas moins vrai que cela pr\u00e9cipiterait une profonde crise du PS et peut-\u00eatre m\u00eame sa disparition, ouvrant grandes les portes pour cette recomposition de la vraie gauche de transformation sociale dont nous avons parl\u00e9 ci-dessus.    Une vrai gauche de transformation sociale, qui termine les tenailles mortif\u00e8res de l\u2019alternance politique, enterre le bipartisme, et rouvre la perspective d\u2019une v\u00e9ritable mobilisation sociale \u00ab \u00e0 l\u2019\u00e9tape actuelle il ne fait gu\u00e8re de doute que Jean-Luc M\u00e9lenchon est une composante et une chance essentielle de celle-ci. \u00bb avons-nous \u00e9crit le samedi 7 Janvier 2017 (DE LA BONNE METHODE POUR BATTRE MANUEL VALLS)    Il n\u2019y a pas de \u00ab sauveur supr\u00eame \u00bb, ni Fillion, ni Marine, ni m\u00eame M\u00e9lenchon. C\u2019est sur leurs luttes, leurs mobilisations, la prise en charge de leur propre destin par eux-m\u00eames que les peuples doivent compter. Et si M\u00e9lenchon n\u2019est pas plus sauveur supr\u00eame que quiconque, si le vote M\u00e9lenchon n\u2019est pas de nature plus qu\u2019un autre \u00e0 solutionner nos probl\u00e8mes, au moins est-il en mesure de donner un grand coup de pied dans la fourmili\u00e8re, de mettre \u00e0 l\u2019ordre du jour le grand m\u00e9nage politique dont on a un besoin urgent, de rallumer l\u2019esp\u00e9rance et rouvrir la perspective d\u2019une grande mobilisation populaire. Un vote M\u00e9lenchon, con\u00e7u non comme une fin en soi mais comme un acte et une \u00e9tape de la lutte n\u00e9cessaire.  C\u2019est pourquoi, comme j\u2019en ai pris l\u2019habitude les ann\u00e9es pr\u00e9c\u00e9dentes, les v\u0153ux que je vous adresse \u00e0 tous pour cette ann\u00e9e 2017 sont-ils des v\u0153ux de mobilisations et de luttes. Les seuls v\u0153ux intelligents, ai-je dit, qu\u2019un homme debout puisse adresser aux autres hommes et femmes debout. Voil\u00e0 le souhait que j\u2019adresse aussi \u00e0 ceux qui se d\u00e9couragent ou courbe l\u2019\u00e9chine : qu\u2019ils reprennent foi, qu\u2019ils se redressent, qu\u2019ils se r\u00e9voltent. Tel est le chemin de la dignit\u00e9 humaine.  Patrick Seignon. \u00ab lavoiedessansvoix.fr \u00bb Dimanche 15 janvier 2017.  \u00b7         Probable et non certaine. La constitution de la 5\u00e8me R\u00e9publique, fond\u00e9e, comme se plaisent \u00e0 le rappeler encore parfois certains gaullistes et Florian Phillipot, sur la rencontre \u00ab d\u2019un homme et d\u2019un peuple \u00bb se marie tr\u00e8s bien avec le \u00ab culte du chef \u00bb qui anime les partis de droite extr\u00eame. Que Venue au pouvoir Marine Le Pen se coule parfaitement dans le moule institutionnel existant, cela est tout \u00e0 fait possible, d\u2019autres l\u2019ont fait avant elle.<\/p>\n","protected":false},"excerpt":{"rendered":"<p>V\u0152UX 2017 DE LA VOIE DES SANS VOIX66 La calamiteuse ann\u00e9e 2016 s\u2019est achev\u00e9e voil\u00e0 une quinzaine. De profundis ! [&hellip;]<\/p>\n","protected":false},"author":1,"featured_media":4473,"comment_status":"open","ping_status":"open","sticky":false,"template":"","format":"standard","meta":{"sfsi_plus_gutenberg_text_before_share":"","sfsi_plus_gutenberg_show_text_before_share":"","sfsi_plus_gutenberg_icon_type":"","sfsi_plus_gutenberg_icon_alignemt":"","sfsi_plus_gutenburg_max_per_row":"","site-sidebar-layout":"default","site-content-layout":"","ast-site-content-layout":"default","site-content-style":"default","site-sidebar-style":"default","ast-global-header-display":"","ast-banner-title-visibility":"","ast-main-header-display":"","ast-hfb-above-header-display":"","ast-hfb-below-header-display":"","ast-hfb-mobile-header-display":"","site-post-title":"","ast-breadcrumbs-content":"","ast-featured-img":"","footer-sml-layout":"","ast-disable-related-posts":"","theme-transparent-header-meta":"","adv-header-id-meta":"","stick-header-meta":"","header-above-stick-meta":"","header-main-stick-meta":"","header-below-stick-meta":"","astra-migrate-meta-layouts":"default","ast-page-background-enabled":"default","ast-page-background-meta":{"desktop":{"background-color":"var(--ast-global-color-4)","background-image":"","background-repeat":"repeat","background-position":"center center","background-size":"auto","background-attachment":"scroll","background-type":"","background-media":"","overlay-type":"","overlay-color":"","overlay-opacity":"","overlay-gradient":""},"tablet":{"background-color":"","background-image":"","background-repeat":"repeat","background-position":"center center","background-size":"auto","background-attachment":"scroll","background-type":"","background-media":"","overlay-type":"","overlay-color":"","overlay-opacity":"","overlay-gradient":""},"mobile":{"background-color":"","background-image":"","background-repeat":"repeat","background-position":"center center","background-size":"auto","background-attachment":"scroll","background-type":"","background-media":"","overlay-type":"","overlay-color":"","overlay-opacity":"","overlay-gradient":""}},"ast-content-background-meta":{"desktop":{"background-color":"var(--ast-global-color-5)","background-image":"","background-repeat":"repeat","background-position":"center center","background-size":"auto","background-attachment":"scroll","background-type":"","background-media":"","overlay-type":"","overlay-color":"","overlay-opacity":"","overlay-gradient":""},"tablet":{"background-color":"var(--ast-global-color-5)","background-image":"","background-repeat":"repeat","background-position":"center center","background-size":"auto","background-attachment":"scroll","background-type":"","background-media":"","overlay-type":"","overlay-color":"","overlay-opacity":"","overlay-gradient":""},"mobile":{"background-color":"var(--ast-global-color-5)","background-image":"","background-repeat":"repeat","background-position":"center center","background-size":"auto","background-attachment":"scroll","background-type":"","background-media":"","overlay-type":"","overlay-color":"","overlay-opacity":"","overlay-gradient":""}},"footnotes":""},"categories":[16],"tags":[],"class_list":["post-888","post","type-post","status-publish","format-standard","has-post-thumbnail","hentry","category-archives-cms"],"_links":{"self":[{"href":"https:\/\/lavoiedessansvoix.fr\/lavoie\/wp-json\/wp\/v2\/posts\/888","targetHints":{"allow":["GET"]}}],"collection":[{"href":"https:\/\/lavoiedessansvoix.fr\/lavoie\/wp-json\/wp\/v2\/posts"}],"about":[{"href":"https:\/\/lavoiedessansvoix.fr\/lavoie\/wp-json\/wp\/v2\/types\/post"}],"author":[{"embeddable":true,"href":"https:\/\/lavoiedessansvoix.fr\/lavoie\/wp-json\/wp\/v2\/users\/1"}],"replies":[{"embeddable":true,"href":"https:\/\/lavoiedessansvoix.fr\/lavoie\/wp-json\/wp\/v2\/comments?post=888"}],"version-history":[{"count":1,"href":"https:\/\/lavoiedessansvoix.fr\/lavoie\/wp-json\/wp\/v2\/posts\/888\/revisions"}],"predecessor-version":[{"id":3795,"href":"https:\/\/lavoiedessansvoix.fr\/lavoie\/wp-json\/wp\/v2\/posts\/888\/revisions\/3795"}],"wp:featuredmedia":[{"embeddable":true,"href":"https:\/\/lavoiedessansvoix.fr\/lavoie\/wp-json\/wp\/v2\/media\/4473"}],"wp:attachment":[{"href":"https:\/\/lavoiedessansvoix.fr\/lavoie\/wp-json\/wp\/v2\/media?parent=888"}],"wp:term":[{"taxonomy":"category","embeddable":true,"href":"https:\/\/lavoiedessansvoix.fr\/lavoie\/wp-json\/wp\/v2\/categories?post=888"},{"taxonomy":"post_tag","embeddable":true,"href":"https:\/\/lavoiedessansvoix.fr\/lavoie\/wp-json\/wp\/v2\/tags?post=888"}],"curies":[{"name":"wp","href":"https:\/\/api.w.org\/{rel}","templated":true}]}}