{"id":886,"date":"2017-01-17T03:38:00","date_gmt":"2017-01-17T02:38:00","guid":{"rendered":"https:\/\/lavoiedessansvoix.fr\/lavoie\/2017\/01\/17\/archive-ceux-la-ont-raison\/"},"modified":"2026-04-26T21:40:15","modified_gmt":"2026-04-26T19:40:15","slug":"archive-ceux-la-ont-raison","status":"publish","type":"post","link":"https:\/\/lavoiedessansvoix.fr\/lavoie\/2017\/01\/17\/archive-ceux-la-ont-raison\/","title":{"rendered":"CEUX-LA, ONT RAISON"},"content":{"rendered":"<p>CEUX-LA, ONT RAISON     Mais au fait, ils ont raison de quoi, sur quoi ou \u00e0 propos de quoi ?     Et surtout, que peut-il bien y avoir de commun entre  Nicolas Dupont-Aignan, Jean-Luc M\u00e9lenchon, Mich\u00e8le Alliot-Marie, Nathalie Arthaud, Marine Le Pen, Philippe Poutou, Emmanuel Macron, Jacques Cheminade, Jean Lassalle, Antoine Vaechter, le G\u00e9n\u00e9ral Didier Tauzin, jacques Nkonoff  ou Rama Yade ?    Le point commun entre tous ces personnages c\u2019est qu\u2019ils ont manifest\u00e9 leur intention d\u2019\u00eatre candidat \u00e0 la pr\u00e9sidence de la R\u00e9publique sans en passer par \u00ab les \u00e9lections primaires \u00bb de \u00ab Droite \u00bb ou de \u00ab Gauche \u00bb.    Ce dont ils ont raison c\u2019est d\u2019en user ainsi. Ils ont raison tous ensemble de refuser par leur d\u00e9marche d\u2019apporter un quelconque cr\u00e9dit \u00e0 cette pratique menteuse et liberticide, import\u00e9e des Etats-Unis, et dont les deux partis de l\u2019alternance voudraient faire un dispositif institutionnel      Ceux qui se sont positionn\u00e9 ainsi et que nous avons r\u00e9unis dans le \u00ab trombinoscope ci-dessus, par-del\u00e0 leur diversit\u00e9 et leurs oppositions parfois irr\u00e9conciliables  ont de facto d\u00e9j\u00e0 boycott\u00e9es les \u00e9lections primaires. Et c\u2019est en quoi ils ont tous raison sur un point au moins.    Les deux partis de l\u2019alternance veulent imposer \u00ab les \u00e9lections primaires \u00bb aux Fran\u00e7ais comme la r\u00e8gle, non pour un gain de d\u00e9mocratie comme ils le pr\u00e9tendent cyniquement mais au contraire pour faire taire toute expression politique qui pr\u00e9tendrait \u00e9chapper \u00e0 leur contr\u00f4le.    Et comme s\u2019il en \u00e9tait besoin, ils ont eux-m\u00eames donn\u00e9 r\u00e9cemment une illustration for \u00e9difiante \u00e0 notre propos. Voyez plut\u00f4t :    Chacun est libre de penser ce que bon lui semble de la d\u00e9marche de G\u00e9rard Filoche qui postulait \u00e0 l\u2019investiture des \u00ab primaires de la gauche \u00bb pour l\u2019\u00e9lection pr\u00e9sidentielle. ? Et vous savez ce que nous en pensons-nous m\u00eame comme nous l\u2019avons expos\u00e9 dans nos articles (LA PEAU DE CHAGRIN DE LA DEMOCRATIE \u00bb 5\/11\/2016. Et : \u00ab LES PRIMAIRES UNE PRATIQUE DEMOCRATICIDE \u00bb 2\/1\/2017) Mais puisqu\u2019il le souhaitait et consid\u00e9rant ce qu\u2019il repr\u00e9sente, G\u00e9rard Filoche \u00e9tait fond\u00e9 \u00e0 faire acte de candidature \u00e0 la Pr\u00e9sidence de la R\u00e9publique. La mani\u00e8re dont il a \u00e9t\u00e9 \u00e9cart\u00e9 corrobore on ne peut plus clairement notre propos. Cet \u00e9pisode illustre on ne peut mieux le caract\u00e8re antid\u00e9mocratique de cette pratique et de qu\u2019elle mani\u00e8re les Partis de l\u2019alternance veulent en v\u00e9rit\u00e9 s\u2019arroger le contr\u00f4le de l\u2019expression \u00ab politique \u00bb.    C\u2019est pourquoi, avec \u00ab les-ci-dessus \u00bb, et tous ceux qui les soutiennent (cela fait d\u00e9j\u00e0 beaucoup de monde) dont nous avons dit qu\u2019ils avaient tous ensemble raison sur ce point au moins,  nous boycottons nous aussi les \u00e9lections primaires    Patrick Seignon. \u00ab lavoiedessansvoix.fr \u00bb. Mardi 18 janvier 2016.<\/p>\n","protected":false},"excerpt":{"rendered":"<p>CEUX-LA, ONT RAISON Mais au fait, ils ont raison de quoi, sur quoi ou \u00e0 propos de quoi ? Et [&hellip;]<\/p>\n","protected":false},"author":1,"featured_media":4471,"comment_status":"open","ping_status":"open","sticky":false,"template":"","format":"standard","meta":{"sfsi_plus_gutenberg_text_before_share":"","sfsi_plus_gutenberg_show_text_before_share":"","sfsi_plus_gutenberg_icon_type":"","sfsi_plus_gutenberg_icon_alignemt":"","sfsi_plus_gutenburg_max_per_row":"","site-sidebar-layout":"default","site-content-layout":"","ast-site-content-layout":"default","site-content-style":"default","site-sidebar-style":"default","ast-global-header-display":"","ast-banner-title-visibility":"","ast-main-header-display":"","ast-hfb-above-header-display":"","ast-hfb-below-header-display":"","ast-hfb-mobile-header-display":"","site-post-title":"","ast-breadcrumbs-content":"","ast-featured-img":"","footer-sml-layout":"","ast-disable-related-posts":"","theme-transparent-header-meta":"","adv-header-id-meta":"","stick-header-meta":"","header-above-stick-meta":"","header-main-stick-meta":"","header-below-stick-meta":"","astra-migrate-meta-layouts":"default","ast-page-background-enabled":"default","ast-page-background-meta":{"desktop":{"background-color":"var(--ast-global-color-4)","background-image":"","background-repeat":"repeat","background-position":"center center","background-size":"auto","background-attachment":"scroll","background-type":"","background-media":"","overlay-type":"","overlay-color":"","overlay-opacity":"","overlay-gradient":""},"tablet":{"background-color":"","background-image":"","background-repeat":"repeat","background-position":"center center","background-size":"auto","background-attachment":"scroll","background-type":"","background-media":"","overlay-type":"","overlay-color":"","overlay-opacity":"","overlay-gradient":""},"mobile":{"background-color":"","background-image":"","background-repeat":"repeat","background-position":"center center","background-size":"auto","background-attachment":"scroll","background-type":"","background-media":"","overlay-type":"","overlay-color":"","overlay-opacity":"","overlay-gradient":""}},"ast-content-background-meta":{"desktop":{"background-color":"var(--ast-global-color-5)","background-image":"","background-repeat":"repeat","background-position":"center center","background-size":"auto","background-attachment":"scroll","background-type":"","background-media":"","overlay-type":"","overlay-color":"","overlay-opacity":"","overlay-gradient":""},"tablet":{"background-color":"var(--ast-global-color-5)","background-image":"","background-repeat":"repeat","background-position":"center center","background-size":"auto","background-attachment":"scroll","background-type":"","background-media":"","overlay-type":"","overlay-color":"","overlay-opacity":"","overlay-gradient":""},"mobile":{"background-color":"var(--ast-global-color-5)","background-image":"","background-repeat":"repeat","background-position":"center center","background-size":"auto","background-attachment":"scroll","background-type":"","background-media":"","overlay-type":"","overlay-color":"","overlay-opacity":"","overlay-gradient":""}},"footnotes":""},"categories":[16],"tags":[],"class_list":["post-886","post","type-post","status-publish","format-standard","has-post-thumbnail","hentry","category-archives-cms"],"_links":{"self":[{"href":"https:\/\/lavoiedessansvoix.fr\/lavoie\/wp-json\/wp\/v2\/posts\/886","targetHints":{"allow":["GET"]}}],"collection":[{"href":"https:\/\/lavoiedessansvoix.fr\/lavoie\/wp-json\/wp\/v2\/posts"}],"about":[{"href":"https:\/\/lavoiedessansvoix.fr\/lavoie\/wp-json\/wp\/v2\/types\/post"}],"author":[{"embeddable":true,"href":"https:\/\/lavoiedessansvoix.fr\/lavoie\/wp-json\/wp\/v2\/users\/1"}],"replies":[{"embeddable":true,"href":"https:\/\/lavoiedessansvoix.fr\/lavoie\/wp-json\/wp\/v2\/comments?post=886"}],"version-history":[{"count":1,"href":"https:\/\/lavoiedessansvoix.fr\/lavoie\/wp-json\/wp\/v2\/posts\/886\/revisions"}],"predecessor-version":[{"id":3791,"href":"https:\/\/lavoiedessansvoix.fr\/lavoie\/wp-json\/wp\/v2\/posts\/886\/revisions\/3791"}],"wp:featuredmedia":[{"embeddable":true,"href":"https:\/\/lavoiedessansvoix.fr\/lavoie\/wp-json\/wp\/v2\/media\/4471"}],"wp:attachment":[{"href":"https:\/\/lavoiedessansvoix.fr\/lavoie\/wp-json\/wp\/v2\/media?parent=886"}],"wp:term":[{"taxonomy":"category","embeddable":true,"href":"https:\/\/lavoiedessansvoix.fr\/lavoie\/wp-json\/wp\/v2\/categories?post=886"},{"taxonomy":"post_tag","embeddable":true,"href":"https:\/\/lavoiedessansvoix.fr\/lavoie\/wp-json\/wp\/v2\/tags?post=886"}],"curies":[{"name":"wp","href":"https:\/\/api.w.org\/{rel}","templated":true}]}}