{"id":885,"date":"2017-01-19T16:41:00","date_gmt":"2017-01-19T15:41:00","guid":{"rendered":"https:\/\/lavoiedessansvoix.fr\/lavoie\/2017\/01\/19\/archive-des-primaires-qui-ne-servent-a-rien-pincemi-et-pincemoi-sont-dans-un-bateau\/"},"modified":"2026-04-26T21:40:07","modified_gmt":"2026-04-26T19:40:07","slug":"archive-des-primaires-qui-ne-servent-a-rien-pincemi-et-pincemoi-sont-dans-un-bateau","status":"publish","type":"post","link":"https:\/\/lavoiedessansvoix.fr\/lavoie\/2017\/01\/19\/archive-des-primaires-qui-ne-servent-a-rien-pincemi-et-pincemoi-sont-dans-un-bateau\/","title":{"rendered":"DES \u00ab PRIMAIRES \u00bb QUI NE SERVENT \u00c0 RIEN  (PINCEMI ET PINCEMOI SONT DANS UN BATEAU)"},"content":{"rendered":"<p>DES \u00ab PRIMAIRES \u00bb QUI NE SERVENT \u00c0 RIEN  (PINCEMI ET PINCEMOI SONT DANS UN BATEAU)     Hamon et Montebourg, abrogeront la loi travail, ont-ils promis tous deux lors du premier d\u00e9bat t\u00e9l\u00e9vis\u00e9 des \u00ab primaires de gauche \u00bb.l. Un d\u2019eux sera peut-\u00eatre le vainqueur de la \u00ab primaire socialiste dites de gauche \u00bb, \u00e7a c\u2019est de l\u2019ordre du possible. Mais quel que soit le candidat PS investi, il n\u2019y a par contre aucune chance qu\u2019il soit \u00e9lu en 2017 \u00e0 la pr\u00e9sidence de la R\u00e9publique, et le plus probable m\u00eame est qu\u2019il ne passera pas le cap du premier tour. Alors abroger la loi travail, dans ce contexte \u00e7a n\u2019est que du \u00ab baratin \u00bb. Pourquoi diable n\u2019ont-ils pas fait lorsqu\u2019ils en avaient les moyens, en votant une motion de censure avec la droite, ce qu\u2019il fallait pour qu\u2019elle ne soit jamais adopt\u00e9e cette satan\u00e9e loi ?   Ces gens-l\u00e0 ne sont pas s\u00e9rieux, peut-\u00eatre m\u00eame malhonn\u00eates.    Valls, confirme et signe. Il justifie la loi travail. C\u2019est dire qu\u2019il se donne raison, qu\u2019il justifie l\u2019usage qu\u2019il a fait du 49 -3 dont il a dit pourtant, rentrant en campagne, qu\u2019il l\u2019abrogerait. Comme un serpent cet animal avance par reptation. Cet homme-l\u00e0 doit \u00eatre ray\u00e9 pour longtemps du paysage politique national. Nous ne r\u00e9sistons pas toutefois \u00e0 l\u2019envie de r\u00e9pondre \u00e0 sa derni\u00e8re \u00ab sortie \u00bb. \u00ab C\u2019est trop facile, nous dit-il, visant Hamon et Montebourg, de promettre des choses dont on sait au fond de soi que l\u2019on n\u2019en sera jamais comptable \u00bb. Certes il a raison Valls, c\u2019est ce que font Montebourg et Hamon qui ont promis d\u2019abroger la loi travail lorsqu\u2019ils seront Pr\u00e9sident sachant fort bien qu\u2019ils ne le seront pas, en tout cas pas en 2017. Mais n\u2019est-ce pas pr\u00e9cis\u00e9ment ce qu\u2019a fait Manuel Valls lui-m\u00eame, apr\u00e8s en avoir us\u00e9, de promettre d\u2019abroger le 49-3, alors qu\u2019il sait fort bien qu\u2019il n\u2019a aucune chance d\u2019\u00eatre \u00e9lu et peut-\u00eatre pas m\u00eame d\u2019\u00eatre investit par les primaires socialistes ? En faisant pareil reproche \u00e0 ses alter-egos Valls verse une fois encore dans le cynisme et la pr\u00e9somption, sachant fort bien  qu\u2019il n\u2019a pas plus de chance et ne sera pas d\u2019avantage lui-m\u00eame comptable de ses propos.    Manuel Valls n\u2019a aucune chance d\u2019\u00eatre \u00e9lu. Tout juste aurait-il celle s\u2019il \u00e9tait investi (il ne le sera pas) d\u2019\u00eatre humili\u00e9 au premier tour des \u00e9lections pr\u00e9sidentielles. Mais il fait semblant d\u2019ignorer la r\u00e9alit\u00e9 qui lui mord la nuque. Ses amis de la droite du PS et du staff gouvernemental, eux ne l\u2019ignorent pas. Ils sont d\u00e9j\u00e0 dans l\u2019apr\u00e8s Valls. Ils ont d\u00e9j\u00e0 amorc\u00e9 la man\u0153uvre d\u2019\u00e9vacuation du \u00ab bateau ivre \u00bb pour embarquer sur le \u00ab zodiac \u00bb de Manuel Macron. C\u2019est ce qu\u2019indiquent toutes les petites man\u0153uvres de bas \u00e9tages et d\u00e9clarations insolites des cercles du pouvoir et des \u00ab barons \u00bb et Marquises (S\u00e9gol\u00e8ne Royal) du PS.    Fran\u00e7ois Rebsamen, Maire de Dijon et ancien Ministre du travail de Jean-Marc Ayrault ne choisit pas encore mais il ne votera pas \u00ab ni pour Hamon ni pour Montebourg qui ont particip\u00e9 \u00e0 la fronde pendant ce quinquennat \u00bb ??? Tu enl\u00e8ves Pinel, De Rugy et Bennahmias qui ne sont que des invit\u00e9s et des figurants dans ce cirque, tu effaces Peillon qui fait si p\u00e2le figure que ce serait se compromettre que de le soutenir, puis tu retires Hamon et Montebourg frapp\u00e9s \u00ab d\u2019irrecevabilit\u00e9 \u00bb, qui reste-t-il ? Monsieur Rebsamen recours \u00e0 un proc\u00e9d\u00e9 bien infantile pour dire sans le dire ce qu\u2019il n\u2019ose pas encore dire pour m\u00e9nager (quel) suspens ? \u00ab Pincemi et Pincemoi,. Vous connaissez. Pincemi tombe dans l\u2019eau qui reste ? Manuel Valls bien s\u00fbr. Bravo Rebsamen pour le secret de polichinelle. On l\u2019a d\u00e9duit sinon compris, avec des pr\u00e9cautions de vierge effarouch\u00e9e, Rebsamen soutient Valls. Pas s\u00fbr que ce renfort fasse beaucoup de bien \u00e0 l\u2019ex premier Ministre.; Fran\u00e7ois Rebsamen, n\u2019est-ce pas en effet ce Ministre qui a insultait les travailleurs priv\u00e9s d\u2019emploi ?    Vous voyez, pas un seul de ses postulants candidats \u00e0 l\u2019investiture de \u00ab la gauche \u00bb (PS) ne m\u00e9rite notre confiance ni m\u00eame d\u2019\u00eatre pris au s\u00e9rieux. Pourquoi devriez-vous faire un choix entre ceux-l\u00e0 ? Aucun ne m\u00e9rite que l\u2019on veuille le distinguer des autres. Alors le mieux n\u2019est-il pas de refuser de jouer \u00e0 ce jeu idiot ? Que le conseil national du PS choisisse lui-m\u00eame son candidat. Il faut boycotter les primaires de la Gauche PS.    Et si vous voulez tout de m\u00eame voter \u00e0 Gauche aux \u00e9lections pr\u00e9sidentielles, vous ne serez pas en reste, vous pourrez voter pour Jean-Luc M\u00e9lenchon, Yannick Jadot ou Nathalie Arthaud.    Patrick Seignon. \u00ab lavoiedessansvoix.fr \u00bb Mercredi 18 janvier 2017.  ALERTE ATTAQUES  Voil\u00e0 plusieurs jours que \u00ab la voie des sans voix \u00bb subit des attaques quasi continues contre son Site et son Blog.  Celles-ci cr\u00e9ent un pr\u00e9judice consid\u00e9rable privant de nombreux lecteurs de l\u2019acc\u00e8s \u00e0 nos publications. Tout d\u2019abord et bien que nous soyons victimes, nous nous en excusons.   Ensuite, nous vous appelons \u00e0 l\u2019aide, amis lecteurs et internautes attach\u00e9s \u00e0 la libert\u00e9 d\u2019expression et oppos\u00e9s aux m\u00e9thodes autoritaires et coercitives des pr\u00e9tendus d\u00e9mocrates qui tirent les ficelles.  C&rsquo;est par dizaines de milliers que vous \u00eates venus ces derniers mois lire nos articles. Ceux-ci vous ont int\u00e9ress\u00e9. Vous jugez qu\u2019ils m\u00e9ritent d\u2019\u00eatre connus. Alors aidez-nous \u00e0 contourner la censure des dictateurs de conscience en diffusant nos articles que vous pourrez trouver, sur vos \u00ab Blogs \u00bb, page Facebook et autres r\u00e9seaux sociaux, voire par \u00ab mails \u00bb \u00e0 vos amis et contacts. Ainsi rendues inutiles, les attaques cesseront  Merci \u00e0 vous tous.  20\/01\/2017. Patrick Seignon.<\/p>\n","protected":false},"excerpt":{"rendered":"<p>DES \u00ab PRIMAIRES \u00bb QUI NE SERVENT \u00c0 RIEN (PINCEMI ET PINCEMOI SONT DANS UN BATEAU) Hamon et Montebourg, abrogeront [&hellip;]<\/p>\n","protected":false},"author":1,"featured_media":4470,"comment_status":"open","ping_status":"open","sticky":false,"template":"","format":"standard","meta":{"sfsi_plus_gutenberg_text_before_share":"","sfsi_plus_gutenberg_show_text_before_share":"","sfsi_plus_gutenberg_icon_type":"","sfsi_plus_gutenberg_icon_alignemt":"","sfsi_plus_gutenburg_max_per_row":"","site-sidebar-layout":"default","site-content-layout":"","ast-site-content-layout":"default","site-content-style":"default","site-sidebar-style":"default","ast-global-header-display":"","ast-banner-title-visibility":"","ast-main-header-display":"","ast-hfb-above-header-display":"","ast-hfb-below-header-display":"","ast-hfb-mobile-header-display":"","site-post-title":"","ast-breadcrumbs-content":"","ast-featured-img":"","footer-sml-layout":"","ast-disable-related-posts":"","theme-transparent-header-meta":"","adv-header-id-meta":"","stick-header-meta":"","header-above-stick-meta":"","header-main-stick-meta":"","header-below-stick-meta":"","astra-migrate-meta-layouts":"default","ast-page-background-enabled":"default","ast-page-background-meta":{"desktop":{"background-color":"var(--ast-global-color-4)","background-image":"","background-repeat":"repeat","background-position":"center center","background-size":"auto","background-attachment":"scroll","background-type":"","background-media":"","overlay-type":"","overlay-color":"","overlay-opacity":"","overlay-gradient":""},"tablet":{"background-color":"","background-image":"","background-repeat":"repeat","background-position":"center center","background-size":"auto","background-attachment":"scroll","background-type":"","background-media":"","overlay-type":"","overlay-color":"","overlay-opacity":"","overlay-gradient":""},"mobile":{"background-color":"","background-image":"","background-repeat":"repeat","background-position":"center center","background-size":"auto","background-attachment":"scroll","background-type":"","background-media":"","overlay-type":"","overlay-color":"","overlay-opacity":"","overlay-gradient":""}},"ast-content-background-meta":{"desktop":{"background-color":"var(--ast-global-color-5)","background-image":"","background-repeat":"repeat","background-position":"center center","background-size":"auto","background-attachment":"scroll","background-type":"","background-media":"","overlay-type":"","overlay-color":"","overlay-opacity":"","overlay-gradient":""},"tablet":{"background-color":"var(--ast-global-color-5)","background-image":"","background-repeat":"repeat","background-position":"center center","background-size":"auto","background-attachment":"scroll","background-type":"","background-media":"","overlay-type":"","overlay-color":"","overlay-opacity":"","overlay-gradient":""},"mobile":{"background-color":"var(--ast-global-color-5)","background-image":"","background-repeat":"repeat","background-position":"center center","background-size":"auto","background-attachment":"scroll","background-type":"","background-media":"","overlay-type":"","overlay-color":"","overlay-opacity":"","overlay-gradient":""}},"footnotes":""},"categories":[16],"tags":[],"class_list":["post-885","post","type-post","status-publish","format-standard","has-post-thumbnail","hentry","category-archives-cms"],"_links":{"self":[{"href":"https:\/\/lavoiedessansvoix.fr\/lavoie\/wp-json\/wp\/v2\/posts\/885","targetHints":{"allow":["GET"]}}],"collection":[{"href":"https:\/\/lavoiedessansvoix.fr\/lavoie\/wp-json\/wp\/v2\/posts"}],"about":[{"href":"https:\/\/lavoiedessansvoix.fr\/lavoie\/wp-json\/wp\/v2\/types\/post"}],"author":[{"embeddable":true,"href":"https:\/\/lavoiedessansvoix.fr\/lavoie\/wp-json\/wp\/v2\/users\/1"}],"replies":[{"embeddable":true,"href":"https:\/\/lavoiedessansvoix.fr\/lavoie\/wp-json\/wp\/v2\/comments?post=885"}],"version-history":[{"count":1,"href":"https:\/\/lavoiedessansvoix.fr\/lavoie\/wp-json\/wp\/v2\/posts\/885\/revisions"}],"predecessor-version":[{"id":3789,"href":"https:\/\/lavoiedessansvoix.fr\/lavoie\/wp-json\/wp\/v2\/posts\/885\/revisions\/3789"}],"wp:featuredmedia":[{"embeddable":true,"href":"https:\/\/lavoiedessansvoix.fr\/lavoie\/wp-json\/wp\/v2\/media\/4470"}],"wp:attachment":[{"href":"https:\/\/lavoiedessansvoix.fr\/lavoie\/wp-json\/wp\/v2\/media?parent=885"}],"wp:term":[{"taxonomy":"category","embeddable":true,"href":"https:\/\/lavoiedessansvoix.fr\/lavoie\/wp-json\/wp\/v2\/categories?post=885"},{"taxonomy":"post_tag","embeddable":true,"href":"https:\/\/lavoiedessansvoix.fr\/lavoie\/wp-json\/wp\/v2\/tags?post=885"}],"curies":[{"name":"wp","href":"https:\/\/api.w.org\/{rel}","templated":true}]}}