{"id":883,"date":"2017-01-21T09:05:00","date_gmt":"2017-01-21T08:05:00","guid":{"rendered":"https:\/\/lavoiedessansvoix.fr\/lavoie\/2017\/01\/21\/archive-ou-va-l-amerique\/"},"modified":"2026-04-26T21:39:48","modified_gmt":"2026-04-26T19:39:48","slug":"archive-ou-va-l-amerique","status":"publish","type":"post","link":"https:\/\/lavoiedessansvoix.fr\/lavoie\/2017\/01\/21\/archive-ou-va-l-amerique\/","title":{"rendered":"OU VA l&rsquo;AM\u00c9RIQUE ?"},"content":{"rendered":"<p>OU VA l&rsquo;AM\u00c9RIQUE ?   Trump investi. Le 45\u00e8me Pr\u00e9sident des \u00c9tats-Unis est entr\u00e9 en fonction hier. Nonobstant toutes les insanit\u00e9s et campagnes de haine dont il a fait l\u2019objet, nous attendrons pour notre part ses premi\u00e8res d\u00e9cisions et la mise en \u0153uvre de sa politique pour juger er critiquer .Or, croyez-moi nous ne l\u2019\u00e9pargneront pas si cela se justifie.     Il y a un abyme entre l\u2019\u00e9lection, le respect du vote du peuple am\u00e9ricain, qui s\u2019impose \u00e0 qui accepte la r\u00e8gle, et le d\u00e9roulement du mandat de l\u2019\u00e9lu qui \u00e9chappe au contr\u00f4le du peuple. Contrairement \u00e0 certains professeurs es d\u00e9mocratie, nous avons voulu nous, non pas approuver, mais comprendre et respecter comme il se doit le vote populaire. Nous n\u2019aurons pas les m\u00eames \u00e9gards pour le nouveau chef de l\u2019imp\u00e9rialisme am\u00e9ricain. Ce n\u2019est pas toutefois sur \u00ab sa gueule \u00bb ni sur \u00ab sa grande gueule \u00bb que nous lui feront un \u00ab proc\u00e8s de \u00ab sale gueule \u00bb, ni m\u00eame sur ses milliards comme le font sans sourciller et toutes hontes bues, les d\u00e9fenseurs inconditionnels et les champions du capitalisme ultra lib\u00e9ral mondialis\u00e9 \u00e0 la solde des milliardaires. Si nous avons des proc\u00e8s \u00e0 lui faire ce sera sur sa politique, les faits, les actes et les d\u00e9cisions r\u00e9elles qui rel\u00e8vent de sa responsabilit\u00e9 en tant que chef de l\u2019ex\u00e9cutif am\u00e9ricain.     Obama s\u2019en va. Ouf  O Dieu Obama ! (Excusez-la faute de frappe, je voulais \u00e9crire adieu). Il a lui-m\u00eame tent\u00e9 d\u2019\u00e9crire son bilan pour l\u2019Histoire, selon la m\u00e9thode Cou\u00e9. Les professionnels de l\u2019information, bien que pay\u00e9s pour \u00e7a, n\u2019ose pas aller si loin. Ils peignent \u00ab un bilan en demi-teinte \u00bb. La r\u00e9alit\u00e9 est plus cruelle. Voil\u00e0 ci-dessous le vrai bilan d\u2019Obama.    Il \u00e9tait arriv\u00e9 \u00ab la gueule enfarin\u00e9e \u00bb, sorti de nulle part en 2008. Le PREMIER PRESIDENT NOIR DES ETATS-UNIS ! La belle affaire. Et au seul fait de la couleur de sa peau on devait se p\u00e2mer. Le miracle am\u00e9ricain \u00e9tait de retour. Il n\u2019avait pas boug\u00e9 le petit doigt encore, et d\u00e9j\u00e0 le Jury de Stockholm lui d\u00e9cernait de prix Nobel de la paix. Aurait-on pu imaginer jamais de la part d\u2019une si haute instance internationale une d\u00e9cision de \u00ab racisme positif \u00bb de cette nature ? Foin de renouvellement du r\u00eave am\u00e9ricain c\u2019est en v\u00e9rit\u00e9 \u00e0 sa mort d\u00e9finitive qu\u2019allait s\u2019atteler Barak Obama. Foin de paix, c\u2019est de guerre et de destructions, de mises \u00e0 sac, de mont\u00e9e des haines ethniques et religieuses d\u2019accroissement des tensions internationales dont il fut question. C\u2019est sous l\u2019Etendard de la d\u00e9mocratie am\u00e9ricaine et de ses valeurs que Barak Obama poursuivit avec d\u2019autres m\u00e9thodes \u00ab la croisade \u00bb internationale entreprise en 2002 par son pr\u00e9d\u00e9cesseur Georges W Bush sous le signe de la lutte contre \u00ab le terrorisme \u00bb, pour finir par achever lui-m\u00eame celle-ci, constitutive \u00ab du r\u00eave am\u00e9ricain \u00bb.    Barak Obama a tu\u00e9 le r\u00eave am\u00e9ricain  dans le sang et la haine plan\u00e9taire de l\u2019Am\u00e9rique, mais il vient aussi avec les derni\u00e8res \u00e9lections g\u00e9n\u00e9rales am\u00e9ricaines de tuer la d\u00e9mocratie dont il voulait faire un mod\u00e8le \u00ab reproductible \u00bb.    N\u2019avait-on jamais vu pareille chose aux \u00c9tats-Unis ? Gage de stabilit\u00e9 politique, les USA ont une constitution et un syst\u00e8me \u00e9lectif qui datent de plus d\u2019un jubil\u00e9, venu en h\u00e9ritage \u00ab des p\u00e8res fondateurs \u00bb de \u00ab l\u2019Am\u00e9rique \u00bb. C\u2019est ce syst\u00e8me \u00e9lectif qui a permis et qui l\u00e9gitime l\u2019\u00e9lection de Donald Trump, et que conteste \u00e0 pr\u00e9sent la clique \u00e0 Obama et une partie du peuple am\u00e9ricain. Donald Trump a \u00e9t\u00e9 \u00e9lu par une majorit\u00e9 large et incontestable de  grand \u00e9lecteurs de plus que mais deux millions 800 000 suffrages populaire en moins Hillarry Clinton. Est-ce \u00e0 dire qu\u2019il faut abandonner le suffrage universel indirect des \u00ab p\u00e8res fondateurs \u00bb pour adopter le \u00ab suffrage universel direct, comme en France ? Transformer le syst\u00e8me pr\u00e9sidentiel am\u00e9ricain en une \u00ab monarchie \u00e9lective \u00bb comme en France ? Les pouvoirs concentr\u00e9s dans les mains du chef de l\u2019ex\u00e9cutif am\u00e9ricain, encore pour un temps premi\u00e8re puissance du monde, sont d\u00e9j\u00e0 consid\u00e9rables, imaginez ce que ce serait s\u2019il \u00e9tait investi par le suffrage universel direct de tout le peuple ? Avec une telle \u00e9volution l\u2019Am\u00e9rique s\u2019engagerait sur les pas de la \u00ab Rome antique \u00bb qui conduisit de la R\u00e9publique \u00e0 l\u2019Empire. Un empereur d\u2019Am\u00e9rique ? Qu\u2019en penseriez-vous ?     Obama a laiss\u00e9 entendre qu\u2019il quittait la carri\u00e8re pr\u00e9sidentielle (les pr\u00e9sidents des USA ne peuvent briguer que deux mandats) mais non pas la vie politique. Or, le combat qu\u2019il a entrepris est un combat en ill\u00e9gitimit\u00e9 de Donald Trump. Jusqu\u2019o\u00f9 Ira-t-il ?    Obama ? C\u2019est la \u00ab family \u00bb Clinton comme on l\u2019a vu mais aussi la dynastie Bush, ce sont les n\u00e9os-conservateurs et l\u2019AIPAC, derri\u00e8re, c\u2019est le parti de la guerre. Ils ont entrepris voil\u00e0 plus de vingt ans une politique visant \u00e0 assoir l\u2019h\u00e9g\u00e9monie plan\u00e9taire des USA. Ils n\u2019entendent pas renoncer \u00e0 cette politique qui a d\u00e9j\u00e0, derri\u00e8re les d\u00e9sordres apparents, port\u00e9 des fruits, certes amers mais fruits tout de m\u00eame, dont fait partie la balkanisation en cours du Moyen-Orient. Pour conduire cette politique \u00e0 son terme ils sont dispos\u00e9s \u00e0 faire si elle s\u2019av\u00e8re n\u00e9cessaire \u00e0 leur sens, une guerre \u00e0 la Russie. Ils ne veulent pas du recadrage de la politique internationale des USA pr\u00f4n\u00e9e par Trump. Jusqu\u2019o\u00f9 iront-ils ? Inpeachment ? Assassinat ? Appliqueront t ils aux \u00c9tats-Unis eux-m\u00eames les techniques des \u00ab r\u00e9volutions de couleurs et des printemps arabes \u00bb dans la maitrise desquelles ils se sont aguerris ailleurs ? Nous feront-t-il un \u00ab Ma\u00efdan made in USA \u00bb Capitol square ?N\u2019ayons pas peur des mots. Qu\u2019elle que soit la technique utilis\u00e9e il ne s\u2019agirait rien moins que d\u2019un coup d\u2019\u00c9tat. L\u2019enterrement de \u00ab la d\u00e9mocratie am\u00e9ricaine \u00bb.     Nous n\u2019allons pas nous avancer trop ni trop vite dans la prospective politique sur le destin de l\u2019Am\u00e9rique. Revenons au pr\u00e9sent. Par leur action, la contestation de la l\u00e9gitimit\u00e9 de l\u2019\u00e9lection, l\u2019appel \u00e0 la mobilisation populaire anti-Trump, Obama, les d\u00e9mocrates, et certaines personnalit\u00e9s r\u00e9publicaines, ont sem\u00e9 le doute sur la l\u00e9gitimit\u00e9 de \u00ab la d\u00e9mocratie am\u00e9ricaine \u00bb. Nul ne peut pr\u00e9dire trop loin de quoi sera fait demain. Mais ce que l\u2019on peut dire imm\u00e9diatement c\u2019est que ceux-l\u00e0 ont ouvert la boite de Pandore. Ils ont ouvert l\u2019\u00e8re de la crise de la d\u00e9mocratie am\u00e9ricaine.  Patrick Seignon. \u00ab lavoiedessansvoix.fr \u00bb. Samedi 21 janvier 2017.<\/p>\n","protected":false},"excerpt":{"rendered":"<p>OU VA l&rsquo;AM\u00c9RIQUE ? Trump investi. Le 45\u00e8me Pr\u00e9sident des \u00c9tats-Unis est entr\u00e9 en fonction hier. Nonobstant toutes les insanit\u00e9s [&hellip;]<\/p>\n","protected":false},"author":1,"featured_media":4468,"comment_status":"open","ping_status":"open","sticky":false,"template":"","format":"standard","meta":{"sfsi_plus_gutenberg_text_before_share":"","sfsi_plus_gutenberg_show_text_before_share":"","sfsi_plus_gutenberg_icon_type":"","sfsi_plus_gutenberg_icon_alignemt":"","sfsi_plus_gutenburg_max_per_row":"","site-sidebar-layout":"default","site-content-layout":"","ast-site-content-layout":"default","site-content-style":"default","site-sidebar-style":"default","ast-global-header-display":"","ast-banner-title-visibility":"","ast-main-header-display":"","ast-hfb-above-header-display":"","ast-hfb-below-header-display":"","ast-hfb-mobile-header-display":"","site-post-title":"","ast-breadcrumbs-content":"","ast-featured-img":"","footer-sml-layout":"","ast-disable-related-posts":"","theme-transparent-header-meta":"","adv-header-id-meta":"","stick-header-meta":"","header-above-stick-meta":"","header-main-stick-meta":"","header-below-stick-meta":"","astra-migrate-meta-layouts":"default","ast-page-background-enabled":"default","ast-page-background-meta":{"desktop":{"background-color":"var(--ast-global-color-4)","background-image":"","background-repeat":"repeat","background-position":"center center","background-size":"auto","background-attachment":"scroll","background-type":"","background-media":"","overlay-type":"","overlay-color":"","overlay-opacity":"","overlay-gradient":""},"tablet":{"background-color":"","background-image":"","background-repeat":"repeat","background-position":"center center","background-size":"auto","background-attachment":"scroll","background-type":"","background-media":"","overlay-type":"","overlay-color":"","overlay-opacity":"","overlay-gradient":""},"mobile":{"background-color":"","background-image":"","background-repeat":"repeat","background-position":"center center","background-size":"auto","background-attachment":"scroll","background-type":"","background-media":"","overlay-type":"","overlay-color":"","overlay-opacity":"","overlay-gradient":""}},"ast-content-background-meta":{"desktop":{"background-color":"var(--ast-global-color-5)","background-image":"","background-repeat":"repeat","background-position":"center center","background-size":"auto","background-attachment":"scroll","background-type":"","background-media":"","overlay-type":"","overlay-color":"","overlay-opacity":"","overlay-gradient":""},"tablet":{"background-color":"var(--ast-global-color-5)","background-image":"","background-repeat":"repeat","background-position":"center center","background-size":"auto","background-attachment":"scroll","background-type":"","background-media":"","overlay-type":"","overlay-color":"","overlay-opacity":"","overlay-gradient":""},"mobile":{"background-color":"var(--ast-global-color-5)","background-image":"","background-repeat":"repeat","background-position":"center center","background-size":"auto","background-attachment":"scroll","background-type":"","background-media":"","overlay-type":"","overlay-color":"","overlay-opacity":"","overlay-gradient":""}},"footnotes":""},"categories":[16],"tags":[],"class_list":["post-883","post","type-post","status-publish","format-standard","has-post-thumbnail","hentry","category-archives-cms"],"_links":{"self":[{"href":"https:\/\/lavoiedessansvoix.fr\/lavoie\/wp-json\/wp\/v2\/posts\/883","targetHints":{"allow":["GET"]}}],"collection":[{"href":"https:\/\/lavoiedessansvoix.fr\/lavoie\/wp-json\/wp\/v2\/posts"}],"about":[{"href":"https:\/\/lavoiedessansvoix.fr\/lavoie\/wp-json\/wp\/v2\/types\/post"}],"author":[{"embeddable":true,"href":"https:\/\/lavoiedessansvoix.fr\/lavoie\/wp-json\/wp\/v2\/users\/1"}],"replies":[{"embeddable":true,"href":"https:\/\/lavoiedessansvoix.fr\/lavoie\/wp-json\/wp\/v2\/comments?post=883"}],"version-history":[{"count":1,"href":"https:\/\/lavoiedessansvoix.fr\/lavoie\/wp-json\/wp\/v2\/posts\/883\/revisions"}],"predecessor-version":[{"id":3785,"href":"https:\/\/lavoiedessansvoix.fr\/lavoie\/wp-json\/wp\/v2\/posts\/883\/revisions\/3785"}],"wp:featuredmedia":[{"embeddable":true,"href":"https:\/\/lavoiedessansvoix.fr\/lavoie\/wp-json\/wp\/v2\/media\/4468"}],"wp:attachment":[{"href":"https:\/\/lavoiedessansvoix.fr\/lavoie\/wp-json\/wp\/v2\/media?parent=883"}],"wp:term":[{"taxonomy":"category","embeddable":true,"href":"https:\/\/lavoiedessansvoix.fr\/lavoie\/wp-json\/wp\/v2\/categories?post=883"},{"taxonomy":"post_tag","embeddable":true,"href":"https:\/\/lavoiedessansvoix.fr\/lavoie\/wp-json\/wp\/v2\/tags?post=883"}],"curies":[{"name":"wp","href":"https:\/\/api.w.org\/{rel}","templated":true}]}}