{"id":882,"date":"2017-01-22T05:15:00","date_gmt":"2017-01-22T04:15:00","guid":{"rendered":"https:\/\/lavoiedessansvoix.fr\/lavoie\/2017\/01\/22\/archive-pourquoi-nous-boycottons-les-primaires-de-la-gauche\/"},"modified":"2026-04-26T21:39:38","modified_gmt":"2026-04-26T19:39:38","slug":"archive-pourquoi-nous-boycottons-les-primaires-de-la-gauche","status":"publish","type":"post","link":"https:\/\/lavoiedessansvoix.fr\/lavoie\/2017\/01\/22\/archive-pourquoi-nous-boycottons-les-primaires-de-la-gauche\/","title":{"rendered":"POURQUOI NOUS BOYCOTTONS LES PRIMAIRES DE LA GAUCHE ?"},"content":{"rendered":"<p>POURQUOI NOUS BOYCOTTONS LES PRIMAIRES DE LA GAUCHE ?   Le premier tour des primaires de la gauche c\u2019est aujourd\u2019hui.   Nous pourrions nous contenter de les ignorer au pr\u00e9texte qu\u2019elles ne nous concernent pas. Ce n\u2019est pourtant pas l\u2019attitude de r\u00e9serve que nous adoptons. Nous ne nous limitons pas \u00e0 nous abstenir d\u2019y prendre part. Nous militons aussi pour leur \u00e9chec. Nous militons pour les boycotter.  Pourquoi ?  Parce que l\u2019institution en France de la pratique des primaires nous impacte que nous soyons contre ou pour.   Il s\u2019agit nous l\u2019avons expliqu\u00e9 d\u2019instaurer une pratique liberticide qui en focalisant la vie politique autour des deux seuls partis de l\u2019alternance tend \u00e0 r\u00e9duire la vie et le d\u00e9bat d\u00e9mocratique \u00e0 ce seul espace \u00ab bipartite \u00bb, et a tuer tout le reste.  Voyez comme cela fonctionne. Durant deux mois de pr\u00e9 campagne puis de campagne \u00ab des \u00e9lections \u00bb primaires \u00bb les m\u00e9dias se focalisent sur cet \u00e9v\u00e8nement qu\u2019ils relaient largement. Cela constitue un \u00e9norme temps d\u2019antenne, allou\u00e9 aux deux seuls partis de l\u2019alternance Droite\/Gauche, en plus du temps d\u2019antenne r\u00e9glementaire accord\u00e9 \u00e0 tous les partis durant la campagne officielle. Cela constitue donc une faveur et une \u00ab triche \u00bb officielle au profit des deux seuls partis du syst\u00e8me.  Cela a pour cons\u00e9quence de faire des deux candidats investis par les primaires de la Droite et de la Gauche, des candidats principaux, des candidats officiels en quelque sorte, ceux qui sont v\u00e9ritablement et seuls \u00e9ligibles \u00e0 la fonction supr\u00eame de Pr\u00e9sident de la R\u00e9publique, alors que les autres ne sont que \u00ab des figurants \u00bb, \u00ab des candidats mineurs \u00bb, sans la moindre chance d\u2019\u00eatre \u00e9lus, qui sont l\u00e0 pour se faire plaisir, \u00ab faire leur cin\u00e9ma quinquennal \u00bb, \u00ab s\u2019\u00e9couter parler \u00bb, faire de la propagande st\u00e9rile pour leurs petits partis \u00bb etc.  L\u2019avenir que cela induit pour le fonctionnement de nos institutions est d\u00e9j\u00e0 dessin\u00e9 en pointill\u00e9s dans le tableau que nous venons de brosser.  Les candidats hors \u00ab primaires \u00bb, qui sont donc pr\u00e9sent\u00e9s comme \u00ab petits \u00bb, \u00ab mineurs \u00bb, \u00ab n\u2019ayant pas la moindre chance d\u2019\u00eatre \u00e9lus \u00bb seront assimil\u00e9s bient\u00f4t et n\u00e9cessairement \u00e0 des \u00ab candidats inutiles \u00bb, \u00ab qui parasitent l\u2019\u00e9lection pr\u00e9sidentielle et dilapident, car ils co\u00fbtent cher, l\u2019argent public en pure pertes \u00bb. Il conviendra d\u00e9s-lors de limiter leur nombre au strict minimum (et pourquoi pas \u00e0 rien), en aggravant les dispositifs de barrage tel que les 500 parrainages d\u2019\u00e9lus ou autres. Faisant un peu plus encore des deux investis des primaires les vrais \u00ab candidats officiel accr\u00e9dit\u00e9s \u00bb du syst\u00e8me et d\u00e9cr\u00e9dibilisant les autres d\u2019entr\u00e9e de \u00ab jeu \u00bb, avant m\u00eame le d\u00e9but de la \u00ab course pr\u00e9sidentielle.  Foin d\u2019un gain de d\u00e9mocratie, c\u2019est donc bien le contraire que les \u00ab primaires \u00bb produisent, une r\u00e9traction \u00e0 quasiment rien de l\u2019espace d\u00e9mocratique. Nous serions \u00e0 terme somm\u00e9s de voter obligatoirement pour les seuls candidats officiels de la droite ou de la gauche.  Sans compter, qu\u2019excepter \u00ab se faire plaisir peut-\u00eatre \u00bb en se donnant l\u2019illusion de contribuer \u00e0 d\u00e9signer le candidat de l\u2019un des deux partis, cela n\u2019apporte rien non plus au fond en termes de d\u00e9mocratie. Le probl\u00e8me du d\u00e9ficit de d\u00e9mocratie est ailleurs. Le pr\u00e9sident de la R\u00e9publique fran\u00e7aise, \u00e9lu au suffrage universel direct, est d\u00e9positaire de la souverainet\u00e9 du peuple qui en est lui d\u00e9poss\u00e9der. Elu, le Pr\u00e9sident fait donc, durant toute la dur\u00e9e de son mandat, ce qu\u2019il veut, c\u2019est-\u00e0-dire ce que veulent les pouvoirs d\u00e9cisionnaires r\u00e9els au premier rang desquels la Banque et le Capital, Le quinquennat de Fran\u00e7ois Hollande a donn\u00e9 une illustration on ne peut plus claire de cette r\u00e9alit\u00e9. Dans ces conditions \u00e0 quoi peut-il bien servir de contribuer \u00e0 choisir celui qui de toute fa\u00e7on se collera les droits du peuple au coquillard ?  Et enfin ! Deux sc\u00e9narios peuvent r\u00e9sulter de ces primaires socialistes.1) La participation est suffisante pour assurer la cr\u00e9dibilit\u00e9 de l\u2019\u00e9lection et Manuel Valls en est l\u2019\u00e9lu, alors dans un premier temps l\u2019appareil du PS et le staff gouvernemental font corps autour de sa candidature pour tenter de sauver \u00ab les meubles de famille \u00bb. Mais s\u2019il s\u2019av\u00e9rait que dans la campagne des pr\u00e9sidentielle la candidature Valls s\u2019effondre, alors la quasi-totalit\u00e9 d\u2019entre eux quitterait son embarcation pour rejoindre celle de Macron. D\u00e9montrant par-l\u00e0 et par la pratique ce qu\u2019il pense vraiment des \u00e9lections primaires. 2) La participation aux primaires d\u2019aujourd\u2019hui et de dimanche prochain est trop faible et disqualifie d\u2019entr\u00e9e de jeu l\u2019\u00e9lu, que ce soit Valls ou un autre \u2013 Ou \u2013 Qu\u2019elle que soit la participation, Valls est battu et c\u2019est Arnaud Montebourg ou Benoit Hamon qui sont d\u00e9sign\u00e9s, et dans ces deux cas le staff gouvernemental et la quasi-totalit\u00e9 des personnalit\u00e9s qui comptent au PS se serrent autour de Manuel Macron afin de recomposer avec cette candidature un nouveau parti social lib\u00e9ral et sabordent ainsi  eux-m\u00eames ce qui reste du PS de gauche.  Alors, ceux qui auront pris la peine en allant voter de tenter de donner du sens \u00e0 cette mascarade, verront comment \u00ab les \u00e9l\u00e9phants du PS \u00bb s\u2019embarrassent peu de la porcelaine d\u00e9mocratique, et comment quand \u00e7a les arrangent, ils se collent, une nouvelle foi, au coquillard, le pr\u00e9tendu gain de d\u00e9mocratie que seraient les \u00e9lections primaires.  Patrick Seignon. \u00ab Lavoie des sansvoix.fr \u00bb Dimanche 22 janvier 2016.  NB \u2013 Il est possible que vous ne puissiez lire cet article aujourd\u2019hui. En effet, en ce jour \u00ab d\u2019\u00e9lections et donc d\u2019expression d\u00e9mocratique \u00bb (au moins pr\u00e9tendue), Les attaques  des supers d\u00e9mocrates ont repris contre notre Site et notre Blog en limitant l\u2019acc\u00e8s \u00e0 peu de chose. Nous avions, par d\u00e9duction, d\u00e9sign\u00e9s les coupables. Par leurs interventions du jour ils se d\u00e9signent eux-m\u00eames. Une raison suppl\u00e9mentaire de leur faire payer leur outrecuidance en boycottant leur mascarade \u00e9lectorale.<\/p>\n","protected":false},"excerpt":{"rendered":"<p>POURQUOI NOUS BOYCOTTONS LES PRIMAIRES DE LA GAUCHE ? Le premier tour des primaires de la gauche c\u2019est aujourd\u2019hui. Nous [&hellip;]<\/p>\n","protected":false},"author":1,"featured_media":4467,"comment_status":"open","ping_status":"open","sticky":false,"template":"","format":"standard","meta":{"sfsi_plus_gutenberg_text_before_share":"","sfsi_plus_gutenberg_show_text_before_share":"","sfsi_plus_gutenberg_icon_type":"","sfsi_plus_gutenberg_icon_alignemt":"","sfsi_plus_gutenburg_max_per_row":"","site-sidebar-layout":"default","site-content-layout":"","ast-site-content-layout":"default","site-content-style":"default","site-sidebar-style":"default","ast-global-header-display":"","ast-banner-title-visibility":"","ast-main-header-display":"","ast-hfb-above-header-display":"","ast-hfb-below-header-display":"","ast-hfb-mobile-header-display":"","site-post-title":"","ast-breadcrumbs-content":"","ast-featured-img":"","footer-sml-layout":"","ast-disable-related-posts":"","theme-transparent-header-meta":"","adv-header-id-meta":"","stick-header-meta":"","header-above-stick-meta":"","header-main-stick-meta":"","header-below-stick-meta":"","astra-migrate-meta-layouts":"default","ast-page-background-enabled":"default","ast-page-background-meta":{"desktop":{"background-color":"var(--ast-global-color-4)","background-image":"","background-repeat":"repeat","background-position":"center center","background-size":"auto","background-attachment":"scroll","background-type":"","background-media":"","overlay-type":"","overlay-color":"","overlay-opacity":"","overlay-gradient":""},"tablet":{"background-color":"","background-image":"","background-repeat":"repeat","background-position":"center center","background-size":"auto","background-attachment":"scroll","background-type":"","background-media":"","overlay-type":"","overlay-color":"","overlay-opacity":"","overlay-gradient":""},"mobile":{"background-color":"","background-image":"","background-repeat":"repeat","background-position":"center center","background-size":"auto","background-attachment":"scroll","background-type":"","background-media":"","overlay-type":"","overlay-color":"","overlay-opacity":"","overlay-gradient":""}},"ast-content-background-meta":{"desktop":{"background-color":"var(--ast-global-color-5)","background-image":"","background-repeat":"repeat","background-position":"center center","background-size":"auto","background-attachment":"scroll","background-type":"","background-media":"","overlay-type":"","overlay-color":"","overlay-opacity":"","overlay-gradient":""},"tablet":{"background-color":"var(--ast-global-color-5)","background-image":"","background-repeat":"repeat","background-position":"center center","background-size":"auto","background-attachment":"scroll","background-type":"","background-media":"","overlay-type":"","overlay-color":"","overlay-opacity":"","overlay-gradient":""},"mobile":{"background-color":"var(--ast-global-color-5)","background-image":"","background-repeat":"repeat","background-position":"center center","background-size":"auto","background-attachment":"scroll","background-type":"","background-media":"","overlay-type":"","overlay-color":"","overlay-opacity":"","overlay-gradient":""}},"footnotes":""},"categories":[16],"tags":[],"class_list":["post-882","post","type-post","status-publish","format-standard","has-post-thumbnail","hentry","category-archives-cms"],"_links":{"self":[{"href":"https:\/\/lavoiedessansvoix.fr\/lavoie\/wp-json\/wp\/v2\/posts\/882","targetHints":{"allow":["GET"]}}],"collection":[{"href":"https:\/\/lavoiedessansvoix.fr\/lavoie\/wp-json\/wp\/v2\/posts"}],"about":[{"href":"https:\/\/lavoiedessansvoix.fr\/lavoie\/wp-json\/wp\/v2\/types\/post"}],"author":[{"embeddable":true,"href":"https:\/\/lavoiedessansvoix.fr\/lavoie\/wp-json\/wp\/v2\/users\/1"}],"replies":[{"embeddable":true,"href":"https:\/\/lavoiedessansvoix.fr\/lavoie\/wp-json\/wp\/v2\/comments?post=882"}],"version-history":[{"count":1,"href":"https:\/\/lavoiedessansvoix.fr\/lavoie\/wp-json\/wp\/v2\/posts\/882\/revisions"}],"predecessor-version":[{"id":3783,"href":"https:\/\/lavoiedessansvoix.fr\/lavoie\/wp-json\/wp\/v2\/posts\/882\/revisions\/3783"}],"wp:featuredmedia":[{"embeddable":true,"href":"https:\/\/lavoiedessansvoix.fr\/lavoie\/wp-json\/wp\/v2\/media\/4467"}],"wp:attachment":[{"href":"https:\/\/lavoiedessansvoix.fr\/lavoie\/wp-json\/wp\/v2\/media?parent=882"}],"wp:term":[{"taxonomy":"category","embeddable":true,"href":"https:\/\/lavoiedessansvoix.fr\/lavoie\/wp-json\/wp\/v2\/categories?post=882"},{"taxonomy":"post_tag","embeddable":true,"href":"https:\/\/lavoiedessansvoix.fr\/lavoie\/wp-json\/wp\/v2\/tags?post=882"}],"curies":[{"name":"wp","href":"https:\/\/api.w.org\/{rel}","templated":true}]}}