{"id":881,"date":"2017-01-23T16:37:00","date_gmt":"2017-01-23T15:37:00","guid":{"rendered":"https:\/\/lavoiedessansvoix.fr\/lavoie\/2017\/01\/23\/archive-la-sanction-ou-pourquoi-valls-va-se-planter\/"},"modified":"2026-04-26T21:39:27","modified_gmt":"2026-04-26T19:39:27","slug":"archive-la-sanction-ou-pourquoi-valls-va-se-planter","status":"publish","type":"post","link":"https:\/\/lavoiedessansvoix.fr\/lavoie\/2017\/01\/23\/archive-la-sanction-ou-pourquoi-valls-va-se-planter\/","title":{"rendered":"LA SANCTION  Ou, pourquoi Valls va se \u00ab planter \u00bb"},"content":{"rendered":"<p>LA SANCTIONOu, pourquoi Valls va se \u00ab planter \u00bb  Nous appelions, nous appelons toujours, \u00e0 battre Valls et \u00e0 boycotter les \u00ab \u00e9lections primaires de la gauche \u00bb. Le premier tour avait lieu hier, et le moins que l\u2019on puisse en dire c\u2019est que le boycott est r\u00e9ussi, quant \u00e0 Valls arriv\u00e9 second, sa \u00ab sortie \u00bb politique est en bonne voie.   Mais les choses ne se terminent pas l\u00e0. La sanction terrible que le peuple de gauche doit infliger au P.S. comporte encore au moins deux \u00e9tapes : le second tour des \u00e9lections primaires dimanche prochain et le premier tour des \u00e9lections pr\u00e9sidentielle le 23 avril.  Boycott r\u00e9ussi.  Tout d\u2019abord il convient de dire quelques mots de la participation. C\u2019est en g\u00e9n\u00e9ral le premier chiffre d\u00e9voil\u00e9, d\u00e8s vingt heures, Lors de toute soir\u00e9e \u00e9lectorale.  Or 16 heures apr\u00e8s il n\u2019y avait toujours pas de chiffres fiables de la participation \u00e0 la primaire du P.S. le premier secr\u00e9taire de ce parti, Jean-Christophe Cambad\u00e9lis, avait fix\u00e9 \u00e0 1 million cinq  \u00e0 deux millions, le chiffre plancher en dessous duquel cette \u00e9lection perdrait toute cr\u00e9dibilit\u00e9.  Le retard incroyable pris pour r\u00e9v\u00e9ler les chiffres de la participation r\u00e9elle donne \u00e0 croire que celle-ci a \u00e9t\u00e9 en de\u00e7\u00e0 et que cela explique l\u2019embarras des instances dirigeantes du Parti qui devraient en les publiant avouer leur fiasco. Cela laisse m\u00eame planer des doutes et ouvre la carri\u00e8re de certaines rumeurs sur d\u2019\u00e9ventuels tripatouillages pour dissimuler cette r\u00e9alit\u00e9, tenter d\u2019augmenter le chiffres de quelques dizaines de mille pour \u00eatre un peu au-dessus du niveau plancher. D\u00e9cid\u00e9ment dans cette aventure le PS aura eu recours \u00e0 bien des stratag\u00e8mes qui insultent la d\u00e9mocratie dont il se pr\u00e9tend un champion. N\u2019a-t-il pas men\u00e9 une guerre de l\u2019ombre sur le net, dont \u00ab la voie des sans voix \u00bb est elle-m\u00eame encore victime, pour faire taire les voix dissidentes et les critiques, au m\u00e9pris de la libert\u00e9 d\u2019expression ?  Oh certes, il y a eu tout de m\u00eame des \u00e9lecteurs qui se s\u2019ont d\u00e9plac\u00e9s. Nous n\u2019en doutions pas. Il en va ainsi dans tout scrutin. Il y a les partisans av\u00e9r\u00e9s et les gentils, les timides, toujours dispos\u00e9e \u00e0 donner une \u00ab nouvelle chance \u00bb. Un million et demi, ou moins, de Fran\u00e7ais sont all\u00e9s voter \u00e0 ces primaires. Soit presque la moiti\u00e9 moins qu\u2019aux pr\u00e9c\u00e9dentes, les premi\u00e8res, de 2012 (2 million 700 000). Pas m\u00eame de quoi assurer une vraie cr\u00e9dibilit\u00e9 au candidat qui sera d\u00e9sign\u00e9. Or, si on compare avec la participation aux primaires de droite, 4 millions 300 mille votants, c\u2019est un v\u00e9ritable camouflet, une humiliation que vient de subir le Parti Socialiste.  La voie des sans voix a apport\u00e9 sa contribution \u00e0 cette sanction, nous nous f\u00e9licitons de ce premier r\u00e9sultat et poursuivront notre action pour \u00ab sortir \u00bb Valls d\u00e9finitivement et pour le boycott du second tour.  Valls se trompe  Benoit Hamon est arriv\u00e9 en t\u00eate du suffrage du premier tour. Il s\u2019est agi d\u2019un vote \u00ab identitaire \u00bb de la gauche. Personne, except\u00e9 quelques ben\u00eats, ne croit \u00e0 une quelconque victoire possible de celle-ci aux prochaines pr\u00e9sidentielles. Nombre de ceux qui sont all\u00e9 voter l\u2019ont donc fait non dans l\u2019esprit de d\u00e9signer un possible prochain pr\u00e9sident de la R\u00e9publique, mais avec l\u2019intention de marquer leur attachement aux \u00ab valeurs de gauche \u00bb et leur souhait d\u2019un ressourcement du P.S. C\u2019est ce qui a  desservi Arnault Montebourg qui \u00e9tait lui, \u00e0 cheval entre \u00ab id\u00e9ologie \u00bb et \u00ab r\u00e9alisme pr\u00e9sidentiable \u00bb.   Heureusement pour le PS, serions-nous tent\u00e9s de dire, qu\u2019existe ce volant de gentils \u00e9lecteurs qui par leur contribution au scrutin ont tout de m\u00eame limit\u00e9 un peu les d\u00e9g\u00e2ts. Sans eux, certes Manuels Valls serait peut-\u00eatre arriv\u00e9 en t\u00eate. Mais il aurait \u00e9t\u00e9 l\u2019\u00e9lu d\u2019un scrutin humiliant \u00e0 moins d\u2019un million de suffrages.  Valls lui, en a aussit\u00f4t conclu que son cr\u00e9neau \u00e9tait l\u00e0, il serait celui qui a une vraie stature de pr\u00e9sidentiable, qui incarnerait la \u00ab gauche qui veut gouverner \u00bb contre la \u00ab gauche qui r\u00eave \u00bb. Il a sit\u00f4t utilis\u00e9 son temps d\u2019antenne hier soir pour faire son premier meeting de campagne du second tour. Il a affirm\u00e9 alors que \u00ab le choix du second tour serait \u00ab entre la d\u00e9faite assur\u00e9e (Hamon) et la victoire possible (lui).  Mais c\u2019est l\u00e0 que \u00e7a p\u00e8che. Pourquoi la quasi-totalit\u00e9 des acteurs et \u00e9lecteurs de base sont-ils persuad\u00e9s contrairement \u00e0 Valls que la gauche n\u2019a aucune chance de l\u2019emporter ? Parce que tous sont conscients de la profonde d\u00e9moralisation de l\u2019\u00e9lectorat de gauche qu\u2019a achev\u00e9 le quinquennat de Fran\u00e7ois Hollande. Tous sont conscients de la terrible sanction que les \u00e9lecteurs entendent infliger \u00e0 la \u00ab gauche PS. Or, dans cet \u00e9tat de fait Manuel Valls porte une lourde part de responsabilit\u00e9. Il est bien le plus mal plac\u00e9 pour conjurer le sort.  Valls imagine que \u00ab son exp\u00e9rience \u00bb des affaires qui lui donne une stature d\u2019homme d\u2019Etat, va faire la diff\u00e9rence car croit-il, les \u00e9lecteurs de gauche du second tour voudront v\u00e9ritablement d\u00e9signer un candidat en mesure de gagner les pr\u00e9sidentielles. Mais en v\u00e9rit\u00e9 les \u00e9lecteurs sont persuad\u00e9s que ni Valls, ni personne \u2018\u00e0 gauche \u00bb ne peut gagner les pr\u00e9sidentielles. Sa \u00ab stature suppos\u00e9e de pr\u00e9sidentiable \u00bb ne lui servira \u00e0 rien.  Manuels Valls veut incarner cette gauche \u00ab r\u00e9aliste \u00bb qui entend gouverner et non pas seulement t\u00e9moigner. Soit. Mais la gauche r\u00e9aliste qui veut gouverner n\u2019est-ce pas celle qui fait depuis plus de 40 ans la m\u00eame politique que la droite ? Qu\u2019en ont-ils \u00e0 faire les \u00e9lecteurs \u00ab de gauche \u00bb ? Et plus largement les salari\u00e9s, les classes laborieuses, qu\u2019en ont-ils \u00e0 faire d\u2019une gauche qui veut gouverner \u00e0 droite ? C\u2019est pr\u00e9cis\u00e9ment ce que veulent sanctionner les \u00e9lecteurs. Si c\u2019est pour faire la politique de la droite qu\u2019elle veut gouverner, elle peut rester \u00e0 la maison \u00ab leur dr\u00f4le de Gauche \u00bb.   Voil\u00e0 pourquoi d\u00e8s hier soir Valls s\u2019est d\u00e9j\u00e0 plant\u00e9 et voil\u00e0 pourquoi il sera battu, humili\u00e9 au second tour des primaires de la gauche dimanche prochain.  Patrick Seignon. \u00ab lavoiedessansvoix.fr \u00bb Lundi 23 janvier 2016.<\/p>\n","protected":false},"excerpt":{"rendered":"<p>LA SANCTIONOu, pourquoi Valls va se \u00ab planter \u00bb Nous appelions, nous appelons toujours, \u00e0 battre Valls et \u00e0 boycotter [&hellip;]<\/p>\n","protected":false},"author":1,"featured_media":4466,"comment_status":"open","ping_status":"open","sticky":false,"template":"","format":"standard","meta":{"sfsi_plus_gutenberg_text_before_share":"","sfsi_plus_gutenberg_show_text_before_share":"","sfsi_plus_gutenberg_icon_type":"","sfsi_plus_gutenberg_icon_alignemt":"","sfsi_plus_gutenburg_max_per_row":"","site-sidebar-layout":"default","site-content-layout":"","ast-site-content-layout":"default","site-content-style":"default","site-sidebar-style":"default","ast-global-header-display":"","ast-banner-title-visibility":"","ast-main-header-display":"","ast-hfb-above-header-display":"","ast-hfb-below-header-display":"","ast-hfb-mobile-header-display":"","site-post-title":"","ast-breadcrumbs-content":"","ast-featured-img":"","footer-sml-layout":"","ast-disable-related-posts":"","theme-transparent-header-meta":"","adv-header-id-meta":"","stick-header-meta":"","header-above-stick-meta":"","header-main-stick-meta":"","header-below-stick-meta":"","astra-migrate-meta-layouts":"default","ast-page-background-enabled":"default","ast-page-background-meta":{"desktop":{"background-color":"var(--ast-global-color-4)","background-image":"","background-repeat":"repeat","background-position":"center center","background-size":"auto","background-attachment":"scroll","background-type":"","background-media":"","overlay-type":"","overlay-color":"","overlay-opacity":"","overlay-gradient":""},"tablet":{"background-color":"","background-image":"","background-repeat":"repeat","background-position":"center center","background-size":"auto","background-attachment":"scroll","background-type":"","background-media":"","overlay-type":"","overlay-color":"","overlay-opacity":"","overlay-gradient":""},"mobile":{"background-color":"","background-image":"","background-repeat":"repeat","background-position":"center center","background-size":"auto","background-attachment":"scroll","background-type":"","background-media":"","overlay-type":"","overlay-color":"","overlay-opacity":"","overlay-gradient":""}},"ast-content-background-meta":{"desktop":{"background-color":"var(--ast-global-color-5)","background-image":"","background-repeat":"repeat","background-position":"center center","background-size":"auto","background-attachment":"scroll","background-type":"","background-media":"","overlay-type":"","overlay-color":"","overlay-opacity":"","overlay-gradient":""},"tablet":{"background-color":"var(--ast-global-color-5)","background-image":"","background-repeat":"repeat","background-position":"center center","background-size":"auto","background-attachment":"scroll","background-type":"","background-media":"","overlay-type":"","overlay-color":"","overlay-opacity":"","overlay-gradient":""},"mobile":{"background-color":"var(--ast-global-color-5)","background-image":"","background-repeat":"repeat","background-position":"center center","background-size":"auto","background-attachment":"scroll","background-type":"","background-media":"","overlay-type":"","overlay-color":"","overlay-opacity":"","overlay-gradient":""}},"footnotes":""},"categories":[16],"tags":[],"class_list":["post-881","post","type-post","status-publish","format-standard","has-post-thumbnail","hentry","category-archives-cms"],"_links":{"self":[{"href":"https:\/\/lavoiedessansvoix.fr\/lavoie\/wp-json\/wp\/v2\/posts\/881","targetHints":{"allow":["GET"]}}],"collection":[{"href":"https:\/\/lavoiedessansvoix.fr\/lavoie\/wp-json\/wp\/v2\/posts"}],"about":[{"href":"https:\/\/lavoiedessansvoix.fr\/lavoie\/wp-json\/wp\/v2\/types\/post"}],"author":[{"embeddable":true,"href":"https:\/\/lavoiedessansvoix.fr\/lavoie\/wp-json\/wp\/v2\/users\/1"}],"replies":[{"embeddable":true,"href":"https:\/\/lavoiedessansvoix.fr\/lavoie\/wp-json\/wp\/v2\/comments?post=881"}],"version-history":[{"count":1,"href":"https:\/\/lavoiedessansvoix.fr\/lavoie\/wp-json\/wp\/v2\/posts\/881\/revisions"}],"predecessor-version":[{"id":3781,"href":"https:\/\/lavoiedessansvoix.fr\/lavoie\/wp-json\/wp\/v2\/posts\/881\/revisions\/3781"}],"wp:featuredmedia":[{"embeddable":true,"href":"https:\/\/lavoiedessansvoix.fr\/lavoie\/wp-json\/wp\/v2\/media\/4466"}],"wp:attachment":[{"href":"https:\/\/lavoiedessansvoix.fr\/lavoie\/wp-json\/wp\/v2\/media?parent=881"}],"wp:term":[{"taxonomy":"category","embeddable":true,"href":"https:\/\/lavoiedessansvoix.fr\/lavoie\/wp-json\/wp\/v2\/categories?post=881"},{"taxonomy":"post_tag","embeddable":true,"href":"https:\/\/lavoiedessansvoix.fr\/lavoie\/wp-json\/wp\/v2\/tags?post=881"}],"curies":[{"name":"wp","href":"https:\/\/api.w.org\/{rel}","templated":true}]}}