{"id":880,"date":"2017-01-25T09:22:00","date_gmt":"2017-01-25T08:22:00","guid":{"rendered":"https:\/\/lavoiedessansvoix.fr\/lavoie\/2017\/01\/25\/archive-le-ps-a-la-casse\/"},"modified":"2026-04-26T21:39:19","modified_gmt":"2026-04-26T19:39:19","slug":"archive-le-ps-a-la-casse","status":"publish","type":"post","link":"https:\/\/lavoiedessansvoix.fr\/lavoie\/2017\/01\/25\/archive-le-ps-a-la-casse\/","title":{"rendered":"LE PS A LA CASSE ?"},"content":{"rendered":"<p>LE PS A LA CASSE ?   Voil\u00e0 donc un deuxi\u00e8me tour des primaires de la gauche PS o\u00f9 vont se confronter deux tendances antagoniques, dans les personnes de Valls \u00ab le social lib\u00e9ral \u00bb et celle de Hamon \u00ab le social-d\u00e9mocrate \u00bb (dans l\u2019acception historique de ce terme). Alors une question se pose \u00e0 laquelle nous avons d\u00e9j\u00e0 r\u00e9pondu certes mais sur laquelle il nous parait utile de revenir. Pour battre Valls ce que vous \u00eates nombreux \u00e0 vouloir, et nous de m\u00eame, doit-on aller voter dimanche prochain pour \u00e9lire Hamon ?   Benoit Hamon est sans nul doute un gentil gar\u00e7on, mais cela ne change rien au fond des choses. Aller voter Hamon c\u2019est voter pour \u00ab sauver le PS \u00bb et sauver le PS c\u2019est renouveler sa l\u00e9gitimit\u00e9 comme parti pivot de \u00ab la gauche \u00bb, le sauver comme parti \u00ab d\u2019alternance \u00bb et \u00ab de gouvernement \u00bb. Or qu\u2019est-ce que cela veut dire \u00ab alternance et gouvernement \u00bb ? Cela veut dire \u00ab bipartisme \u00bb et donc n\u00e9crose du tissus d\u00e9mocratique. Cela veut dire comme l\u2019exprime si bien et si directement Valls \u00ab le r\u00e9alisme pour gouverner cette soci\u00e9t\u00e9 in\u00e9galitaire au profit des riches et en cessant de faire r\u00eaver les pauvres \u00e0 un partage plus \u00e9quitable des richesses. \u00bb C\u2019est-vouloir rendre vie, quand il est pr\u00e8s de rendre l\u2019\u00e2me, \u00e0 cet outil de domination politique qui en quarante ans a organis\u00e9 le d\u00e9sastre social actuel, d\u00e9moralis\u00e9es les classes laborieuses, d\u00e9mobilis\u00e9es les r\u00e9sistances populaires, souffl\u00e9e la flamme de l\u2019esp\u00e9rance socialiste dans une soci\u00e9t\u00e9 meilleure.  Les enjeux d\u00e9passent largement la personne de Benoit Hamon. Il ne convient pas de donner par la participation au scrutin de la l\u00e9gitimit\u00e9 \u00e0 ce deuxi\u00e8me tour des \u00e9lections primaires du PS.  Il faut au contraire que la participation d\u00e9plorable confirme le boycott du premier tour. Pour battre Valls il ne convient pas de voter Hamon, il ne faut pas voter du tout. Certains h\u00e9sitent : \u00ab si je ne vais pas voter Hamon c\u2019est Valls qui va passer ! \u00bb M\u00eame pas. Et puis si tel \u00e9tait le cas, imaginez un peu, le candidat PS quel qu\u2019il soit ne devrait m\u00eame pas franchir le cap du premier tour des pr\u00e9sidentielles. Alors si ce Candidat \u00e9tait Valls entrant en course avec le handicap d\u2019une l\u00e9gitimit\u00e9 douteuse r\u00e9sultant d\u2019une trop faible participation aux primaires, c\u2019est \u00e0 une v\u00e9ritable humiliation qu\u2019il s\u2019exposerait.  Il faut puisque l\u2019Histoire nous le propose achever la liquidation du Parti Socialiste d\u2019Epinay, ce parti con\u00e7u pour gouverner les affaires du capital avec les voix du peuple et non pour d\u00e9fendre les int\u00e9r\u00eats de ce dernier.  D\u2019ailleurs, la mise en liquidation du PS n\u2019est pas v\u00e9ritablement notre fait, c\u2019est celui de sa droite social-lib\u00e9rale, les Hollande, Valls, et  Macron.  J\u2019ai expliqu\u00e9 ailleurs (Social Bonapartisme et Classe Ouvri\u00e8re) ce qu\u2019\u00e9tait la vocation de ce parti et sa trajectoire historique vers un parti \u00ab d\u00e9mocrate \u00bb \u00e0 l\u2019am\u00e9ricaine. J\u2019ai expliqu\u00e9 aussi ce que cela impliquait sur l\u2019\u00e9volution de son spectre \u00e9lectoral. La crise, la mondialisation, le siphonage d\u2019une large part des voix ouvri\u00e8res et populaires par le FN ont rendu ses \u00e9volutions plus pressantes. Le quinquennat de Fran\u00e7ois Hollande a pris le virage du \u00ab Social-lib\u00e9ralisme \u00bb avec l\u2019intention de l\u2019imposer \u00e0 tout le PS. Mais peut-\u00eatre le virage a t\u2019il \u00e9t\u00e9 n\u00e9goci\u00e9 un peu rudement ? Des tendances centrifuges se sont manifest\u00e9es. Pour autant l\u2019\u00e9quipe de pilotage gouvernementale n\u2019a pas voulu amender sa conduite. C\u2019est donc bien elle qui a pris d\u00e8s ce temps la responsabilit\u00e9 d\u2019en finir avec le PS d\u2019Epinay li\u00e9 \u00e0 l\u2019histoire de la gauche (un parti communiste fort et un mouvement syndical combatif toutes choses r\u00e9volues). Et la preuve, s\u2019il en fallait un,e de cette responsabilit\u00e9 clairement assum\u00e9e par le trio des liquidateurs, c\u2019est cette fameuse op\u00e9ration Macron, conduite de si longue main.   Nous avons sur le sujet \u00e9crit d\u00e9j\u00e0 deux articles ; \u00ab  Mais qu\u2019est-ce donc que cette macronnade? \u00bb (25 avril 2016) et \u00ab Le bouffon de la R\u00e9publique(17\/11\/2016)  \u00bb o\u00f9 nous expliquions l\u2019\u00e9volution recherch\u00e9 du spectre \u00e9lectoral du PS vers le centre et la droite. Ce que nous n\u2019avions pas totalement d\u00e9crit alors car nous ne l\u2019avions pas vraiment vu venir, c\u2019est la mise en r\u00e9serve de la candidature Macron comme p\u00f4le de recomposition du PS social-lib\u00e9ral d\u00e9gag\u00e9 de la vieille peau de l\u00e9zard du PS d\u2019Epinay. L\u2019\u00e9quipe des trois comploteurs machiav\u00e9liques avaient pr\u00e9m\u00e9dit\u00e9 leur coup d\u00e8s le temps, ou peut-\u00eatre m\u00eame un peu avant, que Macron ne prenne ses distances d\u2019avec le gouvernement, ils avaient envisag\u00e9 cette option de \u00ab p\u00e9ter \u00bb si n\u00e9cessaire le PS de Fran\u00e7ois Mitterrand.  Eux ont pr\u00e9par\u00e9 leur coup et leur \u00ab option de repli \u00bb la candidature Macron. Si Hamon l\u2019emporte ou si Valls et ridiculis\u00e9 par une participation trop faible, vous allez les voir en nombre, comme des rats, fuir le navire PS et demander asile \u00e0 Macron. Et nous devrions nous assister en simple spectateurs d\u00e9boussol\u00e9s, nous \u00e9puiser \u00e0 faire de la respiration artificielle au cadavre du parti qu\u2019ils ont perc\u00e9 de leurs trois poignards ?  Il y a mieux \u00e0 faire, nous aussi avons une solution de repli dans la candidature de Jean-Luc M\u00e9lenchon. Nous aussi pouvons recomposer autour de celle-ci une gauche v\u00e9ritable de transformation sociale  Patrick Seignon. \u00ab lavoiedessansvoix.fr \u00bb. Mercredi 23 janvier 2016.<\/p>\n","protected":false},"excerpt":{"rendered":"<p>LE PS A LA CASSE ? Voil\u00e0 donc un deuxi\u00e8me tour des primaires de la gauche PS o\u00f9 vont se [&hellip;]<\/p>\n","protected":false},"author":1,"featured_media":4465,"comment_status":"open","ping_status":"open","sticky":false,"template":"","format":"standard","meta":{"sfsi_plus_gutenberg_text_before_share":"","sfsi_plus_gutenberg_show_text_before_share":"","sfsi_plus_gutenberg_icon_type":"","sfsi_plus_gutenberg_icon_alignemt":"","sfsi_plus_gutenburg_max_per_row":"","site-sidebar-layout":"default","site-content-layout":"","ast-site-content-layout":"default","site-content-style":"default","site-sidebar-style":"default","ast-global-header-display":"","ast-banner-title-visibility":"","ast-main-header-display":"","ast-hfb-above-header-display":"","ast-hfb-below-header-display":"","ast-hfb-mobile-header-display":"","site-post-title":"","ast-breadcrumbs-content":"","ast-featured-img":"","footer-sml-layout":"","ast-disable-related-posts":"","theme-transparent-header-meta":"","adv-header-id-meta":"","stick-header-meta":"","header-above-stick-meta":"","header-main-stick-meta":"","header-below-stick-meta":"","astra-migrate-meta-layouts":"default","ast-page-background-enabled":"default","ast-page-background-meta":{"desktop":{"background-color":"var(--ast-global-color-4)","background-image":"","background-repeat":"repeat","background-position":"center center","background-size":"auto","background-attachment":"scroll","background-type":"","background-media":"","overlay-type":"","overlay-color":"","overlay-opacity":"","overlay-gradient":""},"tablet":{"background-color":"","background-image":"","background-repeat":"repeat","background-position":"center center","background-size":"auto","background-attachment":"scroll","background-type":"","background-media":"","overlay-type":"","overlay-color":"","overlay-opacity":"","overlay-gradient":""},"mobile":{"background-color":"","background-image":"","background-repeat":"repeat","background-position":"center center","background-size":"auto","background-attachment":"scroll","background-type":"","background-media":"","overlay-type":"","overlay-color":"","overlay-opacity":"","overlay-gradient":""}},"ast-content-background-meta":{"desktop":{"background-color":"var(--ast-global-color-5)","background-image":"","background-repeat":"repeat","background-position":"center center","background-size":"auto","background-attachment":"scroll","background-type":"","background-media":"","overlay-type":"","overlay-color":"","overlay-opacity":"","overlay-gradient":""},"tablet":{"background-color":"var(--ast-global-color-5)","background-image":"","background-repeat":"repeat","background-position":"center center","background-size":"auto","background-attachment":"scroll","background-type":"","background-media":"","overlay-type":"","overlay-color":"","overlay-opacity":"","overlay-gradient":""},"mobile":{"background-color":"var(--ast-global-color-5)","background-image":"","background-repeat":"repeat","background-position":"center center","background-size":"auto","background-attachment":"scroll","background-type":"","background-media":"","overlay-type":"","overlay-color":"","overlay-opacity":"","overlay-gradient":""}},"footnotes":""},"categories":[16],"tags":[],"class_list":["post-880","post","type-post","status-publish","format-standard","has-post-thumbnail","hentry","category-archives-cms"],"_links":{"self":[{"href":"https:\/\/lavoiedessansvoix.fr\/lavoie\/wp-json\/wp\/v2\/posts\/880","targetHints":{"allow":["GET"]}}],"collection":[{"href":"https:\/\/lavoiedessansvoix.fr\/lavoie\/wp-json\/wp\/v2\/posts"}],"about":[{"href":"https:\/\/lavoiedessansvoix.fr\/lavoie\/wp-json\/wp\/v2\/types\/post"}],"author":[{"embeddable":true,"href":"https:\/\/lavoiedessansvoix.fr\/lavoie\/wp-json\/wp\/v2\/users\/1"}],"replies":[{"embeddable":true,"href":"https:\/\/lavoiedessansvoix.fr\/lavoie\/wp-json\/wp\/v2\/comments?post=880"}],"version-history":[{"count":1,"href":"https:\/\/lavoiedessansvoix.fr\/lavoie\/wp-json\/wp\/v2\/posts\/880\/revisions"}],"predecessor-version":[{"id":3779,"href":"https:\/\/lavoiedessansvoix.fr\/lavoie\/wp-json\/wp\/v2\/posts\/880\/revisions\/3779"}],"wp:featuredmedia":[{"embeddable":true,"href":"https:\/\/lavoiedessansvoix.fr\/lavoie\/wp-json\/wp\/v2\/media\/4465"}],"wp:attachment":[{"href":"https:\/\/lavoiedessansvoix.fr\/lavoie\/wp-json\/wp\/v2\/media?parent=880"}],"wp:term":[{"taxonomy":"category","embeddable":true,"href":"https:\/\/lavoiedessansvoix.fr\/lavoie\/wp-json\/wp\/v2\/categories?post=880"},{"taxonomy":"post_tag","embeddable":true,"href":"https:\/\/lavoiedessansvoix.fr\/lavoie\/wp-json\/wp\/v2\/tags?post=880"}],"curies":[{"name":"wp","href":"https:\/\/api.w.org\/{rel}","templated":true}]}}