{"id":875,"date":"2017-02-10T16:16:00","date_gmt":"2017-02-10T15:16:00","guid":{"rendered":"https:\/\/lavoiedessansvoix.fr\/lavoie\/2017\/02\/10\/archive-justice-pour-theo-appel-a-l-indignation-citoyenne\/"},"modified":"2026-04-26T21:38:36","modified_gmt":"2026-04-26T19:38:36","slug":"archive-justice-pour-theo-appel-a-l-indignation-citoyenne","status":"publish","type":"post","link":"https:\/\/lavoiedessansvoix.fr\/lavoie\/2017\/02\/10\/archive-justice-pour-theo-appel-a-l-indignation-citoyenne\/","title":{"rendered":"JUSTICE POUR TH\u00c9O  (Appel \u00e0 l\u2019indignation citoyenne)"},"content":{"rendered":"<p>JUSTICE POUR TH\u00c9O  (Appel \u00e0 l\u2019indignation citoyenne)   Je suis malade d&rsquo;indignation et j&rsquo;enrage !  Vous l\u2019\u00eates autant que moi, j\u2019en suis s\u00fbr, si vous avez entendu hier soir cette information insens\u00e9e qui nous apprenait les premi\u00e8res conclusions de l\u2019IGPN sur le forfait policier d\u2019Aulnay-Sous-Bois.  Dans notre pr\u00e9c\u00e9dent article sur le sujet, \u00ab BARBARIE C\u2019EST TOI QUI L\u2019A VOULU \u00bb (6 f\u00e9vrier 2017) nous pr\u00e9venions que \u00ab nous ne voulons rien entendre du \u00ab contexte \u00bb ni des circonstances particuli\u00e8re de l\u2019interpellation par quoi les policiers leur hi\u00e9rarchie ou leurs d\u00e9fenseurs tenteraient, sinon d\u2019excuser, au moins d\u2019att\u00e9nuer la faute des policiers. Les faits sont trop graves pour que l\u2019on accepte le moindre argument \u00e0 d\u00e9charge. \u00bb  Or, 24 heures ne se sont pas \u00e9coul\u00e9es que d\u00e9j\u00e0 l\u2019IGPN, la police des polices, vole au secours des policiers criminels.  Le pantalon est tomb\u00e9 tout seul, par accident ?  Et le slip, la culotte, le cale\u00e7on, comme vous voulez, il est tomb\u00e9 aussi ?   Ah bon il n\u2019en avait pas ? On n\u2019a pas id\u00e9e de se promener sans cale\u00e7on en pays de barbarie.   Donc le pantalon est tomb\u00e9 par inadvertance et la matraque c\u2019est plant\u00e9 de 10 centim\u00e8tres dans son anus de mani\u00e8re tout \u00e0 fait inopin\u00e9e   Bien s\u00fbr, personne n\u2019y croit. Quel culot, quelle ind\u00e9cence de ces hommes, qui adoptent une pareille ligne de d\u00e9fense. Ils se sont rendus coupables de viol, d\u2019actes de tortures et de barbarie, comme nous l\u2019avons d\u00e9j\u00e0 \u00e9crit. C\u2019est tr\u00e8s grave quand les charg\u00e9s de l\u2019ordre et de la s\u00e9curit\u00e9 des citoyens se conduisent ainsi quel que soit le pays. \u00c7a l\u2019est d\u2019autant plus dans un pays qui se pr\u00e9tend un exemple de \u00ab d\u00e9mocratie \u00bb et \u00ab d\u2019\u00c9tat de droit \u00bb pour le monde entier. Ce sont des actes isol\u00e9s tout de m\u00eame et il ne convient pas d\u2019en faire porter la responsabilit\u00e9 sur toute l\u2019institution polici\u00e8re, comme se sont avis\u00e9s d\u2019argumenter certains commentateurs. On voudrait les croire.  Mais lorsque \u00ab la police des police \u00bb charg\u00e9 de faire respecter l\u2019\u00e9thique polici\u00e8re se solidarise ouvertement avec les policiers d\u00e9linquants en tentant de donner du cr\u00e9dit \u00e0 leurs balivernes horribles, l\u2019on est d\u00e9j\u00e0 plus dans l\u2019acte isol\u00e9. Nous entrons de plein pied dans \u00ab le fait de soci\u00e9t\u00e9 \u00bb, dans la solidarit\u00e9 criminelle, dans la barbarie socialement assum\u00e9e.  Le mandat pr\u00e9sidentiel de Fran\u00e7ois hollande qui se termine dans l\u2019opprobre et la d\u00e9bandade politique, va-t-il s\u2019achever aussi dans la honte et le d\u00e9go\u00fbt que suscite une telle affaire ? L\u2019affaire Th\u00e9o d\u2019Aulnay-Sous-Bois marquera-t-elle de la tache ind\u00e9l\u00e9bile de l\u2019ignominie la fin du quinquennat de l\u2019homme qui hurlait au respect des droits de l\u2019Homme ?  Si les pouvoirs judiciaires et politiques venaient \u00e0 couvrir de tels agissements, et une sanction inappropri\u00e9e peut-\u00eatre une forme de couverture,  et s\u2019en faisaient ainsi les complices, on ne serait plus dans \u00ab l\u2019acte isol\u00e9 \u00bb ou la \u00ab bavure \u00bb, mais d\u00e9j\u00e0 install\u00e9s de plain-pied dans la \u00ab dictature polici\u00e8re \u00bb. Esp\u00e9rons encore que les choses n\u2019iront pas jusque-l\u00e0.  Alors debout, amis lecteurs, citoyens, camarades, dites avec moi par millions votre indignation, et votre exigence d\u2019une vrai \u00ab Justice pour Th\u00e9o \u00bb, victime de viol, s\u00e9vices, tortures et actes de barbarie.  Patrick Seignon. \u00ab lavoie des sans voix.fr \u00bb Vendredi 9 f\u00e9vrier 2017.Signez la p\u00e9tition \u00ab\u00a0JUSTICE POUR THEO\u00a0\u00bb sur \u00ab\u00a0Change.org\u00a0\u00bb :https:\/\/www.change.org\/p\/patrick-seignon-justice-pour-theo?recruiter=75836660&#038;utm_source=share_for_starters&#038;utm_medium=copyLink<\/p>\n","protected":false},"excerpt":{"rendered":"<p>JUSTICE POUR TH\u00c9O (Appel \u00e0 l\u2019indignation citoyenne) Je suis malade d&rsquo;indignation et j&rsquo;enrage ! Vous l\u2019\u00eates autant que moi, j\u2019en [&hellip;]<\/p>\n","protected":false},"author":1,"featured_media":4460,"comment_status":"open","ping_status":"open","sticky":false,"template":"","format":"standard","meta":{"sfsi_plus_gutenberg_text_before_share":"","sfsi_plus_gutenberg_show_text_before_share":"","sfsi_plus_gutenberg_icon_type":"","sfsi_plus_gutenberg_icon_alignemt":"","sfsi_plus_gutenburg_max_per_row":"","site-sidebar-layout":"default","site-content-layout":"","ast-site-content-layout":"default","site-content-style":"default","site-sidebar-style":"default","ast-global-header-display":"","ast-banner-title-visibility":"","ast-main-header-display":"","ast-hfb-above-header-display":"","ast-hfb-below-header-display":"","ast-hfb-mobile-header-display":"","site-post-title":"","ast-breadcrumbs-content":"","ast-featured-img":"","footer-sml-layout":"","ast-disable-related-posts":"","theme-transparent-header-meta":"","adv-header-id-meta":"","stick-header-meta":"","header-above-stick-meta":"","header-main-stick-meta":"","header-below-stick-meta":"","astra-migrate-meta-layouts":"default","ast-page-background-enabled":"default","ast-page-background-meta":{"desktop":{"background-color":"var(--ast-global-color-4)","background-image":"","background-repeat":"repeat","background-position":"center center","background-size":"auto","background-attachment":"scroll","background-type":"","background-media":"","overlay-type":"","overlay-color":"","overlay-opacity":"","overlay-gradient":""},"tablet":{"background-color":"","background-image":"","background-repeat":"repeat","background-position":"center center","background-size":"auto","background-attachment":"scroll","background-type":"","background-media":"","overlay-type":"","overlay-color":"","overlay-opacity":"","overlay-gradient":""},"mobile":{"background-color":"","background-image":"","background-repeat":"repeat","background-position":"center center","background-size":"auto","background-attachment":"scroll","background-type":"","background-media":"","overlay-type":"","overlay-color":"","overlay-opacity":"","overlay-gradient":""}},"ast-content-background-meta":{"desktop":{"background-color":"var(--ast-global-color-5)","background-image":"","background-repeat":"repeat","background-position":"center center","background-size":"auto","background-attachment":"scroll","background-type":"","background-media":"","overlay-type":"","overlay-color":"","overlay-opacity":"","overlay-gradient":""},"tablet":{"background-color":"var(--ast-global-color-5)","background-image":"","background-repeat":"repeat","background-position":"center center","background-size":"auto","background-attachment":"scroll","background-type":"","background-media":"","overlay-type":"","overlay-color":"","overlay-opacity":"","overlay-gradient":""},"mobile":{"background-color":"var(--ast-global-color-5)","background-image":"","background-repeat":"repeat","background-position":"center center","background-size":"auto","background-attachment":"scroll","background-type":"","background-media":"","overlay-type":"","overlay-color":"","overlay-opacity":"","overlay-gradient":""}},"footnotes":""},"categories":[16],"tags":[],"class_list":["post-875","post","type-post","status-publish","format-standard","has-post-thumbnail","hentry","category-archives-cms"],"_links":{"self":[{"href":"https:\/\/lavoiedessansvoix.fr\/lavoie\/wp-json\/wp\/v2\/posts\/875","targetHints":{"allow":["GET"]}}],"collection":[{"href":"https:\/\/lavoiedessansvoix.fr\/lavoie\/wp-json\/wp\/v2\/posts"}],"about":[{"href":"https:\/\/lavoiedessansvoix.fr\/lavoie\/wp-json\/wp\/v2\/types\/post"}],"author":[{"embeddable":true,"href":"https:\/\/lavoiedessansvoix.fr\/lavoie\/wp-json\/wp\/v2\/users\/1"}],"replies":[{"embeddable":true,"href":"https:\/\/lavoiedessansvoix.fr\/lavoie\/wp-json\/wp\/v2\/comments?post=875"}],"version-history":[{"count":1,"href":"https:\/\/lavoiedessansvoix.fr\/lavoie\/wp-json\/wp\/v2\/posts\/875\/revisions"}],"predecessor-version":[{"id":3769,"href":"https:\/\/lavoiedessansvoix.fr\/lavoie\/wp-json\/wp\/v2\/posts\/875\/revisions\/3769"}],"wp:featuredmedia":[{"embeddable":true,"href":"https:\/\/lavoiedessansvoix.fr\/lavoie\/wp-json\/wp\/v2\/media\/4460"}],"wp:attachment":[{"href":"https:\/\/lavoiedessansvoix.fr\/lavoie\/wp-json\/wp\/v2\/media?parent=875"}],"wp:term":[{"taxonomy":"category","embeddable":true,"href":"https:\/\/lavoiedessansvoix.fr\/lavoie\/wp-json\/wp\/v2\/categories?post=875"},{"taxonomy":"post_tag","embeddable":true,"href":"https:\/\/lavoiedessansvoix.fr\/lavoie\/wp-json\/wp\/v2\/tags?post=875"}],"curies":[{"name":"wp","href":"https:\/\/api.w.org\/{rel}","templated":true}]}}