{"id":874,"date":"2017-02-13T08:46:00","date_gmt":"2017-02-13T07:46:00","guid":{"rendered":"https:\/\/lavoiedessansvoix.fr\/lavoie\/2017\/02\/13\/archive-signez-la-petition-justice-pour-theo\/"},"modified":"2026-04-26T21:38:27","modified_gmt":"2026-04-26T19:38:27","slug":"archive-signez-la-petition-justice-pour-theo","status":"publish","type":"post","link":"https:\/\/lavoiedessansvoix.fr\/lavoie\/2017\/02\/13\/archive-signez-la-petition-justice-pour-theo\/","title":{"rendered":"SIGNEZ LA P\u00c9TITION :  JUSTICE POUR TH\u00c9O"},"content":{"rendered":"<p>SIGNEZ LA P\u00c9TITION :  \u00ab\u00a0JUSTICE POUR TH\u00c9O\u00a0\u00bb   (Appel \u00e0 l\u2019indignation citoyenne)  Vous \u00eates comme nous, malades d\u2019indignation et de rage, si vous avez entendu pr\u00e9c\u00e9demment cette information insens\u00e9e qui relatait les premi\u00e8res conclusions de l\u2019IGPN sur le forfait policier d\u2019Aulnay-Sous-Bois.  Quel que puisse \u00eatre le contexte exact de l\u2019interpellation de Th\u00e9o, rien, pas une circonstance de quelque nature qu\u2019elle soit, ne peut justifier ou excuser l\u2019ignoble conduite de ces policiers ni m\u00eame att\u00e9nuer leur faute. Les faits sont trop graves pour que l\u2019on re\u00e7oive le moindre argument \u00e0 d\u00e9charge.  Or, voil\u00e0 que d\u00e9j\u00e0 l\u2019IGPN, \u00ab la police des polices \u00bb, vole au secours des policiers criminels.  Le pantalon est tomb\u00e9 tout seul, par accident ?  Et le slip, la culotte, le cale\u00e7on, comme vous voulez, il est tomb\u00e9 aussi ?   Donc le pantalon est tomb\u00e9 par inadvertance et la matraque s\u2019est plant\u00e9e de 10 centim\u00e8tres dans l\u2019anus de la victime de mani\u00e8re tout \u00e0 fait inopin\u00e9e.  Bien s\u00fbr, personne n\u2019y croit. Quel culot, quelle ind\u00e9cence affichent ces hommes, qui adoptent une pareille ligne de d\u00e9fense. Ils se sont rendus coupables de viol, d\u2019actes de tortures et de barbarie. C\u2019est tr\u00e8s grave quand les charg\u00e9s de l\u2019ordre et de la s\u00e9curit\u00e9 des citoyens se conduisent ainsi quel que soit le pays o\u00f9 ils s\u00e9vissent. \u00c7a l\u2019est d\u2019autant plus dans un pays, le n\u00f4tre, qui se veut un exemple de \u00ab d\u00e9mocratie \u00bb et \u00ab d\u2019Etat de droit \u00bb pour le monde entier.   \u00ab Ce sont des actes isol\u00e9s tout de m\u00eame et il ne convient pas d\u2019en faire porter la responsabilit\u00e9 sur toute l\u2019institution polici\u00e8re, \u00bb se sont avis\u00e9s d\u2019argumenter certains commentateurs. On voudrait les croire. Mais lorsque \u00ab la police des police \u00bb charg\u00e9e de faire respecter l\u2019\u00e9thique polici\u00e8re se solidarise ouvertement avec les policiers d\u00e9linquants en tentant de donner du cr\u00e9dit \u00e0 leurs balivernes horribles, l\u2019on est autoris\u00e9 \u00e0 en douter. N\u2019entrons nous pas de plein pied dans \u00ab le fait de soci\u00e9t\u00e9 \u00bb, dans la solidarit\u00e9 criminelle, dans la barbarie socialement assum\u00e9e ?  Si les pouvoirs judiciaires et politiques venaient \u00e0 couvrir de tels agissements (une sanction inappropri\u00e9e peut-\u00eatre une forme de couverture)  s\u2019en faisant ainsi les complices, on ne serait plus du tout dans \u00ab l\u2019acte isol\u00e9 \u00bb ou la \u00ab bavure \u00bb, mais d\u00e9j\u00e0 dans la d\u00e9rive soci\u00e9tale de la \u00ab dictature polici\u00e8re \u00bb. Esp\u00e9rons encore que les choses n\u2019iront pas jusque-l\u00e0.  Alors, debout, amis, citoyens indign\u00e9s, dites par milliers, en signant cette p\u00e9tition, le d\u00e9go\u00fbt que vous inspire la conduite de ces policiers et votre exigence d\u2019une vraie justice pour Th\u00e9o \u00bb, victime de viol, s\u00e9vices, tortures et actes de barbarie.  Patrick Seignon.(Tours) Alix Thomas (Marseille) Florence Auger-Jahan (Chinon) Michel Gateau (Aix-en-Provence) 11 f\u00e9vrier 2017https:\/\/www.change.org\/p\/patrick-seignon-justice-pour-theo?recruiter=75836660&#038;utm_source=share_for_starters&#038;utm_medium=copyLink<\/p>\n","protected":false},"excerpt":{"rendered":"<p>SIGNEZ LA P\u00c9TITION : \u00ab\u00a0JUSTICE POUR TH\u00c9O\u00a0\u00bb (Appel \u00e0 l\u2019indignation citoyenne) Vous \u00eates comme nous, malades d\u2019indignation et de rage, [&hellip;]<\/p>\n","protected":false},"author":1,"featured_media":4459,"comment_status":"open","ping_status":"open","sticky":false,"template":"","format":"standard","meta":{"sfsi_plus_gutenberg_text_before_share":"","sfsi_plus_gutenberg_show_text_before_share":"","sfsi_plus_gutenberg_icon_type":"","sfsi_plus_gutenberg_icon_alignemt":"","sfsi_plus_gutenburg_max_per_row":"","site-sidebar-layout":"default","site-content-layout":"","ast-site-content-layout":"default","site-content-style":"default","site-sidebar-style":"default","ast-global-header-display":"","ast-banner-title-visibility":"","ast-main-header-display":"","ast-hfb-above-header-display":"","ast-hfb-below-header-display":"","ast-hfb-mobile-header-display":"","site-post-title":"","ast-breadcrumbs-content":"","ast-featured-img":"","footer-sml-layout":"","ast-disable-related-posts":"","theme-transparent-header-meta":"","adv-header-id-meta":"","stick-header-meta":"","header-above-stick-meta":"","header-main-stick-meta":"","header-below-stick-meta":"","astra-migrate-meta-layouts":"default","ast-page-background-enabled":"default","ast-page-background-meta":{"desktop":{"background-color":"var(--ast-global-color-4)","background-image":"","background-repeat":"repeat","background-position":"center center","background-size":"auto","background-attachment":"scroll","background-type":"","background-media":"","overlay-type":"","overlay-color":"","overlay-opacity":"","overlay-gradient":""},"tablet":{"background-color":"","background-image":"","background-repeat":"repeat","background-position":"center center","background-size":"auto","background-attachment":"scroll","background-type":"","background-media":"","overlay-type":"","overlay-color":"","overlay-opacity":"","overlay-gradient":""},"mobile":{"background-color":"","background-image":"","background-repeat":"repeat","background-position":"center center","background-size":"auto","background-attachment":"scroll","background-type":"","background-media":"","overlay-type":"","overlay-color":"","overlay-opacity":"","overlay-gradient":""}},"ast-content-background-meta":{"desktop":{"background-color":"var(--ast-global-color-5)","background-image":"","background-repeat":"repeat","background-position":"center center","background-size":"auto","background-attachment":"scroll","background-type":"","background-media":"","overlay-type":"","overlay-color":"","overlay-opacity":"","overlay-gradient":""},"tablet":{"background-color":"var(--ast-global-color-5)","background-image":"","background-repeat":"repeat","background-position":"center center","background-size":"auto","background-attachment":"scroll","background-type":"","background-media":"","overlay-type":"","overlay-color":"","overlay-opacity":"","overlay-gradient":""},"mobile":{"background-color":"var(--ast-global-color-5)","background-image":"","background-repeat":"repeat","background-position":"center center","background-size":"auto","background-attachment":"scroll","background-type":"","background-media":"","overlay-type":"","overlay-color":"","overlay-opacity":"","overlay-gradient":""}},"footnotes":""},"categories":[16],"tags":[],"class_list":["post-874","post","type-post","status-publish","format-standard","has-post-thumbnail","hentry","category-archives-cms"],"_links":{"self":[{"href":"https:\/\/lavoiedessansvoix.fr\/lavoie\/wp-json\/wp\/v2\/posts\/874","targetHints":{"allow":["GET"]}}],"collection":[{"href":"https:\/\/lavoiedessansvoix.fr\/lavoie\/wp-json\/wp\/v2\/posts"}],"about":[{"href":"https:\/\/lavoiedessansvoix.fr\/lavoie\/wp-json\/wp\/v2\/types\/post"}],"author":[{"embeddable":true,"href":"https:\/\/lavoiedessansvoix.fr\/lavoie\/wp-json\/wp\/v2\/users\/1"}],"replies":[{"embeddable":true,"href":"https:\/\/lavoiedessansvoix.fr\/lavoie\/wp-json\/wp\/v2\/comments?post=874"}],"version-history":[{"count":1,"href":"https:\/\/lavoiedessansvoix.fr\/lavoie\/wp-json\/wp\/v2\/posts\/874\/revisions"}],"predecessor-version":[{"id":3767,"href":"https:\/\/lavoiedessansvoix.fr\/lavoie\/wp-json\/wp\/v2\/posts\/874\/revisions\/3767"}],"wp:featuredmedia":[{"embeddable":true,"href":"https:\/\/lavoiedessansvoix.fr\/lavoie\/wp-json\/wp\/v2\/media\/4459"}],"wp:attachment":[{"href":"https:\/\/lavoiedessansvoix.fr\/lavoie\/wp-json\/wp\/v2\/media?parent=874"}],"wp:term":[{"taxonomy":"category","embeddable":true,"href":"https:\/\/lavoiedessansvoix.fr\/lavoie\/wp-json\/wp\/v2\/categories?post=874"},{"taxonomy":"post_tag","embeddable":true,"href":"https:\/\/lavoiedessansvoix.fr\/lavoie\/wp-json\/wp\/v2\/tags?post=874"}],"curies":[{"name":"wp","href":"https:\/\/api.w.org\/{rel}","templated":true}]}}