{"id":873,"date":"2017-02-13T17:55:00","date_gmt":"2017-02-13T16:55:00","guid":{"rendered":"https:\/\/lavoiedessansvoix.fr\/lavoie\/2017\/02\/13\/archive-defenderesse-de-l-ordre-ancien-et-partisane-de-quot-l-ordre-nouveau-quot\/"},"modified":"2026-04-26T21:38:16","modified_gmt":"2026-04-26T19:38:16","slug":"archive-defenderesse-de-l-ordre-ancien-et-partisane-de-quot-l-ordre-nouveau-quot","status":"publish","type":"post","link":"https:\/\/lavoiedessansvoix.fr\/lavoie\/2017\/02\/13\/archive-defenderesse-de-l-ordre-ancien-et-partisane-de-quot-l-ordre-nouveau-quot\/","title":{"rendered":"D\u00c9FENDERESSE DE L\u2019ORDRE ANCIEN ET PARTISANE DE &quot;L\u2019ORDRE NOUVEAU&quot;"},"content":{"rendered":"<p>D\u00c9FENDERESSE DE L\u2019ORDRE ANCIEN ET PARTISANE DE \u00ab\u00a0L\u2019ORDRE NOUVEAU\u00a0\u00bb 68Madame le Pen a certes quelques raisons de croire \u00e0 sa victoire prochaine.  Mais \u00e7a n\u2019en est pas moins une faute que d\u2019enfiler le costume de \u00ab Pr\u00e9sidente \u00bb avant que d\u2019\u00eatre investie de la fonction ; Selon l\u2019adage populaire, \u00ab il ne faut pas vendre la peau de l\u2019ours avant de l\u2019avoir tu\u00e9. \u00bb   Or, madame Le Pen, interview\u00e9 hier dimanche sur \u00ab Europe 1 \u00bb, a adopt\u00e9 le ton solennel et grave qui sied au premier magistrat de France, pour r\u00e9agir \u00e0 propos des \u00e9v\u00e8nements de Bobigny.  Elle s\u2019est se faisant d\u00e9voil\u00e9e. Elle a tomb\u00e9 le masque. \u00ab \u00ab\u00a0Depuis des ann\u00e9es, c\u2019est l\u2019immunit\u00e9 qui est \u00e0 l\u2019\u0153uvre. Il faut passer un sacr\u00e9 tour de vis &#8211; si je puis me permettre &#8211; et redonner aux policiers les moyens de leur action\u00a0\u00bb. \u00ab Un s\u00e9rieux tour de vis \u00bb pour la jeunesse des banlieues indign\u00e9e des mauvais traitements de la police. Mais o\u00f9 donc madame le Pen a-t-elle rel\u00e9gu\u00e9es les moindres paroles de compassion souhaitables pour Th\u00e9o. O\u00f9 a-t-elle remis\u00e9es les dures paroles n\u00e9cessaires de condamnation des actes barbares des policiers ? \u00ab Par principe, &#8211; avait-elle dit pr\u00e9c\u00e9demment &#8211;  je soutiens la police, sauf d\u00e9monstration par la justice  que des actes en violation de la loi aient pu \u00eatre commis\u00a0\u00bb. Sauf que dans le cas d\u2019esp\u00e8ce cela est av\u00e9r\u00e9 et qu\u2019il n\u2019est point besoin d\u2019attendre le verdict de la justice pour savoir quoi en penser, et qu\u2019en l\u2019occurrence la position de Madame Le Pen apparait l\u00e0 comme une esquive, insultante pour la victime. Il conviendrait Madame de ne pas oublier qu\u2019on ne vient pas \u00e0 bout de maintenir la paix sociale et \u00ab l\u2019ordre seulement avec des brimades et de la r\u00e9pression.  Le F.N. d\u00e9 diabolise, Le FN devenu par son discours et son programme le premier \u00ab parti de gauche \u00bb ? Mais le FN bien dans ses bottes, \u00e0 l\u2019aise dans sa posture favorite de parti de l\u2019ordre. L\u2019obsession de \u2019ordre, c\u2019est ce qui a toujours caract\u00e9ris\u00e9 tous les partis de droite dure (ou extr\u00eame) \u00e0 travers l\u2019Histoire. Jusqu\u2019\u00e0 provoquer parfois eux-m\u00eames les pires d\u00e9sordres afin d\u2019avoir l\u2019opportunit\u00e9 de r\u00e9tablir l\u2019ordre d\u2019une main de fer.  L\u2019ordre, mais c\u2019est quoi donc Madame ? N\u2019est-ce pas l\u2019ordre existant ? C\u2019est donc l\u2019ordre d\u00e9j\u00e0 ancien. D\u00e9fendre l\u2019ordre c\u2019est ne rien vouloir changer \u00e0 l\u2019\u00e9tat de choses existant. Mais comment peut-on \u00e0 la fois d\u00e9fendre l\u2019ordre existant et tout changer ?   Il existe une m\u00e9thode qui se r\u00e9sout \u00e0 un subterfuge : En parant l\u2019ordre ancien des habits neufs d\u2019un \u00ab Ordre nouveau \u00bb    Patrick Seignon. Lavoiedessansvoix.fr. Lundi 13 f\u00e9vrier 2017.<\/p>\n","protected":false},"excerpt":{"rendered":"<p>D\u00c9FENDERESSE DE L\u2019ORDRE ANCIEN ET PARTISANE DE \u00ab\u00a0L\u2019ORDRE NOUVEAU\u00a0\u00bb 68Madame le Pen a certes quelques raisons de croire \u00e0 sa [&hellip;]<\/p>\n","protected":false},"author":1,"featured_media":4458,"comment_status":"open","ping_status":"open","sticky":false,"template":"","format":"standard","meta":{"sfsi_plus_gutenberg_text_before_share":"","sfsi_plus_gutenberg_show_text_before_share":"","sfsi_plus_gutenberg_icon_type":"","sfsi_plus_gutenberg_icon_alignemt":"","sfsi_plus_gutenburg_max_per_row":"","site-sidebar-layout":"default","site-content-layout":"","ast-site-content-layout":"default","site-content-style":"default","site-sidebar-style":"default","ast-global-header-display":"","ast-banner-title-visibility":"","ast-main-header-display":"","ast-hfb-above-header-display":"","ast-hfb-below-header-display":"","ast-hfb-mobile-header-display":"","site-post-title":"","ast-breadcrumbs-content":"","ast-featured-img":"","footer-sml-layout":"","ast-disable-related-posts":"","theme-transparent-header-meta":"","adv-header-id-meta":"","stick-header-meta":"","header-above-stick-meta":"","header-main-stick-meta":"","header-below-stick-meta":"","astra-migrate-meta-layouts":"default","ast-page-background-enabled":"default","ast-page-background-meta":{"desktop":{"background-color":"var(--ast-global-color-4)","background-image":"","background-repeat":"repeat","background-position":"center center","background-size":"auto","background-attachment":"scroll","background-type":"","background-media":"","overlay-type":"","overlay-color":"","overlay-opacity":"","overlay-gradient":""},"tablet":{"background-color":"","background-image":"","background-repeat":"repeat","background-position":"center center","background-size":"auto","background-attachment":"scroll","background-type":"","background-media":"","overlay-type":"","overlay-color":"","overlay-opacity":"","overlay-gradient":""},"mobile":{"background-color":"","background-image":"","background-repeat":"repeat","background-position":"center center","background-size":"auto","background-attachment":"scroll","background-type":"","background-media":"","overlay-type":"","overlay-color":"","overlay-opacity":"","overlay-gradient":""}},"ast-content-background-meta":{"desktop":{"background-color":"var(--ast-global-color-5)","background-image":"","background-repeat":"repeat","background-position":"center center","background-size":"auto","background-attachment":"scroll","background-type":"","background-media":"","overlay-type":"","overlay-color":"","overlay-opacity":"","overlay-gradient":""},"tablet":{"background-color":"var(--ast-global-color-5)","background-image":"","background-repeat":"repeat","background-position":"center center","background-size":"auto","background-attachment":"scroll","background-type":"","background-media":"","overlay-type":"","overlay-color":"","overlay-opacity":"","overlay-gradient":""},"mobile":{"background-color":"var(--ast-global-color-5)","background-image":"","background-repeat":"repeat","background-position":"center center","background-size":"auto","background-attachment":"scroll","background-type":"","background-media":"","overlay-type":"","overlay-color":"","overlay-opacity":"","overlay-gradient":""}},"footnotes":""},"categories":[16],"tags":[],"class_list":["post-873","post","type-post","status-publish","format-standard","has-post-thumbnail","hentry","category-archives-cms"],"_links":{"self":[{"href":"https:\/\/lavoiedessansvoix.fr\/lavoie\/wp-json\/wp\/v2\/posts\/873","targetHints":{"allow":["GET"]}}],"collection":[{"href":"https:\/\/lavoiedessansvoix.fr\/lavoie\/wp-json\/wp\/v2\/posts"}],"about":[{"href":"https:\/\/lavoiedessansvoix.fr\/lavoie\/wp-json\/wp\/v2\/types\/post"}],"author":[{"embeddable":true,"href":"https:\/\/lavoiedessansvoix.fr\/lavoie\/wp-json\/wp\/v2\/users\/1"}],"replies":[{"embeddable":true,"href":"https:\/\/lavoiedessansvoix.fr\/lavoie\/wp-json\/wp\/v2\/comments?post=873"}],"version-history":[{"count":1,"href":"https:\/\/lavoiedessansvoix.fr\/lavoie\/wp-json\/wp\/v2\/posts\/873\/revisions"}],"predecessor-version":[{"id":3765,"href":"https:\/\/lavoiedessansvoix.fr\/lavoie\/wp-json\/wp\/v2\/posts\/873\/revisions\/3765"}],"wp:featuredmedia":[{"embeddable":true,"href":"https:\/\/lavoiedessansvoix.fr\/lavoie\/wp-json\/wp\/v2\/media\/4458"}],"wp:attachment":[{"href":"https:\/\/lavoiedessansvoix.fr\/lavoie\/wp-json\/wp\/v2\/media?parent=873"}],"wp:term":[{"taxonomy":"category","embeddable":true,"href":"https:\/\/lavoiedessansvoix.fr\/lavoie\/wp-json\/wp\/v2\/categories?post=873"},{"taxonomy":"post_tag","embeddable":true,"href":"https:\/\/lavoiedessansvoix.fr\/lavoie\/wp-json\/wp\/v2\/tags?post=873"}],"curies":[{"name":"wp","href":"https:\/\/api.w.org\/{rel}","templated":true}]}}