{"id":870,"date":"2017-02-16T08:11:00","date_gmt":"2017-02-16T07:11:00","guid":{"rendered":"https:\/\/lavoiedessansvoix.fr\/lavoie\/2017\/02\/16\/archive-adresse-aux-victimes-des-manifestations-violentes-pour-qu-elles-signent-malgre-t\/"},"modified":"2026-04-26T21:37:50","modified_gmt":"2026-04-26T19:37:50","slug":"archive-adresse-aux-victimes-des-manifestations-violentes-pour-qu-elles-signent-malgre-t","status":"publish","type":"post","link":"https:\/\/lavoiedessansvoix.fr\/lavoie\/2017\/02\/16\/archive-adresse-aux-victimes-des-manifestations-violentes-pour-qu-elles-signent-malgre-t\/","title":{"rendered":"ADRESSE AUX VICTIMES DES MANIFESTATIONS VIOLENTES.  (Pour qu\u2019elles signent malgr\u00e9 tout la p\u00e9tition : \u00ab JUSTICE POUR THEO \u00bb)"},"content":{"rendered":"<p>ADRESSE AUX VICTIMES DES MANIFESTATIONS VIOLENTES.  (Pour qu\u2019elles signent malgr\u00e9 tout la p\u00e9tition : \u00ab JUSTICE POUR TH\u00c9O \u00bb)   Oui, bien s\u00fbr je comprends votre d\u00e9sarroi et votre col\u00e8re. Victimes dans vos biens, priv\u00e9s ou publics, des d\u00e9bordements des manifestations de Bobigny et d\u2019ailleurs. Oui, je partage votre peine et vos angoisses.  Salari\u00e9s pour la plupart, ou priv\u00e9s d\u2019emploi, humili\u00e9s, vous \u00eates mes fr\u00e8res et s\u0153urs mes camarades et mes amis, et je sais qu\u2019au-del\u00e0 de l\u2019\u00e9motion et de la col\u00e8re pour vos biens perdus ou d\u00e9grad\u00e9s, vous n\u2019\u00eates pas sans partager avec moi, cette autre angoisse bien plus grande encore, car elle impacte la soci\u00e9t\u00e9 fran\u00e7aise toute enti\u00e8re, que g\u00e9n\u00e8re le spectacle des \u00ab d\u00e9bordements policiers \u00bb, annonciateurs d\u2019heures sombres. De tels hommes sans limites et sans vergogne qui, parce qu\u2019ils sont \u00ab d\u00e9tenteurs de la force publique \u00bb, se permettent d\u2019humilier et de mutiler un jeune homme aujourd\u2019hui, ne vous manqueront ils pas de respect ou ne vous rudoieront ils pas \u00e0 votre tour demain, si vous n\u2019y prenait garde ?  On nous dit, pour nous faire taire, on dit \u00e0 l\u2019opinion publique pour amortir sa vigilance, que \u00ab ce sont des \u00e9l\u00e9ments isol\u00e9s, des brebis \u00e9gar\u00e9es \u00bb. Certes, c\u2019est vrai. Toute la profession polici\u00e8re ne saurait \u00eatre tenue pour responsable des actes de ces d\u00e9linquants en uniformes. Pourtant dire cela ne finit pas la question. Le probl\u00e8me ne saurait-\u00eatre circonscrit aux \u00e9garements de quelques brebis galeuses. Il y a plus. Il y a plus, quand des actes d\u00e9lictueux se reproduisent. Il y a plus, quand l\u2019IGPN, la hi\u00e9rarchie, jusqu\u2019au Ministre de l\u2019int\u00e9rieur tentent de minimiser la gravit\u00e9 des actes, voire de les nier. On est plus \u00e0 ce stade dans le simple d\u00e9rapage scandaleux, on est d\u00e9j\u00e0 dans la Barbarie socialement justifi\u00e9e et intellectuellement assum\u00e9e.  Vous savez bien qu\u2019il n\u2019y a aucune esp\u00e8ce de parall\u00e8le possible entre les r\u00e9actions de col\u00e8re \u00e9pidermique d\u2019une partie de la jeunesse des banlieues et la froide ex\u00e9cution d\u2019actes de tortures par des policiers dans l\u2019exercice de leurs fonctions. Si les premi\u00e8res sont d\u00e9plorables les secondes sont inadmissibles.   Le probl\u00e8me pos\u00e9, pour la coh\u00e9sion sociale, pour les libert\u00e9s publique, pour l\u2019honneur de la R\u00e9publique et de la d\u00e9mocratie, c\u2019est de se garantir contre la gangr\u00e8ne que de tels actes et de tels individus font courir \u00e0 l\u2019institution polici\u00e8re. Or pour se pr\u00e9server de la d\u00e9rive qui menace il convient que le forfait horrifiant des policiers d\u2019Aulnay, (et d\u2019ailleurs) soient qualifi\u00e9 pour ce qu\u2019ils est vraiment, un acte de torture et de barbarie, et que les fautifs soient condamn\u00e9s avec toute la rigueur du code p\u00e9nal, clairement, s\u00e9v\u00e8rement et sans d\u00e9tour.  Pass\u00e9 le temps de la col\u00e8re l\u00e9gitime, je sais que vous en reviendrez \u00e0 celui de la raison et de l\u2019indignation citoyenne n\u00e9cessaire et responsable et que vous apporterez vous aussi votre contribution \u00e0 notre action en signant la p\u00e9tition \u00ab JUSTICE POUR THEO \u00bb.  Patrick Seignon. \u00ab lavoiedessansvoix.fr \u00bb Jeudi 16 f\u00e9vrier 2017.https:\/\/www.change.org\/p\/patrick-seignon-justice-pour-theo?recruiter=75836660&#038;utm_source=share_for_starters&#038;utm_medium=copyLink<\/p>\n","protected":false},"excerpt":{"rendered":"<p>ADRESSE AUX VICTIMES DES MANIFESTATIONS VIOLENTES. (Pour qu\u2019elles signent malgr\u00e9 tout la p\u00e9tition : \u00ab JUSTICE POUR TH\u00c9O \u00bb) Oui, [&hellip;]<\/p>\n","protected":false},"author":1,"featured_media":4455,"comment_status":"open","ping_status":"open","sticky":false,"template":"","format":"standard","meta":{"sfsi_plus_gutenberg_text_before_share":"","sfsi_plus_gutenberg_show_text_before_share":"","sfsi_plus_gutenberg_icon_type":"","sfsi_plus_gutenberg_icon_alignemt":"","sfsi_plus_gutenburg_max_per_row":"","site-sidebar-layout":"default","site-content-layout":"","ast-site-content-layout":"default","site-content-style":"default","site-sidebar-style":"default","ast-global-header-display":"","ast-banner-title-visibility":"","ast-main-header-display":"","ast-hfb-above-header-display":"","ast-hfb-below-header-display":"","ast-hfb-mobile-header-display":"","site-post-title":"","ast-breadcrumbs-content":"","ast-featured-img":"","footer-sml-layout":"","ast-disable-related-posts":"","theme-transparent-header-meta":"","adv-header-id-meta":"","stick-header-meta":"","header-above-stick-meta":"","header-main-stick-meta":"","header-below-stick-meta":"","astra-migrate-meta-layouts":"default","ast-page-background-enabled":"default","ast-page-background-meta":{"desktop":{"background-color":"var(--ast-global-color-4)","background-image":"","background-repeat":"repeat","background-position":"center center","background-size":"auto","background-attachment":"scroll","background-type":"","background-media":"","overlay-type":"","overlay-color":"","overlay-opacity":"","overlay-gradient":""},"tablet":{"background-color":"","background-image":"","background-repeat":"repeat","background-position":"center center","background-size":"auto","background-attachment":"scroll","background-type":"","background-media":"","overlay-type":"","overlay-color":"","overlay-opacity":"","overlay-gradient":""},"mobile":{"background-color":"","background-image":"","background-repeat":"repeat","background-position":"center center","background-size":"auto","background-attachment":"scroll","background-type":"","background-media":"","overlay-type":"","overlay-color":"","overlay-opacity":"","overlay-gradient":""}},"ast-content-background-meta":{"desktop":{"background-color":"var(--ast-global-color-5)","background-image":"","background-repeat":"repeat","background-position":"center center","background-size":"auto","background-attachment":"scroll","background-type":"","background-media":"","overlay-type":"","overlay-color":"","overlay-opacity":"","overlay-gradient":""},"tablet":{"background-color":"var(--ast-global-color-5)","background-image":"","background-repeat":"repeat","background-position":"center center","background-size":"auto","background-attachment":"scroll","background-type":"","background-media":"","overlay-type":"","overlay-color":"","overlay-opacity":"","overlay-gradient":""},"mobile":{"background-color":"var(--ast-global-color-5)","background-image":"","background-repeat":"repeat","background-position":"center center","background-size":"auto","background-attachment":"scroll","background-type":"","background-media":"","overlay-type":"","overlay-color":"","overlay-opacity":"","overlay-gradient":""}},"footnotes":""},"categories":[16],"tags":[],"class_list":["post-870","post","type-post","status-publish","format-standard","has-post-thumbnail","hentry","category-archives-cms"],"_links":{"self":[{"href":"https:\/\/lavoiedessansvoix.fr\/lavoie\/wp-json\/wp\/v2\/posts\/870","targetHints":{"allow":["GET"]}}],"collection":[{"href":"https:\/\/lavoiedessansvoix.fr\/lavoie\/wp-json\/wp\/v2\/posts"}],"about":[{"href":"https:\/\/lavoiedessansvoix.fr\/lavoie\/wp-json\/wp\/v2\/types\/post"}],"author":[{"embeddable":true,"href":"https:\/\/lavoiedessansvoix.fr\/lavoie\/wp-json\/wp\/v2\/users\/1"}],"replies":[{"embeddable":true,"href":"https:\/\/lavoiedessansvoix.fr\/lavoie\/wp-json\/wp\/v2\/comments?post=870"}],"version-history":[{"count":1,"href":"https:\/\/lavoiedessansvoix.fr\/lavoie\/wp-json\/wp\/v2\/posts\/870\/revisions"}],"predecessor-version":[{"id":3759,"href":"https:\/\/lavoiedessansvoix.fr\/lavoie\/wp-json\/wp\/v2\/posts\/870\/revisions\/3759"}],"wp:featuredmedia":[{"embeddable":true,"href":"https:\/\/lavoiedessansvoix.fr\/lavoie\/wp-json\/wp\/v2\/media\/4455"}],"wp:attachment":[{"href":"https:\/\/lavoiedessansvoix.fr\/lavoie\/wp-json\/wp\/v2\/media?parent=870"}],"wp:term":[{"taxonomy":"category","embeddable":true,"href":"https:\/\/lavoiedessansvoix.fr\/lavoie\/wp-json\/wp\/v2\/categories?post=870"},{"taxonomy":"post_tag","embeddable":true,"href":"https:\/\/lavoiedessansvoix.fr\/lavoie\/wp-json\/wp\/v2\/tags?post=870"}],"curies":[{"name":"wp","href":"https:\/\/api.w.org\/{rel}","templated":true}]}}