{"id":869,"date":"2017-02-17T04:36:00","date_gmt":"2017-02-17T03:36:00","guid":{"rendered":"https:\/\/lavoiedessansvoix.fr\/lavoie\/2017\/02\/17\/archive-adresse-aux-policiers-de-france\/"},"modified":"2026-04-26T21:37:42","modified_gmt":"2026-04-26T19:37:42","slug":"archive-adresse-aux-policiers-de-france","status":"publish","type":"post","link":"https:\/\/lavoiedessansvoix.fr\/lavoie\/2017\/02\/17\/archive-adresse-aux-policiers-de-france\/","title":{"rendered":"ADRESSE AUX POLICIERS DE FRANCE"},"content":{"rendered":"<p>ADRESSE AUX POLICIERS DE FRANCE   Cette adresse est \u00e0 l\u2019intention de tous les corps de police et de gendarmerie, et de tous leurs agents de tous grades, tous ceux qui ont \u00e0 c\u0153ur l\u2019honneur de leur m\u00e9tier et le souhait d\u2019une relation sereine avec la population. Vous avez montr\u00e9 r\u00e9cemment, dans d\u2019autres circonstances, malgr\u00e9 le droit de r\u00e9serve auquel vous \u00eates astreints, que vous pouviez vous aussi d\u00e9fendre vos revendications et faire valoir votre point de vue. L\u2019opportunit\u00e9 vous est offerte, \u00e0 propos de l\u2019affaire d\u2019Aulnay-Sous-Bois de d\u00e9livrer un message fort d\u2019apaisement en direction de la population. Saisissez-vous de celle-ci en signant vous aussi la p\u00e9tition \u00ab Justice pour Th\u00e9o \u00bb.  C\u2019est l\u2019int\u00e9r\u00eat bien compris de la profession polici\u00e8re toute enti\u00e8re, de d\u00e9fendre ainsi jalousement son honneur. C\u2019est dans le contexte de trouble actuel induit par la conduite inqualifiable de certains \u00e9l\u00e9ments \u00e9gar\u00e9s, une d\u00e9marche souhaitable pour la restauration d\u2019une relation, saine, construite sur le respect mutuel, avec la population. Pour combattre l\u2019amalgame et les raccourcis vous devez vous garder de toute ambigu\u00eft\u00e9 en exigeant la mise \u00e0 l\u2019\u00e9cart de vos rangs et la condamnation sans appel de ceux qui attentent \u00e0 l\u2019int\u00e9grit\u00e9 morale de vos professions et les souillent.  Patrick Seignon. \u00bb Lavoiedessansvoix.fr \u00bb. Vendredi 17 f\u00e9vrier 2017.https:\/\/www.change.org\/p\/patrick-seignon-justice-pour-theo?recruiter=75836660&#038;utm_source=share_for_starters&#038;utm_medium=copyLink<\/p>\n","protected":false},"excerpt":{"rendered":"<p>ADRESSE AUX POLICIERS DE FRANCE Cette adresse est \u00e0 l\u2019intention de tous les corps de police et de gendarmerie, et [&hellip;]<\/p>\n","protected":false},"author":1,"featured_media":4454,"comment_status":"open","ping_status":"open","sticky":false,"template":"","format":"standard","meta":{"sfsi_plus_gutenberg_text_before_share":"","sfsi_plus_gutenberg_show_text_before_share":"","sfsi_plus_gutenberg_icon_type":"","sfsi_plus_gutenberg_icon_alignemt":"","sfsi_plus_gutenburg_max_per_row":"","site-sidebar-layout":"default","site-content-layout":"","ast-site-content-layout":"default","site-content-style":"default","site-sidebar-style":"default","ast-global-header-display":"","ast-banner-title-visibility":"","ast-main-header-display":"","ast-hfb-above-header-display":"","ast-hfb-below-header-display":"","ast-hfb-mobile-header-display":"","site-post-title":"","ast-breadcrumbs-content":"","ast-featured-img":"","footer-sml-layout":"","ast-disable-related-posts":"","theme-transparent-header-meta":"","adv-header-id-meta":"","stick-header-meta":"","header-above-stick-meta":"","header-main-stick-meta":"","header-below-stick-meta":"","astra-migrate-meta-layouts":"default","ast-page-background-enabled":"default","ast-page-background-meta":{"desktop":{"background-color":"var(--ast-global-color-4)","background-image":"","background-repeat":"repeat","background-position":"center center","background-size":"auto","background-attachment":"scroll","background-type":"","background-media":"","overlay-type":"","overlay-color":"","overlay-opacity":"","overlay-gradient":""},"tablet":{"background-color":"","background-image":"","background-repeat":"repeat","background-position":"center center","background-size":"auto","background-attachment":"scroll","background-type":"","background-media":"","overlay-type":"","overlay-color":"","overlay-opacity":"","overlay-gradient":""},"mobile":{"background-color":"","background-image":"","background-repeat":"repeat","background-position":"center center","background-size":"auto","background-attachment":"scroll","background-type":"","background-media":"","overlay-type":"","overlay-color":"","overlay-opacity":"","overlay-gradient":""}},"ast-content-background-meta":{"desktop":{"background-color":"var(--ast-global-color-5)","background-image":"","background-repeat":"repeat","background-position":"center center","background-size":"auto","background-attachment":"scroll","background-type":"","background-media":"","overlay-type":"","overlay-color":"","overlay-opacity":"","overlay-gradient":""},"tablet":{"background-color":"var(--ast-global-color-5)","background-image":"","background-repeat":"repeat","background-position":"center center","background-size":"auto","background-attachment":"scroll","background-type":"","background-media":"","overlay-type":"","overlay-color":"","overlay-opacity":"","overlay-gradient":""},"mobile":{"background-color":"var(--ast-global-color-5)","background-image":"","background-repeat":"repeat","background-position":"center center","background-size":"auto","background-attachment":"scroll","background-type":"","background-media":"","overlay-type":"","overlay-color":"","overlay-opacity":"","overlay-gradient":""}},"footnotes":""},"categories":[16],"tags":[],"class_list":["post-869","post","type-post","status-publish","format-standard","has-post-thumbnail","hentry","category-archives-cms"],"_links":{"self":[{"href":"https:\/\/lavoiedessansvoix.fr\/lavoie\/wp-json\/wp\/v2\/posts\/869","targetHints":{"allow":["GET"]}}],"collection":[{"href":"https:\/\/lavoiedessansvoix.fr\/lavoie\/wp-json\/wp\/v2\/posts"}],"about":[{"href":"https:\/\/lavoiedessansvoix.fr\/lavoie\/wp-json\/wp\/v2\/types\/post"}],"author":[{"embeddable":true,"href":"https:\/\/lavoiedessansvoix.fr\/lavoie\/wp-json\/wp\/v2\/users\/1"}],"replies":[{"embeddable":true,"href":"https:\/\/lavoiedessansvoix.fr\/lavoie\/wp-json\/wp\/v2\/comments?post=869"}],"version-history":[{"count":1,"href":"https:\/\/lavoiedessansvoix.fr\/lavoie\/wp-json\/wp\/v2\/posts\/869\/revisions"}],"predecessor-version":[{"id":3757,"href":"https:\/\/lavoiedessansvoix.fr\/lavoie\/wp-json\/wp\/v2\/posts\/869\/revisions\/3757"}],"wp:featuredmedia":[{"embeddable":true,"href":"https:\/\/lavoiedessansvoix.fr\/lavoie\/wp-json\/wp\/v2\/media\/4454"}],"wp:attachment":[{"href":"https:\/\/lavoiedessansvoix.fr\/lavoie\/wp-json\/wp\/v2\/media?parent=869"}],"wp:term":[{"taxonomy":"category","embeddable":true,"href":"https:\/\/lavoiedessansvoix.fr\/lavoie\/wp-json\/wp\/v2\/categories?post=869"},{"taxonomy":"post_tag","embeddable":true,"href":"https:\/\/lavoiedessansvoix.fr\/lavoie\/wp-json\/wp\/v2\/tags?post=869"}],"curies":[{"name":"wp","href":"https:\/\/api.w.org\/{rel}","templated":true}]}}