{"id":868,"date":"2017-02-20T01:20:00","date_gmt":"2017-02-20T00:20:00","guid":{"rendered":"https:\/\/lavoiedessansvoix.fr\/lavoie\/2017\/02\/20\/archive-petite-chronique-de-la-mauvaise-foi-et-de-la-betise\/"},"modified":"2026-04-26T21:37:33","modified_gmt":"2026-04-26T19:37:33","slug":"archive-petite-chronique-de-la-mauvaise-foi-et-de-la-betise","status":"publish","type":"post","link":"https:\/\/lavoiedessansvoix.fr\/lavoie\/2017\/02\/20\/archive-petite-chronique-de-la-mauvaise-foi-et-de-la-betise\/","title":{"rendered":"PETITE CHRONIQUE DE LA MAUVAISE FOI ET DE LA B\u00caTISE"},"content":{"rendered":"<p>PETITE CHRONIQUE DE LA MAUVAISE FOI ET DE LA B\u00caTISE  1 &#8211; La le\u00e7on d\u2019exemplarit\u00e9  Voil\u00e0 que Fran\u00e7ois Hollande, l\u2019homme qui termine son mandat pr\u00e9sidentiel dans l\u2019opprobre et la honte, grill\u00e9, au point qu\u2019il fut contraint de renoncer \u00e0 briguer le deuxi\u00e8me mandat que le syst\u00e8me voudrait pourtant inscrire dans les \u00ab us \u00bb de nos institutions, s\u2019avise de donner des le\u00e7ons d\u2019exemplarit\u00e9.  Bon, on voit \u00e0 quoi il fait allusion. Mais l\u2019exemplarit\u00e9 c\u2019est \u00ab l\u2019exemplarit\u00e9 \u00bb et si Fran\u00e7ois F est poursuivi par le concert des trompettes m\u00e9diatiques \u00e0 propos de ses petits arrangements en famille, de qu\u2019elle exemplarit\u00e9 Fran\u00e7ois H, lui, peut-il bien se pr\u00e9valoir ?  L\u2019exemplarit\u00e9 de la trahison et de la mauvaise foi ? L\u2019exemplarit\u00e9 de la langue de bois et du parler faux ? L\u2019exemplarit\u00e9 du m\u00e9pris du peuple et de la tromperie ?  Allons Monsieur Hollande, je vous le \u2018re redit \u00bb, taisez-vous donc, votre parole a des relents de putr\u00e9faction. Vous \u00eates en cette affaire comme en d\u2019autres le \u00ab directeur de conscience \u00bb le plus mal plac\u00e9 pour se r\u00e9pandre en pr\u00eaches et en sermons.  2 &#8211; \u00ab L\u2019air de la b\u00eatise\u00bb  J\u2019ai vu arriv\u00e9 un jour ce jeune homme dans le paysage m\u00e9diatique et je l\u2019ai tout de suite reconnu. Ne l\u2019avais-je pas rencontr\u00e9 en effet, dans une vie pr\u00e9c\u00e9dente, lui ou ses semblables, lui ou ses clones ant\u00e9rieurs. Costar cravate, propre et polic\u00e9, \u00ab ma porte est ouverte vous n\u2019avez pas m\u00eame \u00e0 frapper avant d\u2019entrer \u00bb. La main tendue comme s\u2019il vous avait toujours connu. Ouvert ? Abordable ? Non format\u00e9. Poli parce qu\u2019il est convenu de l\u2019\u00eatre et qu\u2019ils ont appris \u00e7a \u00e0 l\u2019\u00e9cole dans le cours de \u00ab communication \u00bb. Intelligent ? Oui, sans nul doute. Comme un ordinateur au c\u0153ur froid.   La sp\u00e9cificit\u00e9 de l\u2019intelligence artificielle c\u2019est qu\u2019elle ne s\u2019adapte que dans les limites des possibles ouverts par ses maitres et programmeurs et r\u00e9v\u00e8le sa fatuit\u00e9 d\u00e8s que l\u2019on s\u2019en \u00e9carte. Macron a appris l\u2019histoire, en diagonale. Il a quelques id\u00e9es toutes dig\u00e9r\u00e9es, pr\u00eates \u00e0 r\u00e9gurgiter, comme des copi\u00e9s coll\u00e9s que l\u2019on va chercher dans Wikip\u00e9dia. Il manque de synth\u00e8se, de fil conducteur, de sens historique. Il balance, parce qu\u2019il ne les maitrises pas vraiment, des v\u00e9rit\u00e9s certes, mais partielles, mal comprises et mal \u00e0 propos, qu\u2019il prend pour la v\u00e9rit\u00e9 r\u00e9v\u00e9l\u00e9e.  La colonisation, un ou des crimes contre l\u2019humanit\u00e9 ? Allons donc ! Macron ne maitrise ni l\u2019histoire de la colonisation ni la notion juridique de crime contre l\u2019Humanit\u00e9. Il s\u2019affale, il  \u00e9tale au grand jour le vide d\u00e9solant dont est faite en v\u00e9rit\u00e9 la baudruche m\u00e9diatique qu\u2019il est.  La colonisation, la domination d\u2019une nation sur d\u2019autres, est sans nul doute condamnable car contraire aux droits fondamentaux des peuples. Comme l\u2019est d\u2019ailleurs toute domination, par exemple celle qui dure et s\u2019amplifie m\u00eame sous l\u2019impulsion \u00ab des macrons \u00bb, du capital sur le travail. Mais de m\u00eame que l\u2019exploitation \u00e9hont\u00e9e du travail salari\u00e9 donne lieu \u00e0 des exc\u00e8s et m\u00eame des crimes, l\u2019exploitation des nations coloniale par leurs colonisateurs donn\u00e8rent lieux \u00e0 des exc\u00e8s et des crimes innombrables, de masse quelques fois, comme le bombardement de S\u00e9tif. Mais l\u2019histoire de la colonisation ne se r\u00e9sume pas \u00e0 cela, on pourrait certes dire que la colonisation a donn\u00e9 lieux \u00e0 des crimes contre l\u2019humanit\u00e9. Il est faux de dire de la colonisation qu\u2019elle est en soi un crime contre l\u2019humanit\u00e9.  Il se croyait malin le petit Macron, une bonne saillie contre l\u2019Histoire coloniale de la France et je vais abuser, se disait-il, ces \u00ab fadas nostalgiques \u00bb de gauche anticolonialiste, obtenir leur caution morale, me faire tailler gratuitement par ces faquins un costume de v\u00e9ritable homme de gauche.   Macron n\u2019exprime pas des convictions, il fait son march\u00e9 aux voix.  C\u2019est un d\u00e9faut r\u00e9current chez les jeunes hommes immatures, qu\u2019\u00e0 tort leurs proches, seuls \u00e0 les trouver brillants,  flattent trop, de prendre la grosse t\u00eate et les autres pour des poires. S\u2019il est v\u00e9ritablement anim\u00e9 du sentiment d\u2019injustice qu\u2019inspire les crimes des nations dominantes contre les nations et peuples subalternes, plut\u00f4t que de convoquer l\u2019Histoire, que ne s\u2019est-il enquit de s\u2019insurger contre les crimes d\u2019aujourd\u2019hui commis aux nom des desseins imp\u00e9rialistes de la France et des USA en Libye, Irak, en Syrie, en Afrique, ou ceux de la colonisation Isra\u00e9lienne de la Palestine. Il est toujours plus ais\u00e9 de s\u2019en prendre aux crimes de vos grands-p\u00e8res auxquels plus personne ne peut rien sinon de la repentance \u00ab faux-cul \u00bb, qu\u2019\u00e0 ceux qui se d\u00e9roulent sous vos yeux, dont les auteurs encore actifs risqueraient de vous r\u00e9server quelques repr\u00e9sailles, surtout quand ils sont en v\u00e9rit\u00e9 vos maitres et pourvoyeurs de fonds.   Pschitt ! C\u2019est rat\u00e9, c\u2019est fichu,  il s\u2019est plant\u00e9 le petit Macron. On l\u2019a vu venir avec ses jolis souliers vernis. Il parle de chose qu\u2019il ne connait pas suffisamment. Il aurait mieux fait de se taire.  En se d\u00e9menant pour acqu\u00e9rir \u00ab une stature internationale \u00bb et un statut d\u2019homme de gauche, le jeune Macron a pris un terrible \u00ab gadin \u00bb. Apr\u00e8s \u00e7a vous ne le regarderez plus jamais de la m\u00eame fa\u00e7on. Lorsque son visage  s\u2019\u00e9clairera de cette lumi\u00e8re que d\u2019aucun croyait celle de l\u2019intelligence, c\u2019est \u00e0 pr\u00e9sent le sourire de la b\u00eatise que vous y verrez.  Patrick Seignon. \u00ab lavoiedessansvoix.fr \u00bb. Samedi 18 f\u00e9vrier 2017.<\/p>\n","protected":false},"excerpt":{"rendered":"<p>PETITE CHRONIQUE DE LA MAUVAISE FOI ET DE LA B\u00caTISE 1 &#8211; La le\u00e7on d\u2019exemplarit\u00e9 Voil\u00e0 que Fran\u00e7ois Hollande, l\u2019homme [&hellip;]<\/p>\n","protected":false},"author":1,"featured_media":4453,"comment_status":"open","ping_status":"open","sticky":false,"template":"","format":"standard","meta":{"sfsi_plus_gutenberg_text_before_share":"","sfsi_plus_gutenberg_show_text_before_share":"","sfsi_plus_gutenberg_icon_type":"","sfsi_plus_gutenberg_icon_alignemt":"","sfsi_plus_gutenburg_max_per_row":"","site-sidebar-layout":"default","site-content-layout":"","ast-site-content-layout":"default","site-content-style":"default","site-sidebar-style":"default","ast-global-header-display":"","ast-banner-title-visibility":"","ast-main-header-display":"","ast-hfb-above-header-display":"","ast-hfb-below-header-display":"","ast-hfb-mobile-header-display":"","site-post-title":"","ast-breadcrumbs-content":"","ast-featured-img":"","footer-sml-layout":"","ast-disable-related-posts":"","theme-transparent-header-meta":"","adv-header-id-meta":"","stick-header-meta":"","header-above-stick-meta":"","header-main-stick-meta":"","header-below-stick-meta":"","astra-migrate-meta-layouts":"default","ast-page-background-enabled":"default","ast-page-background-meta":{"desktop":{"background-color":"var(--ast-global-color-4)","background-image":"","background-repeat":"repeat","background-position":"center center","background-size":"auto","background-attachment":"scroll","background-type":"","background-media":"","overlay-type":"","overlay-color":"","overlay-opacity":"","overlay-gradient":""},"tablet":{"background-color":"","background-image":"","background-repeat":"repeat","background-position":"center center","background-size":"auto","background-attachment":"scroll","background-type":"","background-media":"","overlay-type":"","overlay-color":"","overlay-opacity":"","overlay-gradient":""},"mobile":{"background-color":"","background-image":"","background-repeat":"repeat","background-position":"center center","background-size":"auto","background-attachment":"scroll","background-type":"","background-media":"","overlay-type":"","overlay-color":"","overlay-opacity":"","overlay-gradient":""}},"ast-content-background-meta":{"desktop":{"background-color":"var(--ast-global-color-5)","background-image":"","background-repeat":"repeat","background-position":"center center","background-size":"auto","background-attachment":"scroll","background-type":"","background-media":"","overlay-type":"","overlay-color":"","overlay-opacity":"","overlay-gradient":""},"tablet":{"background-color":"var(--ast-global-color-5)","background-image":"","background-repeat":"repeat","background-position":"center center","background-size":"auto","background-attachment":"scroll","background-type":"","background-media":"","overlay-type":"","overlay-color":"","overlay-opacity":"","overlay-gradient":""},"mobile":{"background-color":"var(--ast-global-color-5)","background-image":"","background-repeat":"repeat","background-position":"center center","background-size":"auto","background-attachment":"scroll","background-type":"","background-media":"","overlay-type":"","overlay-color":"","overlay-opacity":"","overlay-gradient":""}},"footnotes":""},"categories":[16],"tags":[],"class_list":["post-868","post","type-post","status-publish","format-standard","has-post-thumbnail","hentry","category-archives-cms"],"_links":{"self":[{"href":"https:\/\/lavoiedessansvoix.fr\/lavoie\/wp-json\/wp\/v2\/posts\/868","targetHints":{"allow":["GET"]}}],"collection":[{"href":"https:\/\/lavoiedessansvoix.fr\/lavoie\/wp-json\/wp\/v2\/posts"}],"about":[{"href":"https:\/\/lavoiedessansvoix.fr\/lavoie\/wp-json\/wp\/v2\/types\/post"}],"author":[{"embeddable":true,"href":"https:\/\/lavoiedessansvoix.fr\/lavoie\/wp-json\/wp\/v2\/users\/1"}],"replies":[{"embeddable":true,"href":"https:\/\/lavoiedessansvoix.fr\/lavoie\/wp-json\/wp\/v2\/comments?post=868"}],"version-history":[{"count":1,"href":"https:\/\/lavoiedessansvoix.fr\/lavoie\/wp-json\/wp\/v2\/posts\/868\/revisions"}],"predecessor-version":[{"id":3755,"href":"https:\/\/lavoiedessansvoix.fr\/lavoie\/wp-json\/wp\/v2\/posts\/868\/revisions\/3755"}],"wp:featuredmedia":[{"embeddable":true,"href":"https:\/\/lavoiedessansvoix.fr\/lavoie\/wp-json\/wp\/v2\/media\/4453"}],"wp:attachment":[{"href":"https:\/\/lavoiedessansvoix.fr\/lavoie\/wp-json\/wp\/v2\/media?parent=868"}],"wp:term":[{"taxonomy":"category","embeddable":true,"href":"https:\/\/lavoiedessansvoix.fr\/lavoie\/wp-json\/wp\/v2\/categories?post=868"},{"taxonomy":"post_tag","embeddable":true,"href":"https:\/\/lavoiedessansvoix.fr\/lavoie\/wp-json\/wp\/v2\/tags?post=868"}],"curies":[{"name":"wp","href":"https:\/\/api.w.org\/{rel}","templated":true}]}}