{"id":867,"date":"2017-02-21T03:05:00","date_gmt":"2017-02-21T02:05:00","guid":{"rendered":"https:\/\/lavoiedessansvoix.fr\/lavoie\/2017\/02\/21\/archive-de-drancy-a-aulnay-la-justice-en-question\/"},"modified":"2026-04-26T21:37:25","modified_gmt":"2026-04-26T19:37:25","slug":"archive-de-drancy-a-aulnay-la-justice-en-question","status":"publish","type":"post","link":"https:\/\/lavoiedessansvoix.fr\/lavoie\/2017\/02\/21\/archive-de-drancy-a-aulnay-la-justice-en-question\/","title":{"rendered":"DE DRANCY A AULNAY, LA JUSTICE EN QUESTION"},"content":{"rendered":"<p>DE DRANCY A AULNAY, LA JUSTICE EN QUESTION  \u00ab Le tribunal correctionnel de Bobigny a demand\u00e9, lundi 20 f\u00e9vrier, qu\u2019un policier municipal jusque-l\u00e0 poursuivi pour des violences commises en marge d\u2019une interpellation \u00e0 Drancy en 2015 soit jug\u00e9 devant les assises pour viol.Au vu des certificats m\u00e9dicaux pr\u00e9sent\u00e9s par la victime, faisant \u00e9tat d\u2019une \u00ab p\u00e9n\u00e9tration anale \u00bb, \u00ab les faits sont de nature \u00e0 entra\u00eener une requalification criminelle \u00bb, a d\u00e9clar\u00e9 la pr\u00e9sidente de la 14e chambre.  \u00ab C\u2019est une d\u00e9cision qui est juste, importante et que nous attendions \u00bb, a r\u00e9agi l\u2019avocate de la victime, Me Marie-C\u00e9cile Nathan, qui, d\u00e8s le d\u00e9but de l\u2019affaire, avait estim\u00e9 que les faits relevaient des assises et non du tribunal correctionnel. \u00bb (Le Monde.fr)*  Voil\u00e0 une bonne chose que nous approuvons \u00e9galement. Il ne suffit pas en effet de s\u2019indigner contre les violences polici\u00e8res, ou de r\u00e9clamer la s\u00e9v\u00e9rit\u00e9 des juges ou de la hi\u00e9rarchie. La s\u00e9v\u00e9rit\u00e9 n\u2019a pas le m\u00eame sens pour un tribunal correctionnel ou pour un tribunal d\u2019assise. C\u2019est de la qualification des faits dont il s\u2019agit tout d\u2019abord. Si celle-ci est \u00ab violence aggrav\u00e9es \u00bb, comme s\u2019\u00e9tait le cas pour le policier municipal de Drancy dont il est question ici, la peine encourue est de quelques mois de prison et une sanction professionnelle. Ainsi, dans l\u2019affaire de Drancy, le procureur avait-il requis \u00ab six mois de prison avec sursis et une interdiction professionnelle d\u2019un an \u00bb seulement. Bien en de\u00e7\u00e0 de ce que justifie le bon sens et \u00ab la justice \u00bb au regard de la gravit\u00e9 des faits. Or, pour que la peine inflig\u00e9e aille au-del\u00e0, il faut qu\u2019elle soit jug\u00e9e, non par un tribunal correctionnel mais par, un tribunal d\u2019assises, et pour cela il faut que les faits soit qualifi\u00e9s \u00bb, non pas seulement de \u00ab violences aggrav\u00e9es \u00bb qui est un d\u00e9lit, mais de \u00ab viol \u00bb ou mieux de \u00ab s\u00e9vices, tortures et actes de barbaries \u00bb comme nous le demandons, qui sont \u00ab des crimes \u00bb.  Voil\u00e0 le sens de notre p\u00e9tition et la raison pour laquelle il convient de la signer.  La hi\u00e9rarchie polici\u00e8re, certaines instances judiciaires et politiques, tentent de minimiser ces affaires \u00ab et de botter en touche \u00bb. C\u2019est que celles-ci engagent, et ils veulent le cacher, leurs responsabilit\u00e9s morales.  On a vu comment l\u2019IGPN, dans l\u2019affaire Th\u00e9o a d\u00e9j\u00e0 tent\u00e9 de minimiser les faits. On a vu comment le juge auquel les quatre policiers d\u2019Aulnay ont \u00e9t\u00e9 d\u00e9f\u00e9r\u00e9s a lui-m\u00eame tent\u00e9 de minimiser les faits d\u2019abord en les \u00ab qualifiants seulement de \u00ab violences aggrav\u00e9es \u00bb, ensuite en qualifiant certes de \u00ab viol \u00bb l\u2019acte d\u2019un seul des quatre comp\u00e8res en \u00e9pargnant les trois autres alors qu\u2019il est bien clair que le policiers \u00ab violeur \u00bb ne serait pas venu \u00e0 ses fins sans la complicit\u00e9 active des trois autres. On a vu jusqu\u2019au Ministre de l\u2019int\u00e9rieur se faire huer par des d\u00e9put\u00e9s \u00e0 l\u2019Assembl\u00e9e Nationale, parce qu\u2019il tentait lui aussi d\u2019accr\u00e9diter la th\u00e8se insoutenable de \u00ab l\u2019accident \u00bb. On vient de voir dans le proc\u00e8s de l\u2019affaire de Drancy, jug\u00e9e le 16 janvier que \u00ab le procureur \u00bb qui \u00ab  a \u00e9voqu\u00e9 des \u00ab violences polici\u00e8res ind\u00e9niables \u00bb. \u00ab a toutefois \u00e9cart\u00e9 la requalification en viol demand\u00e9e par les avocats d\u2019Alexandre, estimant que le geste avait peut-\u00eatre une \u00ab connotation sexuelle \u00bb mais ne rev\u00eatait pas pour autant un \u00ab caract\u00e8re sexuel \u00bb.   Vous voyez, chers amis signataires, et signataires potentiels, que les choses ne sont pas acquises, et que les policiers d\u00e9linquants d\u2019Aulnay pourraient encore \u00e9chapper aux rigueurs n\u00e9cessaires de la justice, si nous n\u2019y prenions garde. C\u2019est pourquoi notre mobilisation sous toutes ses formes, doit se poursuivre et s\u2019amplifier. C\u2019est pourquoi nous devons, malgr\u00e9 les difficult\u00e9s in niables poursuivre notre campagne de signatures de la p\u00e9tition \u00ab JUSTICE POUR THEO \u00bb.  *(Toutes les citations faites ici, en italiques et entre-guillemets, sont tir\u00e9es de l\u2019article de \u00ab le Monde.fr, du 20 f\u00e9vrier)  Mardi 21 f\u00e9vrier 2017.<\/p>\n","protected":false},"excerpt":{"rendered":"<p>DE DRANCY A AULNAY, LA JUSTICE EN QUESTION \u00ab Le tribunal correctionnel de Bobigny a demand\u00e9, lundi 20 f\u00e9vrier, qu\u2019un [&hellip;]<\/p>\n","protected":false},"author":1,"featured_media":4452,"comment_status":"open","ping_status":"open","sticky":false,"template":"","format":"standard","meta":{"sfsi_plus_gutenberg_text_before_share":"","sfsi_plus_gutenberg_show_text_before_share":"","sfsi_plus_gutenberg_icon_type":"","sfsi_plus_gutenberg_icon_alignemt":"","sfsi_plus_gutenburg_max_per_row":"","site-sidebar-layout":"default","site-content-layout":"","ast-site-content-layout":"default","site-content-style":"default","site-sidebar-style":"default","ast-global-header-display":"","ast-banner-title-visibility":"","ast-main-header-display":"","ast-hfb-above-header-display":"","ast-hfb-below-header-display":"","ast-hfb-mobile-header-display":"","site-post-title":"","ast-breadcrumbs-content":"","ast-featured-img":"","footer-sml-layout":"","ast-disable-related-posts":"","theme-transparent-header-meta":"","adv-header-id-meta":"","stick-header-meta":"","header-above-stick-meta":"","header-main-stick-meta":"","header-below-stick-meta":"","astra-migrate-meta-layouts":"default","ast-page-background-enabled":"default","ast-page-background-meta":{"desktop":{"background-color":"var(--ast-global-color-4)","background-image":"","background-repeat":"repeat","background-position":"center center","background-size":"auto","background-attachment":"scroll","background-type":"","background-media":"","overlay-type":"","overlay-color":"","overlay-opacity":"","overlay-gradient":""},"tablet":{"background-color":"","background-image":"","background-repeat":"repeat","background-position":"center center","background-size":"auto","background-attachment":"scroll","background-type":"","background-media":"","overlay-type":"","overlay-color":"","overlay-opacity":"","overlay-gradient":""},"mobile":{"background-color":"","background-image":"","background-repeat":"repeat","background-position":"center center","background-size":"auto","background-attachment":"scroll","background-type":"","background-media":"","overlay-type":"","overlay-color":"","overlay-opacity":"","overlay-gradient":""}},"ast-content-background-meta":{"desktop":{"background-color":"var(--ast-global-color-5)","background-image":"","background-repeat":"repeat","background-position":"center center","background-size":"auto","background-attachment":"scroll","background-type":"","background-media":"","overlay-type":"","overlay-color":"","overlay-opacity":"","overlay-gradient":""},"tablet":{"background-color":"var(--ast-global-color-5)","background-image":"","background-repeat":"repeat","background-position":"center center","background-size":"auto","background-attachment":"scroll","background-type":"","background-media":"","overlay-type":"","overlay-color":"","overlay-opacity":"","overlay-gradient":""},"mobile":{"background-color":"var(--ast-global-color-5)","background-image":"","background-repeat":"repeat","background-position":"center center","background-size":"auto","background-attachment":"scroll","background-type":"","background-media":"","overlay-type":"","overlay-color":"","overlay-opacity":"","overlay-gradient":""}},"footnotes":""},"categories":[16],"tags":[],"class_list":["post-867","post","type-post","status-publish","format-standard","has-post-thumbnail","hentry","category-archives-cms"],"_links":{"self":[{"href":"https:\/\/lavoiedessansvoix.fr\/lavoie\/wp-json\/wp\/v2\/posts\/867","targetHints":{"allow":["GET"]}}],"collection":[{"href":"https:\/\/lavoiedessansvoix.fr\/lavoie\/wp-json\/wp\/v2\/posts"}],"about":[{"href":"https:\/\/lavoiedessansvoix.fr\/lavoie\/wp-json\/wp\/v2\/types\/post"}],"author":[{"embeddable":true,"href":"https:\/\/lavoiedessansvoix.fr\/lavoie\/wp-json\/wp\/v2\/users\/1"}],"replies":[{"embeddable":true,"href":"https:\/\/lavoiedessansvoix.fr\/lavoie\/wp-json\/wp\/v2\/comments?post=867"}],"version-history":[{"count":1,"href":"https:\/\/lavoiedessansvoix.fr\/lavoie\/wp-json\/wp\/v2\/posts\/867\/revisions"}],"predecessor-version":[{"id":3753,"href":"https:\/\/lavoiedessansvoix.fr\/lavoie\/wp-json\/wp\/v2\/posts\/867\/revisions\/3753"}],"wp:featuredmedia":[{"embeddable":true,"href":"https:\/\/lavoiedessansvoix.fr\/lavoie\/wp-json\/wp\/v2\/media\/4452"}],"wp:attachment":[{"href":"https:\/\/lavoiedessansvoix.fr\/lavoie\/wp-json\/wp\/v2\/media?parent=867"}],"wp:term":[{"taxonomy":"category","embeddable":true,"href":"https:\/\/lavoiedessansvoix.fr\/lavoie\/wp-json\/wp\/v2\/categories?post=867"},{"taxonomy":"post_tag","embeddable":true,"href":"https:\/\/lavoiedessansvoix.fr\/lavoie\/wp-json\/wp\/v2\/tags?post=867"}],"curies":[{"name":"wp","href":"https:\/\/api.w.org\/{rel}","templated":true}]}}