{"id":866,"date":"2017-02-24T07:50:00","date_gmt":"2017-02-24T06:50:00","guid":{"rendered":"https:\/\/lavoiedessansvoix.fr\/lavoie\/2017\/02\/24\/archive-la-recomposition-en-marche-apres-la-botte-du-bearnais\/"},"modified":"2026-04-26T21:37:17","modified_gmt":"2026-04-26T19:37:17","slug":"archive-la-recomposition-en-marche-apres-la-botte-du-bearnais","status":"publish","type":"post","link":"https:\/\/lavoiedessansvoix.fr\/lavoie\/2017\/02\/24\/archive-la-recomposition-en-marche-apres-la-botte-du-bearnais\/","title":{"rendered":"LA RECOMPOSITION \u00ab EN MARCHE \u00bb  (Apr\u00e8s la botte du B\u00e9arnais)"},"content":{"rendered":"<p>LA RECOMPOSITION \u00ab EN MARCHE \u00bb  (Apr\u00e8s la botte du B\u00e9arnais)   On a appris hier que Fran\u00e7ois Bayrou rejoignait \u00ab l\u2019op\u00e9ration Macron \u00bb. L\u2019information est certes d\u2019importance en ce sens qu\u2019elle confirme l\u2019op\u00e9ration de recomposition du paysage politique fran\u00e7ais que \u00ab la voie des sans voix \u00bb avait vu venir de loin et dont elle avait en avance expliqu\u00e9 le sens et les modalit\u00e9s.  Nous avions \u00e9crit en effet le 25 avril 2016, qu\u2019il s\u2019agissait d\u2019op\u00e9rer la mutation politique, du Parti Socialiste, de faire avec ce lointain h\u00e9ritier de la 2\u00e8me internationale, un parti \u00ab d\u00e9mocrate \u00e0 l\u2019am\u00e9ricaine \u00bb. Que cela n\u00e9cessitait \u00ab un \u00ab repositionnement \u00e9lectoral. \u00ab  Le P.S. \u00bb  en pleine d\u00e9confiture \u00e9lectorale, nous ne nous \u00e9tendrons pas sur les raisons de celle-ci, doit regagner \u00ab au centre \u00bb les voix perdues \u00e0 gauche, afin de garder sa position \u00e9lectorale strat\u00e9gique. Fran\u00e7ois Hollande et son \u00e9quipe rapproch\u00e9e ne pouvaient pas ignorer que le PS serait \u00e9lectoralement durement impact\u00e9 par le tournant \u00ab Social-lib\u00e9ral \u00bb qu\u2019il a imprim\u00e9 avec ses acolytes Valls et Macron. Alors ils se sont mis en qu\u00eate, d\u00e8s ce temps, d\u2019un recentrage \u00e9lectoral de nature \u00e0 maintenir la cr\u00e9dibilit\u00e9 et le r\u00f4le leader de ce parti comme acteur de l\u2019alternance. L\u2019op\u00e9ration Macron qui a commenc\u00e9 par la mise en lumi\u00e8re de celui-ci avec sa nomination au minist\u00e8re des finances, rel\u00e8ve enti\u00e8rement de cette pr\u00e9occupation.   Il s\u2019agit de redessiner la carte \u00e9lectorale de la France en d\u00e9pla\u00e7ant vers la droite la ligne de s\u00e9paration entre \u00ab droite et gauche \u00bb. On savait, appel de Fran\u00e7ois Bayrou \u00e0 voter Hollande en 2012, que \u00ab le centre \u00bb politique, qui est en v\u00e9rit\u00e9 pluriel, pouvait se partager entre \u00ab la droite \u00bb et la \u00ab gauche \u00bb sous l\u2019effet de la bipolarisation croissante de la vie politique, dont l\u2019\u00e9lection pr\u00e9sidentielle est l\u2019expression la plus aboutie.Macron, qui dans cette affaire n\u2019\u00e9tait que \u00ab l\u2019ambassadeur pl\u00e9nipotentiaire \u00bb du Pr\u00e9sident sortant, avait d\u00e8s ce temps une mission, faire migrer vers le \u00ab\u00a0nouveau P.S. social lib\u00e9ral\u00a0\u00bb, une partie au moins des voix du \u00ab centre \u00bb et de la \u00ab droite \u00bb.   A ce stade toutefois un certain nombre de circonstances concr\u00e8tes restaient inconnues, et les r\u00e9ponses \u00e0 celles-ci  ne pourraient \u00eatre qu\u2019ad hoc. Plusieurs options \u00e9taient-encore envisageables. La premi\u00e8re et la plus ais\u00e9e \u00e9tant celle de la candidature de Fran\u00e7ois Hollande \u00e0 sa propre succession. Elle resta jusqu\u2019au bout l\u2019option privil\u00e9gi\u00e9e car elle eut permis \u00e0 la fois de maintenir l\u2019unit\u00e9 du PS, l\u2019op\u00e9ration se limitant alors \u00e0 un simple glissement \u00e0 droite du spectre \u00e9lectoral de ce parti, et de d\u00e9fendre le principe des deux mandats successifs dont les cercles dirigeants voudraient faire une r\u00e8gle de fonctionnement de nos institutions. La deuxi\u00e8me option, en passant par la case \u00ab primaires \u00bb, \u00e9tait une option de remplacement ou Valls, son alter-ego prendrait la rel\u00e8ve du pr\u00e9sident sortant. Cette option, ils le savaient aussi, avait peu de chance de se r\u00e9aliser, l\u2019ancien premier ministre partageant largement avec le Pr\u00e9sident le bilan qui disqualifiait celui-ci. La troisi\u00e8me option \u00e9tait la mise en liquidation pure et simple du P.S. d\u2019Epinay et la recomposition autour d\u2019un homme, Macron en l\u2019occurrence, d\u2019un nouveau parti (de gauche) social lib\u00e9ral assum\u00e9. C\u2019est dire, et c\u2019est pourquoi nous avions \u00e9crit cela dans notre article \u00ab LE PS A LA CASSE \u00bb (23 janvier 2017) que ce sont bien Hollande et ses acolytes, sa droite social-lib\u00e9rale, qui sont responsables du d\u00e9mant\u00e8lement du Parti de Fran\u00e7ois Mitterrand. \u00ab La  gauche du P.S. \u00bb ne faisant en v\u00e9rit\u00e9 que subir une \u00e9volution qu\u2019elle n\u2019a ni voulu, ni g\u00e9r\u00e9, et qu\u2019elle n\u2019a m\u00eame pas vu vraiment venir.  Voil\u00e0 donc nous y sommes ! Nous sommes entr\u00e9 dans la recomposition active d\u2019un nouveau parti sur le mod\u00e8le \u00ab d\u00e9mocrates \u00e0 l\u2019am\u00e9ricaine \u00bb qui signe la mort politique du P.S. Tel est le sens \u00ab Historique \u00bb, puisque d\u2019Histoire\u2019 il est question, qu\u2019il convient d\u2019attribuer  \u00e0 l\u2019alliance proclam\u00e9e de Fran\u00e7ois Bayrou avec Manuel Macron. D\u00e8s lors vous le devinez, la recomposition, Macron a prononc\u00e9 le mot, va se poursuivre avec le ralliement de toute l\u2019aile \u2018social-lib\u00e9rale \u00bb du P.S.   L\u2019\u00e9lectorat populaire \u00ab de gauche \u00bb en a soup\u00e9 des trahisons multiples, de la politique de droite, social lib\u00e9rale, faite par cette gauche-l\u00e0 f\u00e9d\u00e9r\u00e9e autour du P.S. Il en a plein les bottes des Hollande Valls Macron et leurs semblables et souhaite ne plus entendre parler d\u2019eux. Alors Macron \u00ab se d\u00e9tache \u00bb se refait un maquillage de coquette, et lui qui fut l\u2019un des inspirateurs essentiel de la politique \u00absociale-lib\u00e9rale \u00bb honnie, du gouvernement Valls et du Pr\u00e9sident de la R\u00e9publique, propose comme \u00ab nouveaut\u00e9 \u00bb un parti social-lib\u00e9ral d\u00e9complex\u00e9, pire encore car lib\u00e9r\u00e9 de l\u2019aile gauche qui rechignait et plombait le d\u00e9funt P.S. il est ais\u00e9e de comprendre que, sauf \u00e0 \u00eatre fou aucun des \u00e9lecteurs qui ont rejet\u00e9 cette \u00ab gauche \u00bb ne peut adh\u00e9rer au projet Macron. Celui-ci ne les concerne pas.  La candidature Hamon, marginalis\u00e9e, va se trouver pendue au bout de la corde qu\u2019elle s\u2019est elle-m\u00eame pass\u00e9e au cou. Celle de \u00ab la gauche socialiste \u00bb dont le cr\u00e9do est \u00ab l\u2019unit\u00e9 de toute la gauche \u00bb autour d\u2019un P.S. qui n\u2019existe plus. Le Parti Socialiste est mort, \u00ab de profundis \u00bb. Les conditions historiques qui en avaient fond\u00e9 l\u2019opportunit\u00e9, ont disparues. Nul ne pourra le ressusciter dans sa forme ant\u00e9rieure de parti f\u00e9d\u00e9rateur de \u00ab la gauche \u00bb. Il faut passer \u00e0 autre chose. L\u2019aile social-lib\u00e9rale a d\u00e9j\u00e0 act\u00e9 la nouvelle situation. Le choix est maintenant entre \u00ab une gauche v\u00e9ritable \u00bb et le nouveau parti \u00ab d\u00e9mocrate \u00bb en gestation. Ceux qui ne sont pas r\u00e9solus \u00e0 rompre avec leur P.S. fantasmatique pour s\u2019engager dans un parti de gauche v\u00e9ritable, doivent rejoindre Macron ou assumer leur marginalisation.   Quant aux appels et pressions pour contraindre Jean-Luc M\u00e9lenchon de retirer sa candidature au profit de celle de Benoit Hamon, elles sont tout \u00e0 fait inconvenantes et d\u00e9plac\u00e9es. La candidature Hamon, celle d\u2019un parti qui n\u2019existe plus, est mortif\u00e8re. Ce serait suicidaire pour \u00ab la nouvelle gauche \u00bb dont l\u2019opportunit\u00e9 Historique dessine les contours, de se rallier \u00e0 cette survivance n\u00e9cros\u00e9e de l\u2019ancien P.S.   L\u2019alternative, pour ce qui jusque-l\u00e0 \u00e9tait la gauche, se r\u00e9sume donc \u00e0 ce choix binaire : Macron ou M\u00e9lenchon. Que chacun fasse son choix.  Patrick Seignon. \u00ab lavoiedessansvoix.fr \u00bb Vendredi24 f\u00e9vrier 2017.<\/p>\n","protected":false},"excerpt":{"rendered":"<p>LA RECOMPOSITION \u00ab EN MARCHE \u00bb (Apr\u00e8s la botte du B\u00e9arnais) On a appris hier que Fran\u00e7ois Bayrou rejoignait \u00ab [&hellip;]<\/p>\n","protected":false},"author":1,"featured_media":4451,"comment_status":"open","ping_status":"open","sticky":false,"template":"","format":"standard","meta":{"sfsi_plus_gutenberg_text_before_share":"","sfsi_plus_gutenberg_show_text_before_share":"","sfsi_plus_gutenberg_icon_type":"","sfsi_plus_gutenberg_icon_alignemt":"","sfsi_plus_gutenburg_max_per_row":"","site-sidebar-layout":"default","site-content-layout":"","ast-site-content-layout":"default","site-content-style":"default","site-sidebar-style":"default","ast-global-header-display":"","ast-banner-title-visibility":"","ast-main-header-display":"","ast-hfb-above-header-display":"","ast-hfb-below-header-display":"","ast-hfb-mobile-header-display":"","site-post-title":"","ast-breadcrumbs-content":"","ast-featured-img":"","footer-sml-layout":"","ast-disable-related-posts":"","theme-transparent-header-meta":"","adv-header-id-meta":"","stick-header-meta":"","header-above-stick-meta":"","header-main-stick-meta":"","header-below-stick-meta":"","astra-migrate-meta-layouts":"default","ast-page-background-enabled":"default","ast-page-background-meta":{"desktop":{"background-color":"var(--ast-global-color-4)","background-image":"","background-repeat":"repeat","background-position":"center center","background-size":"auto","background-attachment":"scroll","background-type":"","background-media":"","overlay-type":"","overlay-color":"","overlay-opacity":"","overlay-gradient":""},"tablet":{"background-color":"","background-image":"","background-repeat":"repeat","background-position":"center center","background-size":"auto","background-attachment":"scroll","background-type":"","background-media":"","overlay-type":"","overlay-color":"","overlay-opacity":"","overlay-gradient":""},"mobile":{"background-color":"","background-image":"","background-repeat":"repeat","background-position":"center center","background-size":"auto","background-attachment":"scroll","background-type":"","background-media":"","overlay-type":"","overlay-color":"","overlay-opacity":"","overlay-gradient":""}},"ast-content-background-meta":{"desktop":{"background-color":"var(--ast-global-color-5)","background-image":"","background-repeat":"repeat","background-position":"center center","background-size":"auto","background-attachment":"scroll","background-type":"","background-media":"","overlay-type":"","overlay-color":"","overlay-opacity":"","overlay-gradient":""},"tablet":{"background-color":"var(--ast-global-color-5)","background-image":"","background-repeat":"repeat","background-position":"center center","background-size":"auto","background-attachment":"scroll","background-type":"","background-media":"","overlay-type":"","overlay-color":"","overlay-opacity":"","overlay-gradient":""},"mobile":{"background-color":"var(--ast-global-color-5)","background-image":"","background-repeat":"repeat","background-position":"center center","background-size":"auto","background-attachment":"scroll","background-type":"","background-media":"","overlay-type":"","overlay-color":"","overlay-opacity":"","overlay-gradient":""}},"footnotes":""},"categories":[16],"tags":[],"class_list":["post-866","post","type-post","status-publish","format-standard","has-post-thumbnail","hentry","category-archives-cms"],"_links":{"self":[{"href":"https:\/\/lavoiedessansvoix.fr\/lavoie\/wp-json\/wp\/v2\/posts\/866","targetHints":{"allow":["GET"]}}],"collection":[{"href":"https:\/\/lavoiedessansvoix.fr\/lavoie\/wp-json\/wp\/v2\/posts"}],"about":[{"href":"https:\/\/lavoiedessansvoix.fr\/lavoie\/wp-json\/wp\/v2\/types\/post"}],"author":[{"embeddable":true,"href":"https:\/\/lavoiedessansvoix.fr\/lavoie\/wp-json\/wp\/v2\/users\/1"}],"replies":[{"embeddable":true,"href":"https:\/\/lavoiedessansvoix.fr\/lavoie\/wp-json\/wp\/v2\/comments?post=866"}],"version-history":[{"count":1,"href":"https:\/\/lavoiedessansvoix.fr\/lavoie\/wp-json\/wp\/v2\/posts\/866\/revisions"}],"predecessor-version":[{"id":3751,"href":"https:\/\/lavoiedessansvoix.fr\/lavoie\/wp-json\/wp\/v2\/posts\/866\/revisions\/3751"}],"wp:featuredmedia":[{"embeddable":true,"href":"https:\/\/lavoiedessansvoix.fr\/lavoie\/wp-json\/wp\/v2\/media\/4451"}],"wp:attachment":[{"href":"https:\/\/lavoiedessansvoix.fr\/lavoie\/wp-json\/wp\/v2\/media?parent=866"}],"wp:term":[{"taxonomy":"category","embeddable":true,"href":"https:\/\/lavoiedessansvoix.fr\/lavoie\/wp-json\/wp\/v2\/categories?post=866"},{"taxonomy":"post_tag","embeddable":true,"href":"https:\/\/lavoiedessansvoix.fr\/lavoie\/wp-json\/wp\/v2\/tags?post=866"}],"curies":[{"name":"wp","href":"https:\/\/api.w.org\/{rel}","templated":true}]}}