{"id":865,"date":"2017-02-25T06:00:00","date_gmt":"2017-02-25T05:00:00","guid":{"rendered":"https:\/\/lavoiedessansvoix.fr\/lavoie\/2017\/02\/25\/archive-le-scandale-du-diner-du-crif\/"},"modified":"2026-04-26T21:37:06","modified_gmt":"2026-04-26T19:37:06","slug":"archive-le-scandale-du-diner-du-crif","status":"publish","type":"post","link":"https:\/\/lavoiedessansvoix.fr\/lavoie\/2017\/02\/25\/archive-le-scandale-du-diner-du-crif\/","title":{"rendered":"LE SCANDALE DU DINER DU CRIF"},"content":{"rendered":"<p>LE SCANDALE DU DINER DU CRIF   69Le diner du \u00ab CRIF \u00bb* s\u2019est tenu cette ann\u00e9e le mercredi 22 f\u00e9vrier au soir dans un grand h\u00f4tel du quartier Montparnasse. C\u2019est devenu, depuis Nicolas Sarkozy, un Rendez-vous oblig\u00e9 du Pr\u00e9sident de la R\u00e9publique*, un peu comme si \u00ab la R\u00e9publique \u00bb \u00e9tait tenue d\u2019aller chaque ann\u00e9e renouveler son serment d\u2019all\u00e9geance \u00e0 la communaut\u00e9 Juive.  Voil\u00e0 donc une R\u00e9publique \u00ab jalouse maladive \u00bb de sa la\u00efcit\u00e9, quand il s\u2019agit de foulard islamique et de pri\u00e8res dans les rues, qui pousserait son interpr\u00e9tation obsessionnelle de la la\u00efcit\u00e9 jusqu\u2019\u00e0 l\u00e9gif\u00e9rer sur les modes vestimentaires de ses citoyens. Pr\u00eate \u00e0 s\u2019insurger contre les signes religieux \u00ab ostentatoires \u00bb et autre \u00ab burkini \u00bb arbor\u00e9s dans l\u2019espace public, et qui va comme un rite annuel s\u2019agenouiller devant le Conseil des institutions religieuses de la communaut\u00e9 Juive.  Le moins que l\u2019on puisse en d\u00e9duire c\u2019est que les plus hautes autorit\u00e9s manque de coh\u00e9rence en mati\u00e8re de respect de la \u00ab la\u00efcit\u00e9 \u00bb, de lutte contre le \u00ab communautarisme \u00bb et de s\u00e9paration des cultes et de l\u2019\u00c9tat \u00bb. A elle toute seule cette circonstance constitue d\u00e9j\u00e0 un d\u00e9ni et un scandale.  Or, il y a plus. Cette ann\u00e9e le Pr\u00e9sident de la R\u00e9publique n\u2019\u00e9tait pas seul  \u00e0 se conformer \u00e0 ce rituel oblig\u00e9. Proximit\u00e9 des \u00e9lections pr\u00e9sidentielles oblige les candidats \u00e0 la magistrature supr\u00eame \u00e9taient all\u00e9 eux aussi solliciter l\u2019adoubement du nouveau pr\u00e9sident du CRIF. Un peu comme si le sacrement de celui-ci \u00e9tait le feu vert indispensable \u00e0 qui aspire d\u2019endosser la charge de premier personnage de \u00ab la R\u00e9publique la\u00efque \u00bb. Dr\u00f4le de contorsion intellectuelle vous en conviendrez.  Mais le scandale ne se limite pas encore \u00e0 cela. Il y a plus, et encore plus grave. Voil\u00e0 que monsieur Francis Kalifat s\u2019\u00e9rige en censeur et en directeur de conscience de la R\u00e9publique. Voil\u00e0 que la manifestation mondaine se transforme en \u00ab meeting \u00e9lectoral dinatoire \u00bb. Le journal \u00ab Le Figaro \u00bb, auquel nous empruntons des extraits de son compte rendu, ne s\u2019y est d\u2019ailleurs pas tromp\u00e9 qui titrait \u00ab  La pr\u00e9sidentielle s&rsquo;invite au d\u00eener du Crif \u00bb. Les candidats \u00e0 l\u2019\u00e9lection pr\u00e9sidentielles, avons-nous dit, figuraient au nombre des invit\u00e9s. Oui, mais pas tous. Seuls Fillon, Macron et Hamon en \u00e9taient, Jean-Luc M\u00e9lenchon et Marine Le Pen n\u2019avaient pas \u00e9t\u00e9 convi\u00e9s \u00e0 la raison que se sont \u00ab des extr\u00e9mistes \u00bb. Voil\u00e0 comment Monsieur Kalifat a justifi\u00e9 cet ostracisme : \u00abCeux qui, en France, ont un probl\u00e8me avec les juifs et Isra\u00ebl ont presque toujours un probl\u00e8me avec la d\u00e9mocratie, l&rsquo;\u00c9tat de droit et les libert\u00e9s individuelles.\u00bb Et de conclure: \u00abJe ne dis pas que tous les Fran\u00e7ais musulmans, tous les sympathisants du Front national et tous les sympathisants de l&rsquo;extr\u00eame gauche sont antis\u00e9mites. Je fais le constat que les antis\u00e9mites sont surrepr\u00e9sent\u00e9s dans ces trois groupes. Pour cette raison et parce que leurs programmes sont dangereux pour la France, le Crif appelle \u00e0 faire barrage \u00e0 l&rsquo;extr\u00eame droite et \u00e0 l&rsquo;extr\u00eame-gauche aux prochaines \u00e9lections.\u00bb  Cette immixtion d\u2019institutions communautaires et religieuses dans la campagne \u00e9lectorale est nous l\u2019avons d\u00e9j\u00e0 dit, proprement scandaleuse. Voil\u00e0 que le Pr\u00e9sident du Crif s\u2019avise de d\u00e9cerner des cartons rouges en \u00ab irrecevabilit\u00e9 \u00bb \u00e0 deux courants politiques majeurs du d\u00e9bat national qu\u2019il qualifie d\u2019extr\u00e9mistes. Bon, je ne ferai pas de plaidoyer ici pour r\u00e9futer \u00ab l\u2019extr\u00e9misme \u00bb attribu\u00e9 \u00e0 Marine Le Pen et au F.N., qu\u2019ils fassent cela eux-m\u00eames. Mais M\u00e9lenchon un extr\u00e9miste ? Alors que le programme de celui-ci n\u2019est pas m\u00eame anticapitaliste. Vouloir apposer sur M\u00e9lenchon, le parti de gauche, ses \u00e9lecteurs, la marque infamante de l\u2019antis\u00e9mitisme pr\u00e9sum\u00e9 aux raisons, non d\u00e9montr\u00e9es, que les antis\u00e9mites dans ses rangs seraient \u00bb surrepr\u00e9sent\u00e9s \u00bb On est l\u00e0 dans l\u2019arbitraire et dans l\u2019insulte. En toute logique de tels propos devraient faire l\u2019objet de poursuite pour injure publiques.  Mais au fait, qui est-il vraiment ce monsieur Kalifat pour prononcer de telles \u00ab fatwa \u00bb ? Non je ne veux pas parler de son curriculum vitae, de sa personnalit\u00e9 ni de ses titres, mais uniquement des id\u00e9es qu\u2019il professe et des r\u00e9f\u00e9rences sur lesquelles il se fonde. \u00ab Prenant alors la d\u00e9fense d&rsquo;Isra\u00ebl &#8211; \u00abune d\u00e9mocratie, un \u00c9tat de droit et un pays de libert\u00e9s\u00bb rapporte Le Figaro. Eh oui, parce que le Crif, \u00ab Conseil repr\u00e9sentatif des institutions juives de France \u00bb est un animal amphibie, tant\u00f4t reptile tant\u00f4t poisson, tant\u00f4t institution religieuses tant\u00f4t institution communautaire, tant\u00f4t repr\u00e9sentant \u00ab des juifs de France \u00bb tant\u00f4t Lobby fran\u00e7ais de l\u2019Etat d\u2019Isra\u00ebl, tant\u00f4t parole du Rabbinat, tant\u00f4t voix du sionisme. La R\u00e9publique obtemp\u00e9rant \u00e0 l\u2019injonction du lobby d\u2019un Etat \u00e9tranger ! Voil\u00e0 qui ajoute une couche suppl\u00e9mentaire, au scandale que nous d\u00e9non\u00e7ons. Mais songez un peu, ce monsieur qui \u00ab excommunie \u00bb \u00ab les extr\u00e9mismes \u00bb de droites et de gauche, nous dit de l\u2019Etat d\u2019Isra\u00ebl qu\u2019il est une d\u00e9mocratie, un Etat de droit, et un pays de libert\u00e9s ! Qu\u2019elle impudence ! Un Etat dont l\u2019acte fondateur fut une guerre d\u2019\u00e9puration ethnique, \u00e9tablie par la colonisation sur des terres vol\u00e9es \u00e0 un peuple pourchass\u00e9, un Etat confessionnel, un Etat qui discrimine les populations arabes, un Etat qui depuis soixante ans ne s\u2019est pli\u00e9 \u00e0 aucune des r\u00e9solutions de l\u2019ONU, qui dresse des m\u00fbrs entre les populations, qui assi\u00e8ge depuis de longues ann\u00e9es un petit territoire exigu\u00eb o\u00f9 croupit une population mis\u00e9rable, qui agresse, tue et d\u00e9truit les biens, en se fichant pas mal de toutes les conventions sur la guerre. Comment peut-on oser dire qu\u2019un tel Etat est un Etat de droit, libre et d\u00e9mocratique. Monsieur Kalifat ne fait-il pas preuve l\u00e0 d\u2019une terrible  partialit\u00e9 et d\u2019un extr\u00e9misme sans limite ? A quel titre donc l\u2019extr\u00e9miste Sioniste que se r\u00e9v\u00e8le \u00eatre monsieur Kalifat, peut-il se permet-il jeter l\u2019opprobre sur d\u2019autres extr\u00e9mismes selon sa d\u00e9finition ? Et sa d\u00e9finition m\u00eame de l\u2019extr\u00e9misme politique n\u2019est-elle pas d\u00e9form\u00e9e par le poste d\u2019o\u00f9 il l\u2019observe la r\u00e9alit\u00e9 situ\u00e9 \u00e0 l\u2019autre extr\u00e9mit\u00e9 de la palette des jugements ?  \u00abDepuis l&rsquo;ann\u00e9e 2000, la courbe de l&rsquo;antis\u00e9mitisme ne conna\u00eet ni de pause, ni cessez-le-feu\u00bb sans compter \u00ables propos, gestes et postures antis\u00e9mites aujourd&rsquo;hui cach\u00e9s derri\u00e8re l&rsquo;antisionisme\u00bb, avait-il dit aussi. Oui, monsieur Kalifat est un extr\u00e9miste sioniste qui voudrait, pour faire taire toute contestation internationale de la politique colonialiste agressive  isra\u00e9lienne, assimiler l\u2019antisionisme \u00e0 l\u2019antis\u00e9mitisme afin de le criminaliser. Voil\u00e0 pourquoi le Crif entretien cette pr\u00e9gnance trouble entre institutions religieuses et institutions communautaires, entre d\u00e9fense de la jud\u00e9it\u00e9 et d\u00e9fense d\u2019Isra\u00ebl.  Eh bien non monsieur le Pr\u00e9sident, qu\u2019on vous le dise, en ce qui me concerne je ne courberai pas la t\u00eate, je ne baisserai pas les yeux, je vous le re redit bien en face et bien haut : \u00ab quoique vous le contestiez, je ne suis pas antis\u00e9mite mais je suis, reste et resterait un antisioniste r\u00e9solu, et les courbettes que viennent vous d\u00e9cerner chaque ann\u00e9es les repr\u00e9sentants de notre R\u00e9publique n\u2019y pourront rien changer, elles ne m\u2019engagent \u00e0 rien.   S\u2019il arrive que des rois se mettent \u00e0 genoux de leur plein-gr\u00e9, les peuples ne font cela que sous la contrainte.  Patrick Seignon. \u00ab lavoiedessansvoix.fe \u00bb. Samedi 25 f\u00e9vrier 2017.  Avant Sarkozy, l\u2019Etat \u00e9tait repr\u00e9sent\u00e9 au diner du Crif par le Ministre de l\u2019int\u00e9rieur.<\/p>\n","protected":false},"excerpt":{"rendered":"<p>LE SCANDALE DU DINER DU CRIF 69Le diner du \u00ab CRIF \u00bb* s\u2019est tenu cette ann\u00e9e le mercredi 22 f\u00e9vrier [&hellip;]<\/p>\n","protected":false},"author":1,"featured_media":4450,"comment_status":"open","ping_status":"open","sticky":false,"template":"","format":"standard","meta":{"sfsi_plus_gutenberg_text_before_share":"","sfsi_plus_gutenberg_show_text_before_share":"","sfsi_plus_gutenberg_icon_type":"","sfsi_plus_gutenberg_icon_alignemt":"","sfsi_plus_gutenburg_max_per_row":"","site-sidebar-layout":"default","site-content-layout":"","ast-site-content-layout":"default","site-content-style":"default","site-sidebar-style":"default","ast-global-header-display":"","ast-banner-title-visibility":"","ast-main-header-display":"","ast-hfb-above-header-display":"","ast-hfb-below-header-display":"","ast-hfb-mobile-header-display":"","site-post-title":"","ast-breadcrumbs-content":"","ast-featured-img":"","footer-sml-layout":"","ast-disable-related-posts":"","theme-transparent-header-meta":"","adv-header-id-meta":"","stick-header-meta":"","header-above-stick-meta":"","header-main-stick-meta":"","header-below-stick-meta":"","astra-migrate-meta-layouts":"default","ast-page-background-enabled":"default","ast-page-background-meta":{"desktop":{"background-color":"var(--ast-global-color-4)","background-image":"","background-repeat":"repeat","background-position":"center center","background-size":"auto","background-attachment":"scroll","background-type":"","background-media":"","overlay-type":"","overlay-color":"","overlay-opacity":"","overlay-gradient":""},"tablet":{"background-color":"","background-image":"","background-repeat":"repeat","background-position":"center center","background-size":"auto","background-attachment":"scroll","background-type":"","background-media":"","overlay-type":"","overlay-color":"","overlay-opacity":"","overlay-gradient":""},"mobile":{"background-color":"","background-image":"","background-repeat":"repeat","background-position":"center center","background-size":"auto","background-attachment":"scroll","background-type":"","background-media":"","overlay-type":"","overlay-color":"","overlay-opacity":"","overlay-gradient":""}},"ast-content-background-meta":{"desktop":{"background-color":"var(--ast-global-color-5)","background-image":"","background-repeat":"repeat","background-position":"center center","background-size":"auto","background-attachment":"scroll","background-type":"","background-media":"","overlay-type":"","overlay-color":"","overlay-opacity":"","overlay-gradient":""},"tablet":{"background-color":"var(--ast-global-color-5)","background-image":"","background-repeat":"repeat","background-position":"center center","background-size":"auto","background-attachment":"scroll","background-type":"","background-media":"","overlay-type":"","overlay-color":"","overlay-opacity":"","overlay-gradient":""},"mobile":{"background-color":"var(--ast-global-color-5)","background-image":"","background-repeat":"repeat","background-position":"center center","background-size":"auto","background-attachment":"scroll","background-type":"","background-media":"","overlay-type":"","overlay-color":"","overlay-opacity":"","overlay-gradient":""}},"footnotes":""},"categories":[16],"tags":[],"class_list":["post-865","post","type-post","status-publish","format-standard","has-post-thumbnail","hentry","category-archives-cms"],"_links":{"self":[{"href":"https:\/\/lavoiedessansvoix.fr\/lavoie\/wp-json\/wp\/v2\/posts\/865","targetHints":{"allow":["GET"]}}],"collection":[{"href":"https:\/\/lavoiedessansvoix.fr\/lavoie\/wp-json\/wp\/v2\/posts"}],"about":[{"href":"https:\/\/lavoiedessansvoix.fr\/lavoie\/wp-json\/wp\/v2\/types\/post"}],"author":[{"embeddable":true,"href":"https:\/\/lavoiedessansvoix.fr\/lavoie\/wp-json\/wp\/v2\/users\/1"}],"replies":[{"embeddable":true,"href":"https:\/\/lavoiedessansvoix.fr\/lavoie\/wp-json\/wp\/v2\/comments?post=865"}],"version-history":[{"count":1,"href":"https:\/\/lavoiedessansvoix.fr\/lavoie\/wp-json\/wp\/v2\/posts\/865\/revisions"}],"predecessor-version":[{"id":3749,"href":"https:\/\/lavoiedessansvoix.fr\/lavoie\/wp-json\/wp\/v2\/posts\/865\/revisions\/3749"}],"wp:featuredmedia":[{"embeddable":true,"href":"https:\/\/lavoiedessansvoix.fr\/lavoie\/wp-json\/wp\/v2\/media\/4450"}],"wp:attachment":[{"href":"https:\/\/lavoiedessansvoix.fr\/lavoie\/wp-json\/wp\/v2\/media?parent=865"}],"wp:term":[{"taxonomy":"category","embeddable":true,"href":"https:\/\/lavoiedessansvoix.fr\/lavoie\/wp-json\/wp\/v2\/categories?post=865"},{"taxonomy":"post_tag","embeddable":true,"href":"https:\/\/lavoiedessansvoix.fr\/lavoie\/wp-json\/wp\/v2\/tags?post=865"}],"curies":[{"name":"wp","href":"https:\/\/api.w.org\/{rel}","templated":true}]}}