{"id":864,"date":"2017-02-26T06:13:00","date_gmt":"2017-02-26T05:13:00","guid":{"rendered":"https:\/\/lavoiedessansvoix.fr\/lavoie\/2017\/02\/26\/archive-melenchon-en-aval-ou-en-hamon\/"},"modified":"2026-04-26T21:36:57","modified_gmt":"2026-04-26T19:36:57","slug":"archive-melenchon-en-aval-ou-en-hamon","status":"publish","type":"post","link":"https:\/\/lavoiedessansvoix.fr\/lavoie\/2017\/02\/26\/archive-melenchon-en-aval-ou-en-hamon\/","title":{"rendered":"MELENCHON, EN AVAL OU EN HAMON"},"content":{"rendered":"<p>MELENCHON, EN AVAL OU EN HAMON70   (corrections apport\u00e9es le 26\/2\/2017 \u00e0 16 HEURES 10.)Jean-Luc M\u00e9lenchon, invit\u00e9 jeudi soir de l\u2019\u00e9mission \u00ab Politique \u00bb de David Pujadas, a dit qu\u2019il ne fermait pas la porte \u00e0 la discussion et propos\u00e9 un rendez-vous \u00e0  Benoit Hamon.   Une rencontre Hamon M\u00e9lenchon doit avoir lieu incessamment. La rencontre projet\u00e9e n\u2019a toutefois de cesse de nous inqui\u00e9ter un peu. Certes, Jean-Luc M\u00e9lenchon a eu raison de ne pas fermer la porte. L\u2019eut-il fait il eut endoss\u00e9 le costume du diviseur. Or les pressions se font fortes, du c\u00f4t\u00e9 du PCF par exemple, qui presque toutes, allez savoir pourquoi, militent pour le \u00ab ralliement \u00bb de M\u00e9lenchon. Comme si Hamon avait vertu, parce qu\u2019il est le candidat des d\u00e9bris du PS et l\u2019\u00e9lu de leurs primaire rat\u00e9es, \u00e0 pr\u00e9tendre \u00e0 une l\u00e9gitimit\u00e9 plus grande. Nous avons \u00e9crit il y a deux jours : \u00ab Les appels et pressions pour contraindre Jean-Luc M\u00e9lenchon de retirer sa candidature au profit de celle de Benoit Hamon, sont tout \u00e0 fait inconvenantes et d\u00e9plac\u00e9es. La candidature Hamon, celle d\u2019un parti qui n\u2019existe plus, est mortif\u00e8re. Ce serait suicidaire pour \u00ab la nouvelle gauche \u00bb dont l\u2019opportunit\u00e9 Historique dessine les contours, de se rallier \u00e0 cette survivance n\u00e9cros\u00e9e de l\u2019ancien P.S. \u00bb (LA RECOMPOSITION \u00ab EN MARCHE \u00bb). Alors nous disons : Une candidature unique, oui, pourquoi pas, si c\u2019est celle de M\u00e9lenchon. Toute autre option serait une erreur catastrophique.   Le candidat du PS, ou ce qu\u2019il en reste, souhaite aboutir \u00e0 ce qu\u2019il appelle \u2018une candidature unique de la gauche \u00bb, appellation illusoire, survivance d\u2019une r\u00e9alit\u00e9 politique abolie. Si une telle candidature se r\u00e9alisait, ce ne serait pas celle de \u00ab la gauche \u00bb, mais celle d\u2019une partie seulement de l\u2019ancienne gauche, Au demeurant Benoit Hamon milite pour \u00ab une candidature unique, la sienne \u00bb, comme de bien entendu, dite de rassemblement. Celui-ci pr\u00e9tend qu\u2019il serait le mieux plac\u00e9 pour porter une candidature commune. En vertu de quoi peut-il croire une pareille chose ? Les \u00e9lecteurs de gauche dans leur grande majorit\u00e9 veulent infliger une d\u00e9faite retentissante au PS. Cela a d\u00e9j\u00e0 \u00e9t\u00e9 largement apparent \u00e0 travers les \u00e9lections \u00ab primaires \u00bb et s\u2019est manifest\u00e9 de deux mani\u00e8res, un) par le peu d\u2019engouement pour ce scrutin, deux) par l\u2019humiliante d\u00e9faite inflig\u00e9e \u00e0 Manuel Valls. Alors, certes Benoit Hamon est sorti vainqueur de cette primaire et cela contribue-t-il \u00e0 l\u2019illusionner. Mais il faut qu\u2019il repose les pieds parterre. Les \u00e9lecteurs n\u2019en ont pas fini avec la sanction qu\u2019ils ont r\u00e9solu d\u2019appliquer \u00e0 son parti. Croit-il que son positionnement politique plus \u00e0 gauche peut inverser la tendance ? Il se met le doigt dans l\u2019\u0153il. Le positionnement \u00e0 gauche est certes un point positif, mais pour une partie seulement de l\u2019ancien spectre \u00e9lectoral du PS. Une grande partie de celui-ci, \u00e0 son aile droite, va voter Macron, et une autre partie ne veut plus rien entendre du P.S. Mais surtout Hamon cumule sur son nom deux handicaps bien plus embarrassants. D\u2019une part, en devenant le candidat officiel du Parti. Socialiste il a endoss\u00e9 la responsabilit\u00e9 historique de ce parti, d\u2019autre part son positionnement d\u2019opportunit\u00e9 \u00e9lectorale \u00e0 gauche ne peut faire oublier l\u2019irr\u00e9solution \u00ab des frondeurs du PS \u00bb dont il \u00e9tait, qui n\u2019ont pas os\u00e9 voter la motion de censure de la droite, laissant ainsi passer la \u00ab loi travail \u00bb et le 49-3. Les \u00e9lecteurs n\u2019en ont pas fini avec la sanction \u00e9lectorale du PS, puisque le scrutin pr\u00e9sidentiel est encore \u00e0 venir, seule une petite fraction de l\u2019\u00e9lectorat de \u00ab gauche \u00bb s\u2019est exprim\u00e9e lors \u00ab des primaires \u00bb les autres n\u2019ont encore rien dit et entendent bien le faire savoir. Or, puisque Benoit Hamon a eu la malencontreuse id\u00e9e de se hisser aux avant-postes \u00e0 la place de Hollande ou Valls, c\u2019est lui a n\u2019en pas douter qui va essuyer la pluie de Gravelotte. Il n\u2019est pas bien m\u00e9chant le Benoit, mais il l\u2019a voulu, s\u2019est tant pis pour lui.  Benoit Hamon souhaiterait aboutir \u00e0 \u00ab SA candidature unique \u00bb. Nous avons r\u00e9torqu\u00e9, pourquoi pas si c\u2019est celle de M\u00e9lenchon. Mais une autre question se pose, Hamon ou M\u00e9lenchon, M\u00e9lenchon ou Hamon, une candidature unique oui mais pourquoi faire ?  Pour gagner nous dit Benoit Hamon. Il nous amuse, ce n\u2019est pas s\u00e9rieux. Cela nous surprendrait beaucoup que par je ne sais quel retournement de l\u2019histoire un tel sc\u00e9nario puisse voir le jour. Serait-elle m\u00eame vraiment souhaitable la victoire d\u2019un outsider obtenue par ruse contre la majorit\u00e9 et les sentiments politiques r\u00e9els du pays. Quels lendemains nous pr\u00e9parerait-elle ? Hamon est dans la propagande. Il sait tr\u00e8s bien, que cette victoire-l\u00e0, la sienne en l\u2019occurrence est impossible. Mais il se pince pour faire semblant d\u2019y croire afin de galvaniser les \u00e9nergies de ses partisans. Son objectif r\u00e9el ce n\u2019est pas la victoire inaccessible aux \u00e9lections pr\u00e9sidentielles, c\u2019est de sauver son parti comme pi\u00e8ce incontournable de \u00ab l\u2019alternance politique \u00bb, et c\u2019est \u00e0 cette fin qu\u2019il souhaite obtenir, instrumentaliser, la subordination de M\u00e9lenchon. En se ralliant, en annulant sa propre candidature, Jean-Luc M\u00e9lenchon peut-\u00eatre parviendrait-il, peut-\u00eatre seulement, \u00e0 tirer hors de l\u2019eau la t\u00eate de \u00ab Boudu \u00bb qui se noie. Mais ce serait au prix de sa propre existence politique.   L\u2019argument massue, cens\u00e9 \u00eatre r\u00e9dhibitoire, c\u2019est le risque r\u00e9el d\u2019une victoire de Marine Le Pen. Effray\u00e9 par \u00ab ce danger \u00bb, M\u00e9lenchon devrait capituler s\u2019il ne veut pas en porter la responsabilit\u00e9. Mais pourquoi donc si ce danger est si imminent et si r\u00e9el, Hamon ne se d\u00e9sisterait-il pas au profit de M\u00e9lenchon ? A se maintenir pourquoi ne serait-ce pas lui le responsable d\u2019une \u00e9ventuelle victoire du FN ?  En v\u00e9rit\u00e9 ni Hamon ni M\u00e9lenchon, ni leur divisions ne sont responsables de la r\u00e9alisation \u00e9ventuelle  de ce sc\u00e9nario. S\u2019il advient, s\u2019est la perversit\u00e9 du syst\u00e8me de l\u2019alternance droite gauche (UMPS) et des politiques men\u00e9es depuis 40 ans qui en sont la cause. Et par qu\u2019elle magie croirait-on que l\u2019union de \u00ab la gauche de la gauche \u00bb, serait en mesure d\u2019effacer en deux mois les ranc\u0153urs accumul\u00e9es par quarante ans de politiques antisociales, et de renverser le rapport des forces politique qui en a r\u00e9sult\u00e9 ? La victoire \u00e9ventuelle de Marine Le Pen aux prochaines pr\u00e9sidentielle est \u00e0 pr\u00e9sent une hypoth\u00e8se s\u00e9rieuse, mais ce n\u2019est pas en fonction de cela qu\u2019il convient, trop tard, de se positionner. Capituler \u00e0 cette raison, tenter de sauver le P.S. \u00e0 cette raison, serait bien le pire des sc\u00e9narios.   Le d\u00e9sistement de Jean-Luc M\u00e9lenchon au profit de Benoit Hamon  serait une catastrophe qui ach\u00e8verait de d\u00e9moraliser les militants et les \u00e9lecteurs qui s\u2019attachent \u00e0 l\u2019esp\u00e9rance d\u2019un rebond d\u2019une gauche v\u00e9ritable. Ceux-l\u00e0, qui entendaient sanctionner, voire se d\u00e9barrasser du PS, auraient le sentiment d\u2019une ultime et terrible trahison. Tout cet imbroglio pout \u00e7a, pour revenir \u00e0 la case d\u00e9part, pour restaurer la m\u00eame strat\u00e9gie qui livre aux traitres qui les abusent les \u00e9lecteurs de gauche d\u00e9sempar\u00e9s. Cela signifierait qu\u2019on veut les maintenir \u00e0 l\u2019\u00e9crou dans ce carcan o\u00f9 ils seraient enferm\u00e9s sans espoir d\u2019en \u00e9chapper jamais. Certes, il se pourrait en ce cas que le ralliement de M\u00e9lenchon \u00e0 Hamon, limite un peu les d\u00e9g\u00e2ts pour ce dernier, mais foin d\u2019une chance de victoire suppl\u00e9mentaire de cette \u00ab gauche-gauche \u00bb, il en signerait au contraire l\u2019affaissement total.   Quel que puisse \u00eatre le sc\u00e9nario du deuxi\u00e8me tour. Quoiqu\u2019il puisse advenir, \u00e9lection de Le Pen, Fillon ou Macron, pour les \u00e9lecteurs de gauche, pour les salari\u00e9s les couches populaires, la seule v\u00e9ritable chance \u00e0 attendre de ces \u00e9lections, l\u2019esp\u00e9rance d\u2019avenir que l\u2019on peut y faire naitre et \u00e0 quoi il faut travailler, c\u2019est de jeter les bases  de la recomposition d\u2019un parti de gauche v\u00e9ritable, et cela se joue autour de la candidature de Jean-Luc M\u00e9lenchon.   Patrick Seignon. \u00ab lavoiedessansvoix.fr \u00bb. Dimanche 26 f\u00e9vrier 2017<\/p>\n","protected":false},"excerpt":{"rendered":"<p>MELENCHON, EN AVAL OU EN HAMON70 (corrections apport\u00e9es le 26\/2\/2017 \u00e0 16 HEURES 10.)Jean-Luc M\u00e9lenchon, invit\u00e9 jeudi soir de l\u2019\u00e9mission [&hellip;]<\/p>\n","protected":false},"author":1,"featured_media":4449,"comment_status":"open","ping_status":"open","sticky":false,"template":"","format":"standard","meta":{"sfsi_plus_gutenberg_text_before_share":"","sfsi_plus_gutenberg_show_text_before_share":"","sfsi_plus_gutenberg_icon_type":"","sfsi_plus_gutenberg_icon_alignemt":"","sfsi_plus_gutenburg_max_per_row":"","site-sidebar-layout":"default","site-content-layout":"","ast-site-content-layout":"default","site-content-style":"default","site-sidebar-style":"default","ast-global-header-display":"","ast-banner-title-visibility":"","ast-main-header-display":"","ast-hfb-above-header-display":"","ast-hfb-below-header-display":"","ast-hfb-mobile-header-display":"","site-post-title":"","ast-breadcrumbs-content":"","ast-featured-img":"","footer-sml-layout":"","ast-disable-related-posts":"","theme-transparent-header-meta":"","adv-header-id-meta":"","stick-header-meta":"","header-above-stick-meta":"","header-main-stick-meta":"","header-below-stick-meta":"","astra-migrate-meta-layouts":"default","ast-page-background-enabled":"default","ast-page-background-meta":{"desktop":{"background-color":"var(--ast-global-color-4)","background-image":"","background-repeat":"repeat","background-position":"center center","background-size":"auto","background-attachment":"scroll","background-type":"","background-media":"","overlay-type":"","overlay-color":"","overlay-opacity":"","overlay-gradient":""},"tablet":{"background-color":"","background-image":"","background-repeat":"repeat","background-position":"center center","background-size":"auto","background-attachment":"scroll","background-type":"","background-media":"","overlay-type":"","overlay-color":"","overlay-opacity":"","overlay-gradient":""},"mobile":{"background-color":"","background-image":"","background-repeat":"repeat","background-position":"center center","background-size":"auto","background-attachment":"scroll","background-type":"","background-media":"","overlay-type":"","overlay-color":"","overlay-opacity":"","overlay-gradient":""}},"ast-content-background-meta":{"desktop":{"background-color":"var(--ast-global-color-5)","background-image":"","background-repeat":"repeat","background-position":"center center","background-size":"auto","background-attachment":"scroll","background-type":"","background-media":"","overlay-type":"","overlay-color":"","overlay-opacity":"","overlay-gradient":""},"tablet":{"background-color":"var(--ast-global-color-5)","background-image":"","background-repeat":"repeat","background-position":"center center","background-size":"auto","background-attachment":"scroll","background-type":"","background-media":"","overlay-type":"","overlay-color":"","overlay-opacity":"","overlay-gradient":""},"mobile":{"background-color":"var(--ast-global-color-5)","background-image":"","background-repeat":"repeat","background-position":"center center","background-size":"auto","background-attachment":"scroll","background-type":"","background-media":"","overlay-type":"","overlay-color":"","overlay-opacity":"","overlay-gradient":""}},"footnotes":""},"categories":[16],"tags":[],"class_list":["post-864","post","type-post","status-publish","format-standard","has-post-thumbnail","hentry","category-archives-cms"],"_links":{"self":[{"href":"https:\/\/lavoiedessansvoix.fr\/lavoie\/wp-json\/wp\/v2\/posts\/864","targetHints":{"allow":["GET"]}}],"collection":[{"href":"https:\/\/lavoiedessansvoix.fr\/lavoie\/wp-json\/wp\/v2\/posts"}],"about":[{"href":"https:\/\/lavoiedessansvoix.fr\/lavoie\/wp-json\/wp\/v2\/types\/post"}],"author":[{"embeddable":true,"href":"https:\/\/lavoiedessansvoix.fr\/lavoie\/wp-json\/wp\/v2\/users\/1"}],"replies":[{"embeddable":true,"href":"https:\/\/lavoiedessansvoix.fr\/lavoie\/wp-json\/wp\/v2\/comments?post=864"}],"version-history":[{"count":1,"href":"https:\/\/lavoiedessansvoix.fr\/lavoie\/wp-json\/wp\/v2\/posts\/864\/revisions"}],"predecessor-version":[{"id":3747,"href":"https:\/\/lavoiedessansvoix.fr\/lavoie\/wp-json\/wp\/v2\/posts\/864\/revisions\/3747"}],"wp:featuredmedia":[{"embeddable":true,"href":"https:\/\/lavoiedessansvoix.fr\/lavoie\/wp-json\/wp\/v2\/media\/4449"}],"wp:attachment":[{"href":"https:\/\/lavoiedessansvoix.fr\/lavoie\/wp-json\/wp\/v2\/media?parent=864"}],"wp:term":[{"taxonomy":"category","embeddable":true,"href":"https:\/\/lavoiedessansvoix.fr\/lavoie\/wp-json\/wp\/v2\/categories?post=864"},{"taxonomy":"post_tag","embeddable":true,"href":"https:\/\/lavoiedessansvoix.fr\/lavoie\/wp-json\/wp\/v2\/tags?post=864"}],"curies":[{"name":"wp","href":"https:\/\/api.w.org\/{rel}","templated":true}]}}