{"id":861,"date":"2017-03-01T17:29:00","date_gmt":"2017-03-01T16:29:00","guid":{"rendered":"https:\/\/lavoiedessansvoix.fr\/lavoie\/2017\/03\/01\/archive-je-suis-solidaire-de-francois-fillon\/"},"modified":"2026-04-26T21:36:31","modified_gmt":"2026-04-26T19:36:31","slug":"archive-je-suis-solidaire-de-francois-fillon","status":"publish","type":"post","link":"https:\/\/lavoiedessansvoix.fr\/lavoie\/2017\/03\/01\/archive-je-suis-solidaire-de-francois-fillon\/","title":{"rendered":"JE SUIS SOLIDAIRE DE FRAN\u00c7OIS FILLON"},"content":{"rendered":"<p>JE SUIS SOLIDAIRE DE FRAN\u00c7OIS FILLON   \u00c7a suffit, on en a marre des complots, des magouilles, des affaires tir\u00e9es de derri\u00e8re les fagots, avec lesquelles certains acteurs de la vie politique fran\u00e7aise entendent annuler le d\u00e9bat d\u00e9mocratique et contraindre une majorit\u00e9 d\u2019\u00e9lecteurs fran\u00e7ais \u00e0 voter pour \u00ab leur cr\u00e9ature \u00bb.  J\u2019ai post\u00e9 hier sur mes pages l\u2019article intitul\u00e9 \u00ab LE CRIME DE LESE DEMOCRATIE\u00bb dans lequel il \u00e9tait \u00e9crit : \u00ab La mani\u00e8re et le \u00ab timing \u00bb de l\u2019affaire baptis\u00e9e depuis \u00ab P\u00e9n\u00e9lopegate \u00bb (pour faire une r\u00e9f\u00e9rence claire aux inspirateurs am\u00e9ricains de nos \u00ab d\u00e9mocrates \u00bb fran\u00e7ais) d\u00e9montre \u00e0 eux seuls l\u2019existence de l\u2019intention de nuire qui l\u2019a motiv\u00e9e, et d\u00e9signe les \u00ab criminels \u00bb qui l\u2019ont sc\u00e9naris\u00e9e. Les affaires qu\u2019ils s\u2019affairent \u00e0 imputer \u00e0 Marine Le Pen sont du m\u00eame tonneau. \u00ab Criminels ceux qui l\u2019ont sc\u00e9naris\u00e9e ? Parce que ce serait un crime de d\u00e9noncer et de poursuivre un d\u00e9lit suppos\u00e9 ? \u00bb Ce n\u2019est pas de ce crime-l\u00e0, non av\u00e9r\u00e9 en effet, dont nous voulons parler, mais d\u2019un autre perp\u00e9tr\u00e9 contre le d\u00e9bat d\u00e9mocratique, contre la d\u00e9mocratie. Car, tenter d\u2019occulter le d\u00e9bat de fond par \u00ab des affaires \u00bb, vouloir contraindre les Fran\u00e7ais \u00e0 voter comme ils ne le voulaient pas ou comme ils ne l\u2019auraient jamais fait sans contraintes ; en quelque sorte, leur extorquer leur suffrages par la ruse, la manipulation ou la force des circonstances, oui cela est un crime de l\u00e8se d\u00e9mocratie av\u00e9r\u00e9. \u00bb  Aujourd\u2019hui Fran\u00e7ois Fillon r\u00e9agissant \u00e0 l\u2019annonce de sa convocation le 15 mars par trois juges d\u2019instructions \u00e0 fin de le \u00ab mettre en examen \u00bb a dit \u00ab\u00a0Nombre de ceux qui m&rsquo;ont soutenu \u00e0 la primaire parlent d&rsquo;un assassinat politique. C&rsquo;est un assassinat, en effet. Mais par le choix de ce calendrier\u2026 Ce n&rsquo;est pas moi seulement qu&rsquo;on assassine, mais l&rsquo;\u00e9lection pr\u00e9sidentielle\u00a0\u00bb\u2026\u00a0\u00bbC&rsquo;est le vote des \u00e9lecteurs de la droite et du centre qui est fauch\u00e9\u00a0\u00bb  Vous constaterez la grande similitude des arguments entre les paroles prononc\u00e9es par Fran\u00e7ois Fillon lors de sa conf\u00e9rence de presse ce premier mars \u00e0 12 heures 30 et les mots que j\u2019ai \u00e9crit hier.  Alors oui, je le dis clairement, Je me solidarise avec Fran\u00e7ois Fillon.  J\u2019esp\u00e8re m\u00eame que de nombreux fran\u00e7ais, offusqu\u00e9s, bless\u00e9s, insult\u00e9s comme moi, par les manigances et l\u2019abaissement du d\u00e9bat d\u00e9mocratique par ceux qui pr\u00e9tendent l\u2019air enjou\u00e9 n\u2019y \u00eatre pour rien, feront de m\u00eame. Quel que soit son bord, son engagement ou ses convictions politiques, c\u2019est une question d\u2019\u00e9thique que de se dresser \u00ab vent debout \u00bb contre ces m\u00e9thodes de bandits qui d\u00e9shonorent la France et notre R\u00e9publique, et de mettre un terme aux men\u00e9es insalubres de ceux qui n\u2019ont plus pour \u00ab faire-valoir\u2019 que leur pouvoir de nuisance.  Fran\u00e7ois Fillon est un adversaire politique et mon ennemi de classe. Bien s\u00fbr je ne voterai jamais pour lui, quoiqu\u2019il advienne, pas m\u00eame pour faire barrage \u00e0 madame Le Pen. Mais je veux qu\u2019on le respecte et je veux que l\u2019on respecte ses \u00e9lecteurs. Je veux qu\u2019on le combatte avec les armes loyales de la d\u00e9mocratie qui sont celles du discours, des arguments, des programmes et des engagements, pas avec des bottes foireuses, des coups de Jarnac, des complots ourdis de longue main.  Patrick Seignon. \u00ab lavoiedessansvoix.fr \u00bb. Mercredi 1er mars 2017.<\/p>\n","protected":false},"excerpt":{"rendered":"<p>JE SUIS SOLIDAIRE DE FRAN\u00c7OIS FILLON \u00c7a suffit, on en a marre des complots, des magouilles, des affaires tir\u00e9es de [&hellip;]<\/p>\n","protected":false},"author":1,"featured_media":4446,"comment_status":"open","ping_status":"open","sticky":false,"template":"","format":"standard","meta":{"sfsi_plus_gutenberg_text_before_share":"","sfsi_plus_gutenberg_show_text_before_share":"","sfsi_plus_gutenberg_icon_type":"","sfsi_plus_gutenberg_icon_alignemt":"","sfsi_plus_gutenburg_max_per_row":"","site-sidebar-layout":"default","site-content-layout":"","ast-site-content-layout":"default","site-content-style":"default","site-sidebar-style":"default","ast-global-header-display":"","ast-banner-title-visibility":"","ast-main-header-display":"","ast-hfb-above-header-display":"","ast-hfb-below-header-display":"","ast-hfb-mobile-header-display":"","site-post-title":"","ast-breadcrumbs-content":"","ast-featured-img":"","footer-sml-layout":"","ast-disable-related-posts":"","theme-transparent-header-meta":"","adv-header-id-meta":"","stick-header-meta":"","header-above-stick-meta":"","header-main-stick-meta":"","header-below-stick-meta":"","astra-migrate-meta-layouts":"default","ast-page-background-enabled":"default","ast-page-background-meta":{"desktop":{"background-color":"var(--ast-global-color-4)","background-image":"","background-repeat":"repeat","background-position":"center center","background-size":"auto","background-attachment":"scroll","background-type":"","background-media":"","overlay-type":"","overlay-color":"","overlay-opacity":"","overlay-gradient":""},"tablet":{"background-color":"","background-image":"","background-repeat":"repeat","background-position":"center center","background-size":"auto","background-attachment":"scroll","background-type":"","background-media":"","overlay-type":"","overlay-color":"","overlay-opacity":"","overlay-gradient":""},"mobile":{"background-color":"","background-image":"","background-repeat":"repeat","background-position":"center center","background-size":"auto","background-attachment":"scroll","background-type":"","background-media":"","overlay-type":"","overlay-color":"","overlay-opacity":"","overlay-gradient":""}},"ast-content-background-meta":{"desktop":{"background-color":"var(--ast-global-color-5)","background-image":"","background-repeat":"repeat","background-position":"center center","background-size":"auto","background-attachment":"scroll","background-type":"","background-media":"","overlay-type":"","overlay-color":"","overlay-opacity":"","overlay-gradient":""},"tablet":{"background-color":"var(--ast-global-color-5)","background-image":"","background-repeat":"repeat","background-position":"center center","background-size":"auto","background-attachment":"scroll","background-type":"","background-media":"","overlay-type":"","overlay-color":"","overlay-opacity":"","overlay-gradient":""},"mobile":{"background-color":"var(--ast-global-color-5)","background-image":"","background-repeat":"repeat","background-position":"center center","background-size":"auto","background-attachment":"scroll","background-type":"","background-media":"","overlay-type":"","overlay-color":"","overlay-opacity":"","overlay-gradient":""}},"footnotes":""},"categories":[16],"tags":[],"class_list":["post-861","post","type-post","status-publish","format-standard","has-post-thumbnail","hentry","category-archives-cms"],"_links":{"self":[{"href":"https:\/\/lavoiedessansvoix.fr\/lavoie\/wp-json\/wp\/v2\/posts\/861","targetHints":{"allow":["GET"]}}],"collection":[{"href":"https:\/\/lavoiedessansvoix.fr\/lavoie\/wp-json\/wp\/v2\/posts"}],"about":[{"href":"https:\/\/lavoiedessansvoix.fr\/lavoie\/wp-json\/wp\/v2\/types\/post"}],"author":[{"embeddable":true,"href":"https:\/\/lavoiedessansvoix.fr\/lavoie\/wp-json\/wp\/v2\/users\/1"}],"replies":[{"embeddable":true,"href":"https:\/\/lavoiedessansvoix.fr\/lavoie\/wp-json\/wp\/v2\/comments?post=861"}],"version-history":[{"count":1,"href":"https:\/\/lavoiedessansvoix.fr\/lavoie\/wp-json\/wp\/v2\/posts\/861\/revisions"}],"predecessor-version":[{"id":3741,"href":"https:\/\/lavoiedessansvoix.fr\/lavoie\/wp-json\/wp\/v2\/posts\/861\/revisions\/3741"}],"wp:featuredmedia":[{"embeddable":true,"href":"https:\/\/lavoiedessansvoix.fr\/lavoie\/wp-json\/wp\/v2\/media\/4446"}],"wp:attachment":[{"href":"https:\/\/lavoiedessansvoix.fr\/lavoie\/wp-json\/wp\/v2\/media?parent=861"}],"wp:term":[{"taxonomy":"category","embeddable":true,"href":"https:\/\/lavoiedessansvoix.fr\/lavoie\/wp-json\/wp\/v2\/categories?post=861"},{"taxonomy":"post_tag","embeddable":true,"href":"https:\/\/lavoiedessansvoix.fr\/lavoie\/wp-json\/wp\/v2\/tags?post=861"}],"curies":[{"name":"wp","href":"https:\/\/api.w.org\/{rel}","templated":true}]}}