{"id":854,"date":"2017-03-29T16:17:00","date_gmt":"2017-03-29T14:17:00","guid":{"rendered":"https:\/\/lavoiedessansvoix.fr\/lavoie\/2017\/03\/29\/archive-valls-la-tache\/"},"modified":"2026-04-26T21:35:27","modified_gmt":"2026-04-26T19:35:27","slug":"archive-valls-la-tache","status":"publish","type":"post","link":"https:\/\/lavoiedessansvoix.fr\/lavoie\/2017\/03\/29\/archive-valls-la-tache\/","title":{"rendered":"VALLS, LA TACHE."},"content":{"rendered":"<p>VALLS, LA TACHE.   \u00c7a y est, il l\u2019a fait, il a enfin os\u00e9. \u00c7a n\u2019est pas une surprise, nos lecteurs le savent nous l\u2019avions vu venir depuis longtemps avec ses gros sabots. Manuel Valls l\u2019a dit, il votera Macron.  Il a tergivers\u00e9 pendant plusieurs semaines, jouant les pucelles effarouch\u00e9es, cherchant des justifications morales \u00e0 trahison, m\u00e9nageant son effet pour avoir le plus de pouvoir de nuisance possible. Le Brutus a en fin jou\u00e9 du poignard. Manuel Valls est un traitre pour Benoit Hamon le candidat officiellement investit par la primaire de la gauche, c\u2019est surtout un parjure \u00e0 la parole donn\u00e9e en adh\u00e9rant \u00e0 la \u00ab charte des primaires \u00bb par quoi il s\u2019\u00e9tait engag\u00e9 \u00e0 soutenir le vainqueur. C\u2019est le traitre et le liquidateur du P.S. d\u2019Epinay.  Cela bien s\u00fbr est grave pour Hamon dont la candidature est ainsi torpill\u00e9e et qui va p\u00e9ricliter comme nous l\u2019avions d\u00e9j\u00e0 annonc\u00e9 (A pr\u00e9sent la candidature Hamon va s\u2019effondrer dans les sondages. \u00ab La gauche P.S. \u00bb comme chien de berger de la droite social-lib\u00e9rale avait un sens et une fonction. Elle a perdu son maitre, elle n\u2019est plus rien. Elle n\u2019a pas de strat\u00e9gie de remplacement (\u00ab Le cocu magnifique \u00bb, 16 MARS\u00b0). Cela est grave aussi pour le P.S. dont l\u2019arr\u00eat de mort a ainsi \u00e9t\u00e9 sign\u00e9. Cela est grave pour tous les gogos qui s\u2019obstinent \u00e0 vouloir prolonger les vies d\u2019un parti, le P.S., et d\u2019un concept \u00ab La Gauche \u00bb, que l\u2019histoire a condamn\u00e9 et dont le peuple veut se d\u00e9barrasser.  Ils voudraient comme nous l\u2019avons expliqu\u00e9 assurer d\u00e8s le premier tour, la sortie en t\u00eate de Macron devant Marine Le Pen. \u00ab Si Marine Le Pen arrivait largement en t\u00eate du premier tour cela aurait un effet amplificateur sur son score du second, et pourrait peut-\u00eatre m\u00eame la mettre en mesure de crever ce qu\u2019ils appellent \u00ab le plafond de verre \u00bb. Aussi, pour se pr\u00e9munir contre ce risque ils veulent que leur candidat arrive en t\u00eate du premier tour devant Marine Le Pen, afin de \u00ab plomber \u00bb les chances de succ\u00e8s de celle-ci au second tour. C\u2019est \u00e0 cette raison qu\u2019ils veulent contraindre Fran\u00e7ois Fillon \u00e0 se retirer afin de transformer, d\u00e8s le premier tour, Emmanuel Macron, en un candidat de \u00ab Front R\u00e9publicain \u00bb de facto. \u00bb (\u00ab LA V\u00c9RITABLE RAISON DU COMPLOT CONTRE FRAN\u00c7OIS FILLON \u00bb 22mars 2017.)C\u2019est pourquoi ils ne m\u00e9nagent pas leurs efforts et multiplient les soutiens \u00e0 celui-ci. Ils imaginent les niais que le martellement m\u00e9diatique et la multiplication des renforts viendrons \u00e0 bout de la m\u00e9moire des Fran\u00e7ais. Mais leur acharnement obsessionnel et leur obstination idiote seront contre-productif \u00e0 leur cause. Eussent-ils regroup\u00e9 un mouvement avec des principes et une vision, socle du futur nouveau parti d\u00e9mocrate fran\u00e7ais auquel ils aspirent, peut-\u00eatre eurent-ils pu s\u2019inscrire v\u00e9ritablement dans le sens de l\u2019histoire. Mais ce qu\u2019ils ont produit ressemble d\u00e9j\u00e0 \u00e0 un capharna\u00fcm, un fourre-tout, un vaste cloaque, une d\u00e9charge de la R\u00e9publique. Alors, ajoutez \u00e0 \u00e7a le soutien de Valls a Macron\u2026 Pensez un peu, un traitre, un parjure, un dictateur en herbe charg\u00e9 du lourd bilan du quinquennat de Fran\u00e7ois Hollande, que peut-il bien lui apporter sinon  les relents d\u2019une terrible puanteur de d\u00e9composition morale. Sinon la preuve factuelle de la r\u00e9alit\u00e9 du subterfuge m\u00e9prisant par lequel Fran\u00e7ois Hollande rejet\u00e9 a pens\u00e9 pouvoir faire r\u00e9\u00e9lire sa politique en se fichant du peuple une fois de plus. Le renfort de Valls \u00e0 Macron ? C\u2019est une tache ind\u00e9l\u00e9bile qui scelle le destin boulangiste de la candidature de ce dernier.  Mais cela n\u2019a aucune esp\u00e8ce d\u2019importance pour les v\u00e9ritables \u00e9lecteurs de gauche, pour les classes laborieuses et populaires. Il s\u2019agit tout au plus d\u2019une clarification. Valls a ouvertement rejoint son camps, celui des maitres et des banques. Valls a apport\u00e9 sa pierre \u00e0 la recomposition autour de la candidature Macron d\u2019un nouveau parti d\u2019alternance \u00ab d\u00e9mocrate \u00e0 la Fran\u00e7aise \u00bb. La place est libre d\u00e9sormais pour la gen\u00e8se d\u2019un vrai parti de gauche du peuple laborieux.   La candidature Hamon semble n\u2019\u00eatre plus que le dernier souffle d\u00e9j\u00e0 froid du cadavre du P.S. en d\u00e9composition. Il crie au secours, appelle M\u00e9lenchon \u00e0 la rescousse. Il se pr\u00e9tend le mieux plac\u00e9 \u00ab pour faire gagner la gauche \u00bb. Il n\u2019a pas encore r\u00e9alis\u00e9 qu\u2019il \u00e9tait condamn\u00e9 et que son investiture par un parti mort ne lui procurait plus la moindre l\u00e9gitimit\u00e9. Ce serait une erreur mortelle \u00e0 M\u00e9lenchon que de lier son destin \u00e0 celui d\u2019un cadavre. Ceux qui pr\u00e9tendent militer pour l\u2019unit\u00e9 \u00ab de la gauche \u00bb pour une \u00ab candidature unique de la gauche \u00bb, doivent se r\u00e9veiller de leurs r\u00eaves et embrasser le monde r\u00e9el. La candidature unique de la nouvelle gauche post-P.S existe d\u00e9j\u00e0, c\u2019est la candidature de Jean-Luc M\u00e9lenchon. Si Benoit Hamon est aussi pr\u00e9occup\u00e9 qu\u2019il le dit par \u00ab l\u2019unit\u00e9 de la gauche \u00bb, il n\u2019appartient qu\u2019\u00e0 lui de s\u2019y rallier.  Patrick Seignon. \u00ab Lavoiedessansvoix.fr \u00bb. Mercredi 29 mars 2017.<\/p>\n","protected":false},"excerpt":{"rendered":"<p>VALLS, LA TACHE. \u00c7a y est, il l\u2019a fait, il a enfin os\u00e9. \u00c7a n\u2019est pas une surprise, nos lecteurs [&hellip;]<\/p>\n","protected":false},"author":1,"featured_media":4439,"comment_status":"open","ping_status":"open","sticky":false,"template":"","format":"standard","meta":{"sfsi_plus_gutenberg_text_before_share":"","sfsi_plus_gutenberg_show_text_before_share":"","sfsi_plus_gutenberg_icon_type":"","sfsi_plus_gutenberg_icon_alignemt":"","sfsi_plus_gutenburg_max_per_row":"","site-sidebar-layout":"default","site-content-layout":"","ast-site-content-layout":"default","site-content-style":"default","site-sidebar-style":"default","ast-global-header-display":"","ast-banner-title-visibility":"","ast-main-header-display":"","ast-hfb-above-header-display":"","ast-hfb-below-header-display":"","ast-hfb-mobile-header-display":"","site-post-title":"","ast-breadcrumbs-content":"","ast-featured-img":"","footer-sml-layout":"","ast-disable-related-posts":"","theme-transparent-header-meta":"","adv-header-id-meta":"","stick-header-meta":"","header-above-stick-meta":"","header-main-stick-meta":"","header-below-stick-meta":"","astra-migrate-meta-layouts":"default","ast-page-background-enabled":"default","ast-page-background-meta":{"desktop":{"background-color":"var(--ast-global-color-4)","background-image":"","background-repeat":"repeat","background-position":"center center","background-size":"auto","background-attachment":"scroll","background-type":"","background-media":"","overlay-type":"","overlay-color":"","overlay-opacity":"","overlay-gradient":""},"tablet":{"background-color":"","background-image":"","background-repeat":"repeat","background-position":"center center","background-size":"auto","background-attachment":"scroll","background-type":"","background-media":"","overlay-type":"","overlay-color":"","overlay-opacity":"","overlay-gradient":""},"mobile":{"background-color":"","background-image":"","background-repeat":"repeat","background-position":"center center","background-size":"auto","background-attachment":"scroll","background-type":"","background-media":"","overlay-type":"","overlay-color":"","overlay-opacity":"","overlay-gradient":""}},"ast-content-background-meta":{"desktop":{"background-color":"var(--ast-global-color-5)","background-image":"","background-repeat":"repeat","background-position":"center center","background-size":"auto","background-attachment":"scroll","background-type":"","background-media":"","overlay-type":"","overlay-color":"","overlay-opacity":"","overlay-gradient":""},"tablet":{"background-color":"var(--ast-global-color-5)","background-image":"","background-repeat":"repeat","background-position":"center center","background-size":"auto","background-attachment":"scroll","background-type":"","background-media":"","overlay-type":"","overlay-color":"","overlay-opacity":"","overlay-gradient":""},"mobile":{"background-color":"var(--ast-global-color-5)","background-image":"","background-repeat":"repeat","background-position":"center center","background-size":"auto","background-attachment":"scroll","background-type":"","background-media":"","overlay-type":"","overlay-color":"","overlay-opacity":"","overlay-gradient":""}},"footnotes":""},"categories":[16],"tags":[],"class_list":["post-854","post","type-post","status-publish","format-standard","has-post-thumbnail","hentry","category-archives-cms"],"_links":{"self":[{"href":"https:\/\/lavoiedessansvoix.fr\/lavoie\/wp-json\/wp\/v2\/posts\/854","targetHints":{"allow":["GET"]}}],"collection":[{"href":"https:\/\/lavoiedessansvoix.fr\/lavoie\/wp-json\/wp\/v2\/posts"}],"about":[{"href":"https:\/\/lavoiedessansvoix.fr\/lavoie\/wp-json\/wp\/v2\/types\/post"}],"author":[{"embeddable":true,"href":"https:\/\/lavoiedessansvoix.fr\/lavoie\/wp-json\/wp\/v2\/users\/1"}],"replies":[{"embeddable":true,"href":"https:\/\/lavoiedessansvoix.fr\/lavoie\/wp-json\/wp\/v2\/comments?post=854"}],"version-history":[{"count":1,"href":"https:\/\/lavoiedessansvoix.fr\/lavoie\/wp-json\/wp\/v2\/posts\/854\/revisions"}],"predecessor-version":[{"id":3727,"href":"https:\/\/lavoiedessansvoix.fr\/lavoie\/wp-json\/wp\/v2\/posts\/854\/revisions\/3727"}],"wp:featuredmedia":[{"embeddable":true,"href":"https:\/\/lavoiedessansvoix.fr\/lavoie\/wp-json\/wp\/v2\/media\/4439"}],"wp:attachment":[{"href":"https:\/\/lavoiedessansvoix.fr\/lavoie\/wp-json\/wp\/v2\/media?parent=854"}],"wp:term":[{"taxonomy":"category","embeddable":true,"href":"https:\/\/lavoiedessansvoix.fr\/lavoie\/wp-json\/wp\/v2\/categories?post=854"},{"taxonomy":"post_tag","embeddable":true,"href":"https:\/\/lavoiedessansvoix.fr\/lavoie\/wp-json\/wp\/v2\/tags?post=854"}],"curies":[{"name":"wp","href":"https:\/\/api.w.org\/{rel}","templated":true}]}}