{"id":852,"date":"2017-04-05T03:46:00","date_gmt":"2017-04-05T01:46:00","guid":{"rendered":"https:\/\/lavoiedessansvoix.fr\/lavoie\/2017\/04\/05\/archive-hamon-c-est-fini\/"},"modified":"2026-04-26T21:35:09","modified_gmt":"2026-04-26T19:35:09","slug":"archive-hamon-c-est-fini","status":"publish","type":"post","link":"https:\/\/lavoiedessansvoix.fr\/lavoie\/2017\/04\/05\/archive-hamon-c-est-fini\/","title":{"rendered":"HAMON, C\u2019EST FINI"},"content":{"rendered":"<p>HAMON, C\u2019EST FINI  Invit\u00e9 sur la 2 du journal de 20 heures, Benoit Hamon a dit \u00e0 peu pr\u00e8s ceci, le dimanche 2 avril, que \u00ab cette question des relations avec la Russie \u00e9tait certainement un point d\u2019achoppement de la campagne \u00e9lectorale des pr\u00e9sidentielles \u00bb. Il tenait sans nul doute \u00e0 souligner la diff\u00e9rence qui le d\u00e9marque irr\u00e9m\u00e9diablement et lui interdit, au-del\u00e0 de la question de la sauvegarde de ce qui reste du P.S., de se rallier \u00e0 Jean-Luc M\u00e9lenchon nonobstant \u00ab l\u2019unit\u00e9 de la gauche \u00bb dont il se pr\u00e9tendait le champion (\u00e0 la condition expresse toutefois que ce soient les autres qui se rallient \u00e0 lui).  Or, il a raison Benoit Hamon, cette question de politique internationale explique mieux que toute autre les raisons du d\u00e9roulement de cette campagne calamiteuse. Hollande son Mentor, Macron, et Benoit Hamon qui se sent en pr\u00e9sent en charge de la liquidation de l\u2019h\u00e9ritage de feue le P.S., sont tous trois les d\u00e9fenseurs du m\u00eame cours de la politique internationale de la France, inf\u00e9od\u00e9e aux U.S.A. et au service de leurs desseins imp\u00e9riaux. Les autres candidats susceptibles d\u2019occuper la premi\u00e8re ou une deuxi\u00e8me place au premier tour des \u00e9lections pr\u00e9sidentielles, pr\u00f4nent un r\u00e9\u00e9quilibrage de notre politique ext\u00e9rieure \u00e0 l\u2019\u00e9gard de la Russie, la d\u00e9sescalade des tensions, et la sortie n\u00e9goci\u00e9e de la crise syrienne. Il s\u2019agit l\u00e0 effectivement d\u2019un point d\u2019achoppement majeur. N\u2019est-ce pas ce que nous \u00e9crivions nous m\u00eame \u00e0 notre fa\u00e7on le 22 mars dans notre article intitul\u00e9 \u00ab LA V\u00c9RITABLE RAISON DU COMPLOT CONTRE FRAN\u00c7OIS FILLON \u00bb \u00ab La raison c\u2019est la politique internationale dont Fran\u00e7ois Fillon s\u2019est fait le d\u00e9fenseur, de r\u00e9\u00e9quilibrage \u00e0 l\u2019\u00e9gard de la Russie, de d\u00e9sescalade des tensions, et de solution n\u00e9goci\u00e9e de la crise syrienne. Or, il existe \u00e0 pr\u00e9sent un parti international de \u00abla guerre \u00bb qui entend poursuivre co\u00fbte que co\u00fbte la politique de l\u2019administration am\u00e9ricaine initi\u00e9 par Georges W Bush et poursuivie par Barak Obama avec la collaboration active de Fran\u00e7ois Hollande et David Cam\u00e9ron. \u00bb\u2026\u00ab Le grand fiasco au sens de l\u2019imp\u00e9rialisme am\u00e9ricain ce serait si la Russie et l\u2019Iran parvenaient \u00e0 un r\u00e8glement de la crise syrienne, car l\u2019on assisterait d\u00e8s lors \u00e0 un grand retournement de situation historique, et une horrible d\u00e9bandade diplomatique de l\u2019Occident. C\u2019est pourquoi ces \u00ab pitbulls \u00bb ne veulent l\u00e2cher la proie \u00e0 aucun prix. Ils doivent quoiqu\u2019il en co\u00fbte aux peuples impact\u00e9s et \u00e0 l\u2019humanit\u00e9, parvenir \u00e0 leurs fins. C\u2019est pourquoi ils ne peuvent tol\u00e9rer la moindre tentative de se mettre en travers de \u00ab leur feuille de route \u00bb.  Il s\u2019agit donc bien d\u2019un conflit entre deux lignes et inconciliables.   &#8211;         Celle qui veut travailler \u00e0 la paix du monde sur la base du respect de l\u2019ind\u00e9pendance des nations, du droit des peuples \u00e0 \u00eatre maitres de leur propre destin, du droit \u00e0 l\u2019autod\u00e9termination, du \u00ab d\u00e9tricotage \u00bb des engagements et des alliances agressives.   &#8211;         Celle qui veut gendarmer le monde, lui imposer la domination d\u2019un empire am\u00e9ricain plan\u00e9taire, et entend \u00e0 cette  fin, affaiblir les peuples et les nations, les humilier, les subordonner, les diviser pour r\u00e9gner.  Hamon persiste donc et signe. Il s\u2019\u00e9tait d\u00e9j\u00e0 emport\u00e9 sur le m\u00eame sujet lors du d\u00e9bat t\u00e9l\u00e9vis\u00e9 des 5, sur TF1, le 20 mars. Nous avions d\u00e9j\u00e0 relev\u00e9e la chose dans notre article, du 22mars \u00e9galement, intitul\u00e9 \u00ab Gentil Benoit, sinistre Hamon \u00bb, dans lequel nous \u00e9crivions : \u00ab\u00a0Or le candidat officiel du P.S. agonisant n\u2019est pas que \u00ab gentil \u00bb. Sous ses affectations benoites il y a le sinistre Hamon. C\u2019est ce qu\u2019a r\u00e9v\u00e9l\u00e9 dans sa deuxi\u00e8me partie le d\u00e9bat t\u00e9l\u00e9vis\u00e9 du lundi 20 mars sur TF1. Certes, il \u00e9tait d\u00e9j\u00e0 tard et bien entendu de nombreux t\u00e9l\u00e9spectateurs avaient d\u00e9croch\u00e9, peu nombreux par cons\u00e9quent sont ceux qui ont vu et entendu. Dans cette deuxi\u00e8me partie du d\u00e9bat furent abord\u00e9es quelques questions internationales d\u2019une actualit\u00e9 br\u00fblante, telles que la crise syrienne, la \u00ab lutte contre Daesh \u00bb, les relations avec la Russie. Les questions de politiques ext\u00e9rieures sont peu souvent abord\u00e9es dans les campagnes \u00e9lectorales, et retiennent insuffisamment l\u2019attention du public. Or, c\u2019est bien dommage car elles sont r\u00e9v\u00e9latrices de la vraie nature des candidats et de leurs programmes. C\u2019est ce qui s\u2019est produit ce lundi soir. Les sujets de politiques internationales ont \u00e9clair\u00e9 d\u2019une lumi\u00e8re crue et gla\u00e7ante la v\u00e9ritable personnalit\u00e9 de Benoit Hamon, sous le masque du gentil ben\u00eat social-d\u00e9mocrate attard\u00e9, montr\u00e9 le visage hargneux de l\u2019imp\u00e9rialiste occidental agressif et s\u00fbr de son bon droit \u00e0 dicter sa loi au reste du monde.\u00a0\u00bb\u00ab Nous ne pouvons pas ignorer les pr\u00e9tentions de la Russie en Syrie et aux portes orientales de l\u2019Europe \u00bb (il ignore pourtant les man\u0153uvres bellicistes de l\u2019OTAN aux marches de la Russie) s\u2019est-il enquit prenant le contre-pied des pr\u00e9occupations de trois autres candidats, Jean-Luc M\u00e9lenchon, Fran\u00e7ois Fillon et Marine Le Pen, qui plaidaient tout trois, chacun \u00e0 leur mani\u00e8re, pour un recentrage de la politique internationale de la France avec le souci de d\u00e9gager celle-ci de l\u2019emprise am\u00e9ricaine et de faire retomber les dangereuses tensions avec la Russie. Benoit Hamon qualifie le rattachement de la Crim\u00e9e \u00e0 la Russie \u00e0 la suite d\u2019un r\u00e9f\u00e9rendum d\u2019autod\u00e9termination aux r\u00e9sultats incontestables, \u00ab d\u2019annexion en violation du droit international \u00bb, et il adopte un ton inquisiteur, comme si cela \u00e9tait infamant, lan\u00e7ant \u00e0 plusieurs reprises \u00e0 l\u2019adresse des autres candidats qui proposent une approche diff\u00e9rente de la crise syrienne et de la lutte contre Daesh. : \u00ab Aux c\u00f4t\u00e9s de Bachar Al Assad ! Aux c\u00f4t\u00e9s de Bachar Al Assad ! \u00bb. Eh oui, aux c\u00f4t\u00e9s de Bachar Al Assad c\u2019est sans nul doute mieux que la politique de la France jusque-l\u00e0 aux c\u00f4t\u00e9s d\u2019Al-Qa\u00efda et du Front Al-Nosra. Nous ne nous \u00e9tendrons pas ici sur le fond des sujets ainsi point\u00e9s. Nous les avons trait\u00e9s ailleurs en leur temps et le referont si n\u00e9cessaire. Qu\u2019il nous soit permis de nous limiter \u00e0 constater que Benoit Hamon, par ce positionnement, a endosser enti\u00e8rement la politique internationale aventuriste et irr\u00e9aliste de Fran\u00e7ois Hollande. Cet homme-l\u00e0 qui a martel\u00e9 \u00ab \u00ab il faut maintenir les capacit\u00e9s op\u00e9rationnelles \u00bb, s\u2019il \u00e9tait \u00e9lu (pas de souci, il ne le sera pas) maintiendrait ou aggraverait m\u00eame la strat\u00e9gie de la tension pour le plus grand danger de la paix du monde. \u00bb  Or disions-nous, Benoit Hamon persiste et signe. Il a re-redit, le 2 avril, que la r\u00e9union de la Crim\u00e9e \u00e0 la Russie \u00e9tait \u00ab une annexion en contravention du droit international \u00bb. Dit ainsi, en mati\u00e8re de langage diplomatique, cela signifie qu\u2019il est hors de question de reconnaitre jamais le rattachement de la Crim\u00e9e \u00e0 la Russie, qu\u2019il s\u2019agit l\u00e0 \u00ab d\u2019un casus belli \u00bb, une cause de guerre, et que cela ne peut aboutir, \u00e0 d\u00e9faut de capitulation de la Russie, qu\u2019\u00e0 une confrontation militaire certaine avec celle-ci. Telle est donc la perspective guerri\u00e8re qu\u2019endosse Benoit Hamon. UNE GUERRE ! Qui pourrait d\u00e9g\u00e9n\u00e9rer en guerre nucl\u00e9aire. Mais o\u00f9 est donc la coh\u00e9rence pour un homme qui se pr\u00e9tend un d\u00e9fenseur des \u00e9nergies propres ou renouvelables, pr\u00e9tend vouloir prot\u00e9ger les peuples de la terre des pollutions g\u00e9n\u00e9r\u00e9es par l\u2019activit\u00e9 humaines ?  Une guerre calamiteuse bien plus destructrice pour les peuples et ravageuse pour la plan\u00e8te, que ne le sont les cons\u00e9quences pr\u00e9visibles du r\u00e9chauffement climatique, voil\u00e0 la perspective dans laquelle Benoit Hamon n\u2019h\u00e9site pas \u00e0 se placer froidement pour rendre \u00e0 l\u2019Ukraine \u00e0 laquelle IL n\u2019a jamais apartenu vraiment un territoire dont le peuple s\u2019est prononc\u00e9 \u00e0 plus de 90 % de fa\u00e7on toute \u00e0 fait l\u00e9gale, lors d\u2019un r\u00e9f\u00e9rendum d\u2019autod\u00e9termination, pour son rattachement \u00e0 la Russie, sa v\u00e9ritable Patrie depuis plus de 3 si\u00e8cles.  Benoit Hamon se range dans les pas de ses sinistres revanchards qui emmen\u00e8rent, la fleur au fusil, en chantant \u00ab nous reprendrons l\u2019Alsace et la Lorraine \u00bb la fleur de la jeunesse fran\u00e7aise se faire d\u00e9cimer dans les tranch\u00e9es de Verdun et du Chemin des dames. La Crim\u00e9e est sa nouvelle \u00ab ligne bleue des Vosges \u00bb \u00e0 lui.  Voil\u00e0 pourquoi il est salutaire que cet homme-l\u00e0 poursuive sa chute dans les sondages d\u2019opinions jusqu\u2019\u00e0 5 pour cent ou moins dans les intentions de vote des Fran\u00e7ais.   Voil\u00e0 pourquoi nous disons : \u00ab Hamon c\u2019est fini ! \u00bb  Patrick Seignon. \u00ab lavoiedessansvoix.fr \u00bb. Mercredi 5 avril 2017.<\/p>\n","protected":false},"excerpt":{"rendered":"<p>HAMON, C\u2019EST FINI Invit\u00e9 sur la 2 du journal de 20 heures, Benoit Hamon a dit \u00e0 peu pr\u00e8s ceci, [&hellip;]<\/p>\n","protected":false},"author":1,"featured_media":4437,"comment_status":"open","ping_status":"open","sticky":false,"template":"","format":"standard","meta":{"sfsi_plus_gutenberg_text_before_share":"","sfsi_plus_gutenberg_show_text_before_share":"","sfsi_plus_gutenberg_icon_type":"","sfsi_plus_gutenberg_icon_alignemt":"","sfsi_plus_gutenburg_max_per_row":"","site-sidebar-layout":"default","site-content-layout":"","ast-site-content-layout":"default","site-content-style":"default","site-sidebar-style":"default","ast-global-header-display":"","ast-banner-title-visibility":"","ast-main-header-display":"","ast-hfb-above-header-display":"","ast-hfb-below-header-display":"","ast-hfb-mobile-header-display":"","site-post-title":"","ast-breadcrumbs-content":"","ast-featured-img":"","footer-sml-layout":"","ast-disable-related-posts":"","theme-transparent-header-meta":"","adv-header-id-meta":"","stick-header-meta":"","header-above-stick-meta":"","header-main-stick-meta":"","header-below-stick-meta":"","astra-migrate-meta-layouts":"default","ast-page-background-enabled":"default","ast-page-background-meta":{"desktop":{"background-color":"var(--ast-global-color-4)","background-image":"","background-repeat":"repeat","background-position":"center center","background-size":"auto","background-attachment":"scroll","background-type":"","background-media":"","overlay-type":"","overlay-color":"","overlay-opacity":"","overlay-gradient":""},"tablet":{"background-color":"","background-image":"","background-repeat":"repeat","background-position":"center center","background-size":"auto","background-attachment":"scroll","background-type":"","background-media":"","overlay-type":"","overlay-color":"","overlay-opacity":"","overlay-gradient":""},"mobile":{"background-color":"","background-image":"","background-repeat":"repeat","background-position":"center center","background-size":"auto","background-attachment":"scroll","background-type":"","background-media":"","overlay-type":"","overlay-color":"","overlay-opacity":"","overlay-gradient":""}},"ast-content-background-meta":{"desktop":{"background-color":"var(--ast-global-color-5)","background-image":"","background-repeat":"repeat","background-position":"center center","background-size":"auto","background-attachment":"scroll","background-type":"","background-media":"","overlay-type":"","overlay-color":"","overlay-opacity":"","overlay-gradient":""},"tablet":{"background-color":"var(--ast-global-color-5)","background-image":"","background-repeat":"repeat","background-position":"center center","background-size":"auto","background-attachment":"scroll","background-type":"","background-media":"","overlay-type":"","overlay-color":"","overlay-opacity":"","overlay-gradient":""},"mobile":{"background-color":"var(--ast-global-color-5)","background-image":"","background-repeat":"repeat","background-position":"center center","background-size":"auto","background-attachment":"scroll","background-type":"","background-media":"","overlay-type":"","overlay-color":"","overlay-opacity":"","overlay-gradient":""}},"footnotes":""},"categories":[16],"tags":[],"class_list":["post-852","post","type-post","status-publish","format-standard","has-post-thumbnail","hentry","category-archives-cms"],"_links":{"self":[{"href":"https:\/\/lavoiedessansvoix.fr\/lavoie\/wp-json\/wp\/v2\/posts\/852","targetHints":{"allow":["GET"]}}],"collection":[{"href":"https:\/\/lavoiedessansvoix.fr\/lavoie\/wp-json\/wp\/v2\/posts"}],"about":[{"href":"https:\/\/lavoiedessansvoix.fr\/lavoie\/wp-json\/wp\/v2\/types\/post"}],"author":[{"embeddable":true,"href":"https:\/\/lavoiedessansvoix.fr\/lavoie\/wp-json\/wp\/v2\/users\/1"}],"replies":[{"embeddable":true,"href":"https:\/\/lavoiedessansvoix.fr\/lavoie\/wp-json\/wp\/v2\/comments?post=852"}],"version-history":[{"count":1,"href":"https:\/\/lavoiedessansvoix.fr\/lavoie\/wp-json\/wp\/v2\/posts\/852\/revisions"}],"predecessor-version":[{"id":3723,"href":"https:\/\/lavoiedessansvoix.fr\/lavoie\/wp-json\/wp\/v2\/posts\/852\/revisions\/3723"}],"wp:featuredmedia":[{"embeddable":true,"href":"https:\/\/lavoiedessansvoix.fr\/lavoie\/wp-json\/wp\/v2\/media\/4437"}],"wp:attachment":[{"href":"https:\/\/lavoiedessansvoix.fr\/lavoie\/wp-json\/wp\/v2\/media?parent=852"}],"wp:term":[{"taxonomy":"category","embeddable":true,"href":"https:\/\/lavoiedessansvoix.fr\/lavoie\/wp-json\/wp\/v2\/categories?post=852"},{"taxonomy":"post_tag","embeddable":true,"href":"https:\/\/lavoiedessansvoix.fr\/lavoie\/wp-json\/wp\/v2\/tags?post=852"}],"curies":[{"name":"wp","href":"https:\/\/api.w.org\/{rel}","templated":true}]}}