{"id":849,"date":"2017-04-18T03:55:00","date_gmt":"2017-04-18T01:55:00","guid":{"rendered":"https:\/\/lavoiedessansvoix.fr\/lavoie\/2017\/04\/18\/archive-l-extremiste-le-vrai\/"},"modified":"2026-04-26T21:34:41","modified_gmt":"2026-04-26T19:34:41","slug":"archive-l-extremiste-le-vrai","status":"publish","type":"post","link":"https:\/\/lavoiedessansvoix.fr\/lavoie\/2017\/04\/18\/archive-l-extremiste-le-vrai\/","title":{"rendered":"L\u2019EXTR\u00c9MISTE, LE VRAI"},"content":{"rendered":"<p>L\u2019EXTR\u00c9MISTE, LE VRAI    Fran\u00e7ois Hollande a d\u00e9cid\u00e9, \u00e0 d\u00e9faut de pouvoir se repr\u00e9senter \u00e0 l\u2019\u00e9lection pr\u00e9sidentielle, de jouer du seul pouvoir qui lui reste, son pouvoir de nuisance, jusqu\u2019au bout du bout de son mandat.  Nous lui avons, \u00e0 plusieurs reprises d\u00e9j\u00e0, conseill\u00e9 de se taire, montrant que son discours \u00e9tait contreproductif \u00e0 sa propre cause. Mais il s\u2019obstine, comme le font les imb\u00e9ciles qui croient qu\u2019ils peuvent convaincre encore en r\u00e9p\u00e9tant les m\u00eames \u00e2neries.   Contrairement \u00e0 lui qui prend \u00e0 mal le fait que le Pr\u00e9sident Syrien Bachar Al Assad n\u2019ob\u00e9it pas \u00e0 ses ordres, nous ne prenons pas ombrage nous du fait que \u00ab l\u2019encore \u00bb Pr\u00e9sident fran\u00e7ais Fran\u00e7ois Hollande ne se r\u00e9solve pas \u00e0 garder le silence comme nous le lui conseillons. Nous en prenons notre parti tout simplement et lui faisons r\u00e9ponse patiemment.  Fran\u00e7ois Hollande est intervenu le 11 avril par communiqu\u00e9s et le 12 par un entretien avec Franz-Olivier Giesbert dans \u00ab le Point \u00bb, sur deux sujets. Un de politique internationale, la question syrienne, et l\u2019autre de politique int\u00e9rieure la mont\u00e9e de Jean-Luc M\u00e9lenchon dans les sondages qui lui fait craindre la pr\u00e9sence de celui-ci au deuxi\u00e8me tour des \u00e9lections pr\u00e9sidentielles contre Marine Le Pen. Et sur les deux sujets bien s\u00fbr, il a prof\u00e9r\u00e9 des horreurs.  1) Sur la Syrie d\u2019abord. Il n\u2019a pas chang\u00e9 de refrain, il s\u2019accroche, nous en avons souvent donner les raisons, \u00e0 son objectif obsessionnel de chasser Assad du pouvoir sans prendre l\u2019avis du peuple Syrien. Et \u00e0 cette fin, non seulement il se solidarise avec l\u2019action militaire unilat\u00e9rale et en contravention du droit international, r\u00e9cemment men\u00e9 par l\u2019arm\u00e9e am\u00e9ricaine, mais encore il en appelle \u00e0 sa r\u00e9it\u00e9ration, \u00e0 son amplification, \u00e0 l\u2019intervention militaire massive de l\u2019Occident qu\u2019il n\u2019avait pu r\u00e9aliser en 2013. Ce terrible tyran qui pr\u00e9tend s\u2019\u00e9mouvoir des d\u00e9g\u00e2ts mat\u00e9riels et humains d\u00e9j\u00e0 provoqu\u00e9s par six ans de guerre en Syrie, ne propose rien moins que d\u2019\u00e9craser ce pauvre pays martyre sous un tapis de bombes sophistiqu\u00e9es de l\u2019Occident et de provoquer encore quelques centaines de milliers de morts suppl\u00e9mentaires, pour le livrer enfin aux \u00e9gorgeurs de \u00ab Daesh \u00bb et du \u00ab Front al Nosra \u00bb (Fatah el cham).   Cette guerre \u00e9tait perdue pour l\u2019Occident et ses alli\u00e9s les monarchies du golfe et leurs janissaires les groupes djihadistes. Les fils d\u2019un dialogue \u00e9t\u00e9s nou\u00e9s, \u00e0 Astana et \u00e0 Gen\u00e8ve, la perspective d\u2019une sortie de crise et d\u2019un retour \u00e0 la paix en Syrie sous le patronage de la Russie et de l\u2019Iran se profilaient. Il allait falloir se r\u00e9soudre d\u00e9finitivement \u00e0 admettre que les hordes djihadistes d\u00e9p\u00each\u00e9es par l\u2019Occident avaient \u00e9chou\u00e9s dans leur tentative de renverser le pouvoir l\u00e9gal et de faire \u00e9clater la Syrie. Mais l\u2019imp\u00e9rialisme Occidental refuse d\u2019admettre sa d\u00e9faite. Il choisit de jouer son va-tout au m\u00e9pris du peuple syrien qui meurt et de la s\u00e9curit\u00e9 internationale qui vacille. Il d\u00e9cide de relancer la guerre mais cette fois avec l\u2019implication militaire directe des arm\u00e9es occidentales, pour parer \u00e0 l\u2019incapacit\u00e9 de leurs \u00ab subrog\u00e9s \u00bb.  C\u2019est \u00e0 cette fin de justifier la relance de la guerre qu\u2019ils ont mont\u00e9 de toute pi\u00e8ce une provocation aussi insens\u00e9e qu\u2019odieuse, une attaque chimique qu\u2019ils pr\u00e9tendent faire endosser \u00e0 Bachar Al Assad et \u00e0 ses protecteurs russes, sans le moindre d\u00e9but de preuve et sans enqu\u00eate. La Pr\u00e9sidence fran\u00e7aise s\u2019est-elle limit\u00e9e \u00e0 relayer la provocation mont\u00e9e par d\u2019autres o\u00f9 y a-t-elle une part active ? Cela reste \u00e0 d\u00e9terminer. Voil\u00e0 donc, quoiqu\u2019il en soit, au plan international, la terrible tache sanguinaire \u00e0 laquelle Fran\u00e7ois Hollande entend consacrer les derniers jours de nuisance qui lui reste.  2) Sur l\u2019\u00e9lection pr\u00e9sidentielle fran\u00e7aise, ensuite. Notre \u00ab encore \u00bb Pr\u00e9sident de la R\u00e9publique s\u2019inqui\u00e8te d\u2019un deuxi\u00e8me tour qui verrait s\u2019affronter Jean-Luc M\u00e9lenchon et Marine Le Pen, les deux extr\u00eames nous dit-il. Et l\u2019extr\u00eame gauche qu\u2019il voit dans Jean-luc M\u00e9lenchon lui apparait tout aussi n\u00e9faste que l\u2019extr\u00eame droite. En quoi Fran\u00e7ois Hollande ne fait qu\u2019\u00e2nonner l\u2019adage de la b\u00eatise selon lequel \u00ab les deux extr\u00eames se rejoignent \u00bb. Adage de la b\u00eatise en effet, les extr\u00eames se rejoignirent dans l\u2019Histoire, le fascisme et le Communisme, mais non dans l\u2019identit\u00e9 ni dans la collusion, mais dans un affrontement titanesque qui fut la trame de l\u2019histoire du 20\u00e8me si\u00e8cle.  La politique propos\u00e9e par Jean-Luc M\u00e9lenchon serait tout aussi n\u00e9faste pour la France que celle de Marine Le Pen. Mais en quoi est-il qualifi\u00e9 Fran\u00e7ois Hollande, \u00ab le calamiteux \u00bb, lui que les fran\u00e7ais ont disqualifi\u00e9 d\u2019avance tant ils ont d\u00e9sapprouv\u00e9 sa politique, pour dire ce qui est bon ou mauvais pour la France ? Il tue Fillon avec \u00ab les affaires \u00bb, il tue Hamon en sapant le P.S., il disqualifie Le Pen, la femme \u00e0 abattre en appelant contre elle \u00ab au front r\u00e9publicain, il tue M\u00e9lenchon enfin en le stigmatisant \u00ab d\u2019extr\u00eame dangereux \u00bb. Qui reste-t-il ? Macron bien s\u00fbr. La seule politique que Fran\u00e7ois Hollande trouve bonne pour la France, c\u2019est la sienne que les Fran\u00e7ais ont rejet\u00e9 et dont Macron souhaite leur resservir les plats r\u00e9chauff\u00e9s et plus sal\u00e9s encore.  Or les questions internationales, habituellement \u00e0 l\u2019arri\u00e8re-plan des campagnes \u00e9lectorales, viennent cette fois de surgir au premier. C\u2019est que le Pr\u00e9sident sortant s\u2019est r\u00e9v\u00e9l\u00e9 assez ignare et obtus pour croire qu\u2019il pourrait nuire \u00e0 Jean-Luc M\u00e9lenchon en lui cherchant querelle sur ces sujets. \u00ab Poutine, pouahhh !.. Assad ? C\u2019est impossible !\u2026 \u00bb. Mais que dit Jean-Luc M\u00e9lenchon ? Rien qu\u2019un discours de tol\u00e9rance et de paix oppos\u00e9 au discours d\u2019exclusion et de Haine des Hollandes Hamon et Macron. Rien qu\u2019un discours de responsabilit\u00e9 et de sagesse oppos\u00e9 au discours guerrier et irrationnel des partisans de la guerre. Il a cru, Hollande, que le rejet d\u2019Assad et de Poutine par l\u2019opinion retomberait sur la t\u00eate de M\u00e9lenchon et des autres candidats qui pr\u00eachent un r\u00e9\u00e9quilibrage de la politique internationale de la France. Il a cru cela car il a confondu ses propres obsessions et l\u2019opinion g\u00e9n\u00e9rale. Il s\u2019est fourvoy\u00e9. Les Fran\u00e7ais qui ont exp\u00e9riment\u00e9 par le sang et les larmes \u00ab la justesse \u00bb des engagements des ennemis de Bachar Al Assad, savent gr\u00e9 au contraire \u00e0 Jean-Luc M\u00e9lenchon, mais aussi \u00e0 Fran\u00e7ois Fillon ou Marine Le Pen, de vouloir rompre avec la dangereuse aventure o\u00f9 les USA nous entraine, et r\u00e9tablir le dialogue constructifs l\u00e0 o\u00f9 le parti international de la guerre cherche chicane et fabrique les provocations.   Extr\u00e9miste donc M\u00e9lenchon ? Et c\u2019est Fran\u00e7ois Hollande qui dit cela ? Mais qu\u2019est-ce donc l\u2019extr\u00e9misme si ce n\u2019est pr\u00e9cis\u00e9ment l\u2019attitude o\u00f9 il s\u2019obstine lui-m\u00eame au risque d\u2019engendrer un terrible conflit qui pourrait d\u00e9g\u00e9n\u00e9rer en guerre nucl\u00e9aire ? D\u2019extr\u00e9miste fou on ne saurait en trouver de pire sp\u00e9cimen que ce Docteur Folamour qu\u2019il est devenu.  Fran\u00e7ois Hollande s\u2019affole en v\u00e9rit\u00e9, car tout le plan machiav\u00e9lique qu\u2019il a con\u00e7u et mis en \u0153uvre pour imposer aux fran\u00e7ais le vote forc\u00e9 pour Macron est en passe de tourner au fiasco. Or cet \u00e9chec serait son ultime d\u00e9faite et son ultime humiliation. Alors il s\u2019agite ne redoutant plus de se d\u00e9dire une fois encore en interf\u00e9rant grossi\u00e8rement dans le d\u00e9roulement de la campagne \u00e9lectorale. Fran\u00e7ois Hollande remet \u00e7a dans un entretien diffus\u00e9 dimanche soir (17 avril) sur \u00ab France-5 \u00bb. Qu\u2019importe ? Macron son prot\u00e9g\u00e9 va en p\u00e2tir.  Voil\u00e0 disions-nous la terrible tache sanguinaire \u00e0 laquelle Fran\u00e7ois Hollande entend consacrer les derniers jours de nuisance qui lui reste. Voil\u00e0 ajouterons-nous la terrible tache sanguinaire qu\u2019Emmanuel Macron, l\u2019avatar de Fran\u00e7ois Hollande, entend endosser  pour le cas o\u00f9 il serait \u00e9lu.   Les Fran\u00e7ais ne veulent pas de la guerre. C\u2019est une raison suppl\u00e9mentaire pour laquelle les interventions de Fran\u00e7ois Hollande font l\u2019effet inverse de celui escompt\u00e9. Macron son prot\u00e9g\u00e9 va en p\u00e2tir et M\u00e9lenchon gagner de nouvelles intentions de vote.   Plus il veut nous faire voter Macron et plus on a envie de voter M\u00e9lenchon.   Patrick Seignon. \u00ab lavoiedessansvoix.fr \u00bb. Lundi 18 avril 2017.<\/p>\n","protected":false},"excerpt":{"rendered":"<p>L\u2019EXTR\u00c9MISTE, LE VRAI Fran\u00e7ois Hollande a d\u00e9cid\u00e9, \u00e0 d\u00e9faut de pouvoir se repr\u00e9senter \u00e0 l\u2019\u00e9lection pr\u00e9sidentielle, de jouer du seul [&hellip;]<\/p>\n","protected":false},"author":1,"featured_media":4434,"comment_status":"open","ping_status":"open","sticky":false,"template":"","format":"standard","meta":{"sfsi_plus_gutenberg_text_before_share":"","sfsi_plus_gutenberg_show_text_before_share":"","sfsi_plus_gutenberg_icon_type":"","sfsi_plus_gutenberg_icon_alignemt":"","sfsi_plus_gutenburg_max_per_row":"","site-sidebar-layout":"default","site-content-layout":"","ast-site-content-layout":"default","site-content-style":"default","site-sidebar-style":"default","ast-global-header-display":"","ast-banner-title-visibility":"","ast-main-header-display":"","ast-hfb-above-header-display":"","ast-hfb-below-header-display":"","ast-hfb-mobile-header-display":"","site-post-title":"","ast-breadcrumbs-content":"","ast-featured-img":"","footer-sml-layout":"","ast-disable-related-posts":"","theme-transparent-header-meta":"","adv-header-id-meta":"","stick-header-meta":"","header-above-stick-meta":"","header-main-stick-meta":"","header-below-stick-meta":"","astra-migrate-meta-layouts":"default","ast-page-background-enabled":"default","ast-page-background-meta":{"desktop":{"background-color":"var(--ast-global-color-4)","background-image":"","background-repeat":"repeat","background-position":"center center","background-size":"auto","background-attachment":"scroll","background-type":"","background-media":"","overlay-type":"","overlay-color":"","overlay-opacity":"","overlay-gradient":""},"tablet":{"background-color":"","background-image":"","background-repeat":"repeat","background-position":"center center","background-size":"auto","background-attachment":"scroll","background-type":"","background-media":"","overlay-type":"","overlay-color":"","overlay-opacity":"","overlay-gradient":""},"mobile":{"background-color":"","background-image":"","background-repeat":"repeat","background-position":"center center","background-size":"auto","background-attachment":"scroll","background-type":"","background-media":"","overlay-type":"","overlay-color":"","overlay-opacity":"","overlay-gradient":""}},"ast-content-background-meta":{"desktop":{"background-color":"var(--ast-global-color-5)","background-image":"","background-repeat":"repeat","background-position":"center center","background-size":"auto","background-attachment":"scroll","background-type":"","background-media":"","overlay-type":"","overlay-color":"","overlay-opacity":"","overlay-gradient":""},"tablet":{"background-color":"var(--ast-global-color-5)","background-image":"","background-repeat":"repeat","background-position":"center center","background-size":"auto","background-attachment":"scroll","background-type":"","background-media":"","overlay-type":"","overlay-color":"","overlay-opacity":"","overlay-gradient":""},"mobile":{"background-color":"var(--ast-global-color-5)","background-image":"","background-repeat":"repeat","background-position":"center center","background-size":"auto","background-attachment":"scroll","background-type":"","background-media":"","overlay-type":"","overlay-color":"","overlay-opacity":"","overlay-gradient":""}},"footnotes":""},"categories":[16],"tags":[],"class_list":["post-849","post","type-post","status-publish","format-standard","has-post-thumbnail","hentry","category-archives-cms"],"_links":{"self":[{"href":"https:\/\/lavoiedessansvoix.fr\/lavoie\/wp-json\/wp\/v2\/posts\/849","targetHints":{"allow":["GET"]}}],"collection":[{"href":"https:\/\/lavoiedessansvoix.fr\/lavoie\/wp-json\/wp\/v2\/posts"}],"about":[{"href":"https:\/\/lavoiedessansvoix.fr\/lavoie\/wp-json\/wp\/v2\/types\/post"}],"author":[{"embeddable":true,"href":"https:\/\/lavoiedessansvoix.fr\/lavoie\/wp-json\/wp\/v2\/users\/1"}],"replies":[{"embeddable":true,"href":"https:\/\/lavoiedessansvoix.fr\/lavoie\/wp-json\/wp\/v2\/comments?post=849"}],"version-history":[{"count":1,"href":"https:\/\/lavoiedessansvoix.fr\/lavoie\/wp-json\/wp\/v2\/posts\/849\/revisions"}],"predecessor-version":[{"id":3717,"href":"https:\/\/lavoiedessansvoix.fr\/lavoie\/wp-json\/wp\/v2\/posts\/849\/revisions\/3717"}],"wp:featuredmedia":[{"embeddable":true,"href":"https:\/\/lavoiedessansvoix.fr\/lavoie\/wp-json\/wp\/v2\/media\/4434"}],"wp:attachment":[{"href":"https:\/\/lavoiedessansvoix.fr\/lavoie\/wp-json\/wp\/v2\/media?parent=849"}],"wp:term":[{"taxonomy":"category","embeddable":true,"href":"https:\/\/lavoiedessansvoix.fr\/lavoie\/wp-json\/wp\/v2\/categories?post=849"},{"taxonomy":"post_tag","embeddable":true,"href":"https:\/\/lavoiedessansvoix.fr\/lavoie\/wp-json\/wp\/v2\/tags?post=849"}],"curies":[{"name":"wp","href":"https:\/\/api.w.org\/{rel}","templated":true}]}}