{"id":847,"date":"2017-04-21T03:35:00","date_gmt":"2017-04-21T01:35:00","guid":{"rendered":"https:\/\/lavoiedessansvoix.fr\/lavoie\/2017\/04\/21\/archive-pourquoi-melenchon\/"},"modified":"2026-04-26T21:34:24","modified_gmt":"2026-04-26T19:34:24","slug":"archive-pourquoi-melenchon","status":"publish","type":"post","link":"https:\/\/lavoiedessansvoix.fr\/lavoie\/2017\/04\/21\/archive-pourquoi-melenchon\/","title":{"rendered":"POURQUOI MELENCHON ?"},"content":{"rendered":"<p>POURQUOI MELENCHON ?   Je ne suis pas de ceux qui se d\u00e9terminent \u00e0 voter pour un candidat en raison de \u00ab sa jolie gueule \u00bb, de \u00ab ses qualit\u00e9s oratoires \u00bb, ni de la \u00ab prestance ou de la robe \u00bb de sa \u00ab faire valoir social \u00bb. Je ne suis pas de ceux qui se d\u00e9terminent non plus \u00e0 voter pour un candidat en raison de \u00ab ses promesses \u00e9lectorales (ou autres). Charles Pasqua l\u2019a dit, et c\u2019est le mot par lequel il s\u2019est inscrit dans l\u2019Histoire, \u00ab les promesses n\u2019engagent que ceux qui y croient \u00bb. Plus \u00e9tonnant encore, bien que je connaisse \u00e0 peu pr\u00e8s le contenu des programmes des aspirants \u00e0 la Pr\u00e9sidence de la R\u00e9publique, et que ceux-ci contribuent \u00e0 ce que je les approuve ou les combatte, ce n\u2019est pas non plus ce qui d\u00e9termine mon vote. Nous sommes sous l\u2019empire de la 5\u00e8me R\u00e9publique, et je l\u2019ai dit et soulign\u00e9 maintes fois, le Pr\u00e9sident \u00e9lu de celle-ci, investi par le suffrage populaire direct est d\u00e9positaire de la souverainet\u00e9 nationale et donc souverain lui-m\u00eame. Il n\u2019est en rien tenu de respecter le programme d\u2019un parti et pas m\u00eame le sien propre.  Mais alors direz-vous, comment vous d\u00e9terminez-vous ?   Je me d\u00e9termine en fonction des opinions r\u00e9elles des candidats et du spectre \u00e9lectoral qu\u2019ils sont susceptibles de cristalliser autour d\u2019eux. De la mani\u00e8re dont ils peuvent ou pas faire \u00ab bouger les lignes \u00bb, du bout de chemin que l\u2019on peut faire ensemble dans le bon sens.  J\u2019entends dire ici o\u00f9 l\u00e0 que Jean-Luc M\u00e9lenchon qui d\u2019enorgueillie lui-m\u00eame de marcher dans les pas de Mitterrand, son Mentor, pourrait bien parvenu au pouvoir nous la jouer aussi \u00ab Jarnac \u00bb que son maitre. Ce n\u2019est pas impossible en effet, mais ce n\u2019est pas d\u00e9terminant. D\u2019abord parce qu\u2019entre ceux qui promettent la liquidation du syst\u00e8me de couverture sociale et ceux qui promettent de le maintenir et m\u00eame de le consolider, il est logique que les salari\u00e9s choisissent de parier sur les seconds m\u00eame s\u2019ils ne sont pas certains qu\u2019ils tiennent leurs engagements. Ensuite, parce que le contexte et les taches historiques \u00e0 l\u2019ordre du jour ne sont pas les m\u00eames. Mitterrand se proposait d\u2019enterrer la mobilisation sociale r\u00e9manente qui avait surv\u00e9cu \u00e0 Mai68, de marginaliser le PCF et d\u2019int\u00e9grer le mouvement syndical au syst\u00e8me, de doter la 5\u00e8me R\u00e9publique d\u2019un parti \u00ab socialiste de gouvernement \u00bb, de parvenir ainsi au \u00ab bipartisme \u00bb et au fonctionnement de \u00ab l\u2019alternance politique \u00bb.  Toutes fins auxquelles il est parvenu.   Mais qu\u2019elles sont les taches que le moment historique propose \u00e0 M\u00e9lenchon ? Nonobstant son admiration d\u00e9cal\u00e9e pour le \u00ab roi \u00bb de l\u2019arnaque politique, c\u2019est \u00e0 la liquidation du parti Socialiste d\u2019Epinay \u0153uvre de son maitre que l\u2019histoire l\u2019invite \u00e0 proc\u00e9der, et \u00e0 la recomposition d\u2019un v\u00e9ritable parti de gauche, donc au r\u00e9armement moral et politique au moins partiel du mouvement social et ouvrier. Ce n\u2019est qu\u2019un bout du chemin certes, mais dans la bonne direction. Je lui en sait gr\u00e8s et c\u2019est donc la premi\u00e8re raison pour laquelle je voterai M\u00e9lenchon dimanche prochain.  Mitterrand en transformant le PS en parti de gouvernement et par les \u00ab pas \u00bb r\u00e9alis\u00e9s sur le chemin de l\u2019alternance et du bipartisme, avait voulu consolider le fonctionnement de la 5\u00e8me R\u00e9publique. M\u00e9lenchon en liquidant le PS, et recomposant un nouveau parti de gauche, liquide le bipartisme et les conditions du fonctionnement de l\u2019alternance, ouvre ainsi la crise institutionnelle de la 5\u00e8me R\u00e9publique \u00e0 laquelle il se propose d\u2019ailleurs de mettre un terme au profit d\u2019une 6\u00e8me R\u00e9publique.  Pour ma part je ne suis pas d\u2019accord ni avec le th\u00e8me de la 6\u00e8me R\u00e9publique, ni avec celui de \u00ab l\u2019Assembl\u00e9e constituante \u00bb \u00e0 froid, sens\u00e9 en \u00e9laborer la constitution. Je suis partisan de la convocation d\u2019une \u00ab Assembl\u00e9e constituante \u00bb mais d\u2019un autre type, une \u00ab Assembl\u00e9e constituante populaire \u00bb convoqu\u00e9e dans le cadre d\u2019une vaste mobilisation des classes laborieuses du pays, pour donner naissance, non \u00e0 une \u00e9ni\u00e8me R\u00e9publique bourgeoise-capitaliste, mais \u00e0 la premi\u00e8re R\u00e9publique sociale, (ou la deuxi\u00e8me apr\u00e8s \u00ab la commune de Paris \u00bb). Je ne suis donc pas d\u2019accord avec les solutions propos\u00e9es pour succ\u00e9der \u00e0 \u00ab La Monarchie \u00e9lective \u00bb actuelle mais je suis d\u2019accord pour pr\u00e9cipiter celle-ci dans les abysses. Et ce petit bout de tour de la roue de l\u2019Histoire, le vote, Jean-Luc M\u00e9lenchon peut le r\u00e9aliser. Voil\u00e0 la deuxi\u00e8me raison pour laquelle je voterai M\u00e9lenchon dimanche prochain.  Enfin, il y a une troisi\u00e8me raisons pour laquelle je voterai M\u00e9lenchon dimanche prochain, peut-\u00eatre la plus importante, car il s\u2019agit de \u00ab Guerre et Paix \u00bb. Je l\u2019ai redit-hier dans l\u2019article \u00ab MACRON NO ! \u00bb, il existe un parti de la guerre soutenu par la finance internationale qui conduit l\u2019Humanit\u00e9 tout droit dans le mur d\u2019une troisi\u00e8me conflagration mondiale, qui pourrait bien d\u00e9g\u00e9n\u00e9rer en conflit nucl\u00e9aire, ridiculisant les jolis discours de certains bellicistes sur \u00ab la cop 21 \u00bb, la \u00ab lutte contre le r\u00e9chauffement climatique \u00bb ou \u00ab la sauvegarde de la plan\u00e8te \u00ab . Je tiens rigueur \u00e0 Nicolas Sarkozy et Fran\u00e7ois Hollande d\u2019avoir r\u00e9associ\u00e9e la France au \u00ab commandement int\u00e9gr\u00e9 de l\u2019OTAN \u00bb et inf\u00e9od\u00e9e aux USA la politique internationale de notre pays \u00e0 laquelle le G\u00e9n\u00e9ral De Gaulle avait rendu sa fi\u00e8re ind\u00e9pendance. Jean-Luc M\u00e9lenchon est partisan de la sortie de l\u2019OTAN et je ne peux donc que l\u2019appuyer sur ce point enti\u00e8rement. . Contrairement \u00e0 Hamon qui s\u2019est fait le chantre du discours belliciste se voulant par-l\u00e0 l\u2019h\u00e9ritier l\u00e9gitime de Fran\u00e7ois Hollande, et de Macron le candidat officiel du syst\u00e8me de la finance qui endosse enti\u00e8rement cette politique, Jean-Luc M\u00e9lenchon tient lui un discours diplomatique de \u00ab raison \u00bb, d\u2019apaisement, de paix et de n\u00e9gociations, conforme aux int\u00e9r\u00eats v\u00e9ritables des peuples et de notre \u00ab belle bleue \u00bb.  Patrick Seignon. \u00ab lavoiedessansvoix.fr \u00bb. Vendredi 21 avril 2017.<\/p>\n","protected":false},"excerpt":{"rendered":"<p>POURQUOI MELENCHON ? Je ne suis pas de ceux qui se d\u00e9terminent \u00e0 voter pour un candidat en raison de [&hellip;]<\/p>\n","protected":false},"author":1,"featured_media":4432,"comment_status":"open","ping_status":"open","sticky":false,"template":"","format":"standard","meta":{"sfsi_plus_gutenberg_text_before_share":"","sfsi_plus_gutenberg_show_text_before_share":"","sfsi_plus_gutenberg_icon_type":"","sfsi_plus_gutenberg_icon_alignemt":"","sfsi_plus_gutenburg_max_per_row":"","site-sidebar-layout":"default","site-content-layout":"","ast-site-content-layout":"default","site-content-style":"default","site-sidebar-style":"default","ast-global-header-display":"","ast-banner-title-visibility":"","ast-main-header-display":"","ast-hfb-above-header-display":"","ast-hfb-below-header-display":"","ast-hfb-mobile-header-display":"","site-post-title":"","ast-breadcrumbs-content":"","ast-featured-img":"","footer-sml-layout":"","ast-disable-related-posts":"","theme-transparent-header-meta":"","adv-header-id-meta":"","stick-header-meta":"","header-above-stick-meta":"","header-main-stick-meta":"","header-below-stick-meta":"","astra-migrate-meta-layouts":"default","ast-page-background-enabled":"default","ast-page-background-meta":{"desktop":{"background-color":"var(--ast-global-color-4)","background-image":"","background-repeat":"repeat","background-position":"center center","background-size":"auto","background-attachment":"scroll","background-type":"","background-media":"","overlay-type":"","overlay-color":"","overlay-opacity":"","overlay-gradient":""},"tablet":{"background-color":"","background-image":"","background-repeat":"repeat","background-position":"center center","background-size":"auto","background-attachment":"scroll","background-type":"","background-media":"","overlay-type":"","overlay-color":"","overlay-opacity":"","overlay-gradient":""},"mobile":{"background-color":"","background-image":"","background-repeat":"repeat","background-position":"center center","background-size":"auto","background-attachment":"scroll","background-type":"","background-media":"","overlay-type":"","overlay-color":"","overlay-opacity":"","overlay-gradient":""}},"ast-content-background-meta":{"desktop":{"background-color":"var(--ast-global-color-5)","background-image":"","background-repeat":"repeat","background-position":"center center","background-size":"auto","background-attachment":"scroll","background-type":"","background-media":"","overlay-type":"","overlay-color":"","overlay-opacity":"","overlay-gradient":""},"tablet":{"background-color":"var(--ast-global-color-5)","background-image":"","background-repeat":"repeat","background-position":"center center","background-size":"auto","background-attachment":"scroll","background-type":"","background-media":"","overlay-type":"","overlay-color":"","overlay-opacity":"","overlay-gradient":""},"mobile":{"background-color":"var(--ast-global-color-5)","background-image":"","background-repeat":"repeat","background-position":"center center","background-size":"auto","background-attachment":"scroll","background-type":"","background-media":"","overlay-type":"","overlay-color":"","overlay-opacity":"","overlay-gradient":""}},"footnotes":""},"categories":[16],"tags":[],"class_list":["post-847","post","type-post","status-publish","format-standard","has-post-thumbnail","hentry","category-archives-cms"],"_links":{"self":[{"href":"https:\/\/lavoiedessansvoix.fr\/lavoie\/wp-json\/wp\/v2\/posts\/847","targetHints":{"allow":["GET"]}}],"collection":[{"href":"https:\/\/lavoiedessansvoix.fr\/lavoie\/wp-json\/wp\/v2\/posts"}],"about":[{"href":"https:\/\/lavoiedessansvoix.fr\/lavoie\/wp-json\/wp\/v2\/types\/post"}],"author":[{"embeddable":true,"href":"https:\/\/lavoiedessansvoix.fr\/lavoie\/wp-json\/wp\/v2\/users\/1"}],"replies":[{"embeddable":true,"href":"https:\/\/lavoiedessansvoix.fr\/lavoie\/wp-json\/wp\/v2\/comments?post=847"}],"version-history":[{"count":1,"href":"https:\/\/lavoiedessansvoix.fr\/lavoie\/wp-json\/wp\/v2\/posts\/847\/revisions"}],"predecessor-version":[{"id":3713,"href":"https:\/\/lavoiedessansvoix.fr\/lavoie\/wp-json\/wp\/v2\/posts\/847\/revisions\/3713"}],"wp:featuredmedia":[{"embeddable":true,"href":"https:\/\/lavoiedessansvoix.fr\/lavoie\/wp-json\/wp\/v2\/media\/4432"}],"wp:attachment":[{"href":"https:\/\/lavoiedessansvoix.fr\/lavoie\/wp-json\/wp\/v2\/media?parent=847"}],"wp:term":[{"taxonomy":"category","embeddable":true,"href":"https:\/\/lavoiedessansvoix.fr\/lavoie\/wp-json\/wp\/v2\/categories?post=847"},{"taxonomy":"post_tag","embeddable":true,"href":"https:\/\/lavoiedessansvoix.fr\/lavoie\/wp-json\/wp\/v2\/tags?post=847"}],"curies":[{"name":"wp","href":"https:\/\/api.w.org\/{rel}","templated":true}]}}