{"id":843,"date":"2017-04-27T08:49:00","date_gmt":"2017-04-27T06:49:00","guid":{"rendered":"https:\/\/lavoiedessansvoix.fr\/lavoie\/2017\/04\/27\/archive-reevaluation-du-danger-lepenniste\/"},"modified":"2026-04-26T21:33:46","modified_gmt":"2026-04-26T19:33:46","slug":"archive-reevaluation-du-danger-lepenniste","status":"publish","type":"post","link":"https:\/\/lavoiedessansvoix.fr\/lavoie\/2017\/04\/27\/archive-reevaluation-du-danger-lepenniste\/","title":{"rendered":"R\u00c9\u00c9VALUATION DU \u00ab DANGER \u00bb LEPENNISTE"},"content":{"rendered":"<p>R\u00c9\u00c9VALUATION DU DANGER LEPENNISTE   En sc\u00e9narisant la rupture avec \u00ab son Papounet \u00bb, Marine Le Pen s\u2019est mise \u00e0 l\u2019abri pour l\u2019essentiel des amalgames faciles des \u00ab diaboliseurs \u00bb. Cela a fort bien fonctionn\u00e9. Mais l\u2019establishment politique au service du syst\u00e8me financier n\u2019a pas d\u2019autres arguments vraiment op\u00e9rationnels que la \u00ab diabolisation \u00bb pour lutter contre le F.N. C\u2019est pourquoi ils ont entrepris de dire qu\u2019il n\u2019avait pas chang\u00e9, que c\u2019\u00e9tait toujours un parti \u00ab d\u2019extr\u00eame droite \u00bb x\u00e9nophobe et fasciste, populiste, europhobe (Ah le gros mot) Nationaliste, etc.  Il est temps de cesser de dire des \u00e2neries \u00e0 propos du Front National.  Nous ne sommes pas dans les ann\u00e9es 1920 1930. Nous assistons certes en Europe \u00e0 une pouss\u00e9e \u00e9lectorale des partis dit \u00ab populistes \u00bb, de droite dure, mais cela n\u2019a rien avoir avec le Fascisme de l\u2019entre-deux guerres. C\u2019est la gravitation qui d\u00e9termine le poids. M\u00eame lourds, les objets ne p\u00e8sent rien en apesanteur. C\u2019est le contexte historique qui fit le fascisme des ann\u00e9es trente. Or, quel \u00e9tait-il ce contexte ? En arri\u00e8re-plan il y avait la premi\u00e8re guerre mondiale, les destructions en Europe, des millions de morts et de mutil\u00e9s, la \u00ab victoire arrogante \u00bb de la France et de l\u2019Angleterre et le r\u00e8glement inique du conflit par les trait\u00e9s de Versailles, de Saint-Germain et autres, qui pi\u00e9tinaient les empires austro-Hongrois et Ottoman, mettait l\u2019Allemagne en coupe r\u00e9gl\u00e9e, d\u00e9chirait et humiliait les peuples. Et puis, r\u00e9ponse des peuples \u00e0 la barbarie imp\u00e9rialiste il y eut la grande r\u00e9volution Russe, et dans son sillage la mont\u00e9e r\u00e9volutionnaire g\u00e9n\u00e9rale en Europe sous le drapeau du communisme. Alors ces deux ph\u00e9nom\u00e8nes conjugu\u00e9s en engendr\u00e8rent un autre. Les plaies et ranc\u0153urs h\u00e9rit\u00e9es de la guerre et exacerb\u00e9es par la grande d\u00e9pression (crise \u00e9conomique de 1929) fournissaient les mat\u00e9riaux et la peur \u00ab du communisme \u00bb le motif id\u00e9ologique. Tout un peuple en col\u00e8re fut enr\u00f4l\u00e9 dans des partis violents d\u2019un type nouveau, dont le mobile essentiel \u00e9tait la lutte anti r\u00e9volutionnaire contre le monde ouvrier et le communisme. C\u2019est en Italie d\u2019abord, secou\u00e9e par une puissante vague de gr\u00e8ves, que ce mouvement politique se formalisa. Les adh\u00e9rents constituaient des groupes de choc pour faire le coup de poing ou \u00ab de feu \u00bb contre les piquets de gr\u00e8ves. Ces groupes furent nomm\u00e9s \u00ab Faisceaux \u00bb d\u2019o\u00f9 a d\u00e9riv\u00e9 le mot \u00ab Fascistes \u00bb. Mais l\u2019essor du fascisme ne s\u2019expliquerait pas sans prendre en compte son financement et son  instrumentalisation par la bourgeoisie Italienne. Le Fascisme est donc avant tout un mouvement anti-communiste et contre-r\u00e9volutionnaire violent. Les faisceaux Italiens, les SA allemands \u00e9taient des organisations paramilitaires qui n\u2019h\u00e9sitaient pas \u00e0 frapper ou tuer les militants communistes et syndicalistes. Et si le danger Fasciste, dans sa version hitl\u00e9rienne a pris toute la dimension et la signification historique catastrophique que l\u2019on sait c\u2019est parce qu\u2019il fut sustent\u00e9, financ\u00e9 et politiquement soutenu par le capitalisme dominant et l\u2019Eglise de Rome comme instrument de guerre contre le communisme et la r\u00e9volution Russe \u00ab des sans Dieu \u00bb.  Rien de tout cela dans le contexte d\u2019aujourd\u2019hui. Le communisme n\u2019est plus d\u2019actualit\u00e9 imm\u00e9diate et la r\u00e9volution ouvri\u00e8re ne menace pas l\u2019ordre existant. Je ne sache pas qu\u2019aucun parti \u00ab populiste de droite europ\u00e9en \u00bb poss\u00e8de une quelconque organisation paramilitaire, ni qu\u2019ils s\u2019attaquent violemment aux syndicats ni aux piquets de gr\u00e8ve si peu fr\u00e9quents d\u2019ailleurs. Quant \u00e0 la fraction dominante de la bourgeoisie, la bourgeoisie financi\u00e8re, elle ne soutient pas pour l\u2019instant le F.N. mais le combat au contraire.   Il ne saurait y avoir de \u00ab Fascisme \u00bb en dehors d\u2019un tel contexte. Le Front National n\u2019est pas un parti fasciste car il n\u2019y a pas actuellement de mouvement Fasciste. Il faut donc en finir avec pareille caricature, car ce n\u2019est pas un bon moyen de lutte politique. Et il convient d\u2019en venir \u00e0 une analyse plus scientifique et plus \u00e9quilibr\u00e9e de ce qu\u2019est v\u00e9ritablement le F.N.  Pour ne pas \u00eatre fasciste le Front National, du point de vue ouvrier et marxiste r\u00e9volutionnaire, n\u2019en m\u00e9rite pas moins d\u2019\u00eatre combattu, essentiellement \u00e0 cause de sa mani\u00e8re d\u2019appr\u00e9hender les probl\u00e8mes li\u00e9s \u00e0 l\u2019immigration. En effet celle-ci est en quelque sorte instrumentalis\u00e9e par lui comme un leurre pour d\u00e9tourner la col\u00e8re populaire de sa cause v\u00e9ritable l\u2019exploitation capitaliste. C\u2019est en quoi le F.N. reste un parti de droite dure, un  d\u00e9fenseur de l\u2019ordre capitaliste existant  et pourrait dans des circonstances particuli\u00e8res jouer le r\u00f4le d\u2019ultime rempart de d\u00e9fense de la soci\u00e9t\u00e9 capitaliste lib\u00e9rale, comme le firent antan les partis fascistes. Mais nous sommes bien loin d\u2019un tel sc\u00e9nario.  Or, m\u00eame l\u00e0, sur cette question si sensible de l\u2019immigration, la critique des positions du FN qui l\u00e9gitiment la \u00ab x\u00e9nophobie \u00bb ne nous oblige en rien \u00e0 nier cr\u00e2nement que l\u2019immigration laborieuse, tout comme d\u2019ailleurs les \u00ab travailleurs d\u00e9tach\u00e9s \u00bb de l\u2019espace europ\u00e9en,  est instrumentalis\u00e9 aussi par le syst\u00e8me lib\u00e9ral comme moyen de peser \u00e0 la baisse sur les salaires nationaux. Dire cela et le combattre ce  n\u2019est pas tomber dans la x\u00e9nophobie ni dans le discours anti-immigration, c\u2019est au contraire le juste moyen de s\u2019en pr\u00e9munir.  Il faut cesser de se laisser ab\u00eatir par les raisons que commande le syst\u00e8me, en v\u00e9rit\u00e9 pour la d\u00e9fense de ses int\u00e9r\u00eats propres \u00e9go\u00efstes. Il est hors de question de combattre des id\u00e9es ou des dispositions programmatiques du F.N. avec lesquelles nous sommes en v\u00e9rit\u00e9 d\u2019accord, au seul pr\u00e9texte idiot que le F.N. les d\u00e9fend. Et de ce point de vue le programme \u00e9conomique et social du F.N, (un seul exemple retour \u00e0 la retraite \u00e0 60 ans quand l\u2019Andro\u00efde des Banque d\u00e9fends lui la destruction totale du syst\u00e8me de retraite par r\u00e9partition) est bien plus proche de nos id\u00e9es et de nos int\u00e9r\u00eats que celui de Macron, et il n\u2019y a pas de honte \u00e0 l\u2019admettre.  Alors certes, les cercles dirigeants, l\u2019establishment politique crient au loup, au danger Lepenniste, \u00e0 la catastrophe que serait la sortie de l\u2019Europe et le retour au franc. Mais ce dont ils ont peur en v\u00e9rit\u00e9 c\u2019est moins du sort fait aux immigr\u00e9s que de la remise en question de cette politique ultra-lib\u00e9rale de l\u2019Europe qui leur rapporte si gros et co\u00fbte si cher au peuple d\u2019en bas.   En quoi dites-moi serions nous nous autres salari\u00e9s, ouvriers ou paysans concern\u00e9s par la d\u00e9fense de cette  Europe capitaliste lib\u00e9rale qui met en concurrence les salari\u00e9s et les agriculteurs pour tirer les salaires et les prix vers le bas et liquider les acquis sociaux ? La r\u00e9former ? Mais ce n\u2019est pas possible. Elle est leur instrument, elle leur appartient, et elle n\u2019a d\u2019autre finalit\u00e9 que de les servir. Alors bien s\u00fbr une \u2019Europe ouvri\u00e8re et sociale, je suis pour, mais il s\u2019agit de tout autre chose dont l\u2019av\u00e8nement ne peut r\u00e9sulter que d\u2019une insurrection des peuples europ\u00e9ens. En l\u2019Etat actuel des choses nous n\u2019avons aucun int\u00e9r\u00eat \u00e0 d\u00e9fendre leur Europe.  Le retour au franc ?  La parit\u00e9 des monnaies (sauf l\u2019Euros) est toujours fonction des \u00e9conomies r\u00e9elles. C\u2019est donc une b\u00eatise que d\u2019agiter l\u2019\u00e9pouvantail. Pour les travailleurs, les salari\u00e9s, les classes laborieuses, payer en francs ou en euros ne change quasiment rien.  La Fermeture des fronti\u00e8res, le protectionnisme, le repli sur soi ? Pipeau ! Les \u00e9changes internationaux n\u2019ont pas commenc\u00e9s avec la cr\u00e9ation de l\u2019Europe dans les ann\u00e9es 50 ni avec l\u2019ultra-lib\u00e9ralisme et la mondialisation des ann\u00e9es 90. Ils ont exist\u00e9s et se sont amplifi\u00e9s de tout temps depuis la plus haute antiquit\u00e9, et il en va de m\u00eame de la circulation des sciences et de la culture, les \u00e9tudiants et les savants n\u2019ont pas attendu \u00ab Erasmus \u00bb pour sillonner l\u2019Europe et le monde. Je ne sache pas que le protectionnisme qui \u00e9tait alors la r\u00e8gle g\u00e9n\u00e9rale est emp\u00each\u00e9 l\u2019explosion du commerce mondial qu\u2019ont connu les 19\u00e8me  et 20\u00e8me si\u00e8cles. Il avait par contre une vertu, celle de ne pas aller chercher \u00e0 12 000 kilom\u00e8tres ce dont on pouvait disposer \u00e0 20. Le protectionnisme est en v\u00e9rit\u00e9, \u00e0 cause du d\u00e9veloppement in\u00e9gal des \u00e9conomies, absolument n\u00e9cessaire et salutaire m\u00eame pour les peuples et les nations. Sans protectionnisme les pays d\u2019Afrique, d\u2019Asie ou d\u2019Am\u00e9rique Latine ne pourront jamais d\u00e9velopper des \u00e9conomies \u00e9quilibr\u00e9es, atteindre \u00e0 l\u2019autosuffisance qui est la condition pr\u00e9alable indispensable de toute ind\u00e9pendance politique. C\u2019est d\u2019ailleurs un mouvement de retour au protectionnisme qu\u2019on entreprit r\u00e9cemment plusieurs pays africains afin de se d\u00e9gager de l\u2019emprise n\u00e9ocoloniale des grandes puissances. Protectionnisme puissance dix : une des premi\u00e8res mesures qu\u2019instaura la R\u00e9volution Russe, afin de d\u00e9fendre l\u2019\u00e9dification \u00e9conomique, fut \u00ab Le monopole d\u2019Etat du commerce ext\u00e9rieur \u00bb sans lequel l\u2019Union Sovi\u00e9tique eut \u00e9t\u00e9 r\u00e9duite au statut de colonie des puissances occidentales. Alors, qu\u2019on en finisse avec la culpabilit\u00e9 de \u00ab ringardisme \u00bb que le lib\u00e9ralisme sauvage a insinu\u00e9 dans les t\u00eates, selon lequel le protectionnisme \u00e9conomique serait \u00ab p\u00e9ch\u00e9 \u00bb, et qui t\u00e9moigne en v\u00e9rit\u00e9 de la mani\u00e8re dont \u00ab l\u2019id\u00e9ologie capitaliste lib\u00e9rale \u00bb a colonis\u00e9s les esprits.  L\u2019Europe a \u00e9t\u00e9 cr\u00e9\u00e9e apr\u00e8s la deuxi\u00e8me guerre mondiale, pour \u00e9tablir la paix. Et \u00e7a a march\u00e9 nous dit-on. Voil\u00e0 bien ce que l\u2019on appelle un poncif. Et Le Front National est un parti nationaliste et le nationalisme c\u2019est la guerre. En voil\u00e0 bien un autre. C\u2019est sur ce th\u00e8me aussi faux qu\u2019il est idiot, que Manuel Macron a semble-t-il d\u00e9cid\u00e9 de s\u2019appesantir. Le F.N. parti nationaliste serait donc, en raccourci, le parti de la guerre comme en 14.  1914, parce qu\u2019il s\u2019opposait \u00e0 la guerre Jaur\u00e8s fut assassin\u00e9. Jean-Jaur\u00e8s qui disait que \u00ab l\u2019imp\u00e9rialisme portait la guerre en lui comme la nu\u00e9e porte l\u2019orage \u00bb. L\u2019imp\u00e9rialisme et non le nationalisme. L\u2019imp\u00e9rialisme il est vrai instrumentalisa le sentiment national et le patriotisme pour enr\u00e9gimenter les peuples. Tout comme il instrumentalise aujourd\u2019hui l\u2019Islam sunnite radical pour faire la guerre aux r\u00e9gimes la\u00efques arabes et \u00e0 l\u2019Iran Chiite. Tout comme il instrumentalise l\u2019aspiration des peuples \u00e0 plus de d\u00e9mocratie pour fomenter maintes men\u00e9es agressives contre les r\u00e9gimes qui ne lui conviennent pas.  Partis nationalistes \u00e9gale guerre ? \u00c7a n\u2019est pas sur des clich\u00e9s d\u2019ailleurs d\u00e9j\u00e0 anciens qu\u2019il convient de se d\u00e9terminer mais sur les r\u00e9alit\u00e9s objectives du moment. Et qu\u2019elles sont-elles ? Revenons donc un peu au pr\u00e9sent. \u00ab F.N. \u00e9gale Parti nationaliste \u00e9gale guerre \u00bb. Ce n\u2019est pas ce que j\u2019ai entendu. J\u2019ai entendu moi que Marine Le Pen souhaitait une d\u00e9tente des relations internationales, un r\u00e9\u00e9quilibrage de nos relations avec la Russie et une collaboration avec celle-ci et le r\u00e9gime de Damas pour venir \u00e0 bout de Daesh et trouver une sortie politique et n\u00e9goci\u00e9e \u00e0 la crise syrienne. Faire retomber de dangereuses tensions internationales qui pourraient conduire \u00e0 une troisi\u00e8me guerre mondiale, voil\u00e0 ce qui parait \u00eatre la pr\u00e9occupation de Marine Le Pen dans le temps o\u00f9 Emmanuel Macron lui jette de l\u2019huile sur le feu ; Embrasse comme la v\u00e9rit\u00e9 r\u00e9v\u00e9l\u00e9e les odieux mensonges de commande des services secrets afin de justifier l\u2019agression occidentale contre Bachar Al Assad ; Se donne des airs martiaux  pour affirmer qu\u2019il se passerait de l\u2019aval de l\u2019ONU pour bombarder le r\u00e9gime l\u00e9gal syrien. Alors qui de Marine Le Pen ou Macron incarne-t-il vraiment le risque de guerre ?  Patrick Seignon. \u00ab lavoiedessansvoix.fr \u00bb. Jeudi 27 avril 2017.<\/p>\n","protected":false},"excerpt":{"rendered":"<p>R\u00c9\u00c9VALUATION DU DANGER LEPENNISTE En sc\u00e9narisant la rupture avec \u00ab son Papounet \u00bb, Marine Le Pen s\u2019est mise \u00e0 l\u2019abri [&hellip;]<\/p>\n","protected":false},"author":1,"featured_media":4428,"comment_status":"open","ping_status":"open","sticky":false,"template":"","format":"standard","meta":{"sfsi_plus_gutenberg_text_before_share":"","sfsi_plus_gutenberg_show_text_before_share":"","sfsi_plus_gutenberg_icon_type":"","sfsi_plus_gutenberg_icon_alignemt":"","sfsi_plus_gutenburg_max_per_row":"","site-sidebar-layout":"default","site-content-layout":"","ast-site-content-layout":"default","site-content-style":"default","site-sidebar-style":"default","ast-global-header-display":"","ast-banner-title-visibility":"","ast-main-header-display":"","ast-hfb-above-header-display":"","ast-hfb-below-header-display":"","ast-hfb-mobile-header-display":"","site-post-title":"","ast-breadcrumbs-content":"","ast-featured-img":"","footer-sml-layout":"","ast-disable-related-posts":"","theme-transparent-header-meta":"","adv-header-id-meta":"","stick-header-meta":"","header-above-stick-meta":"","header-main-stick-meta":"","header-below-stick-meta":"","astra-migrate-meta-layouts":"default","ast-page-background-enabled":"default","ast-page-background-meta":{"desktop":{"background-color":"var(--ast-global-color-4)","background-image":"","background-repeat":"repeat","background-position":"center center","background-size":"auto","background-attachment":"scroll","background-type":"","background-media":"","overlay-type":"","overlay-color":"","overlay-opacity":"","overlay-gradient":""},"tablet":{"background-color":"","background-image":"","background-repeat":"repeat","background-position":"center center","background-size":"auto","background-attachment":"scroll","background-type":"","background-media":"","overlay-type":"","overlay-color":"","overlay-opacity":"","overlay-gradient":""},"mobile":{"background-color":"","background-image":"","background-repeat":"repeat","background-position":"center center","background-size":"auto","background-attachment":"scroll","background-type":"","background-media":"","overlay-type":"","overlay-color":"","overlay-opacity":"","overlay-gradient":""}},"ast-content-background-meta":{"desktop":{"background-color":"var(--ast-global-color-5)","background-image":"","background-repeat":"repeat","background-position":"center center","background-size":"auto","background-attachment":"scroll","background-type":"","background-media":"","overlay-type":"","overlay-color":"","overlay-opacity":"","overlay-gradient":""},"tablet":{"background-color":"var(--ast-global-color-5)","background-image":"","background-repeat":"repeat","background-position":"center center","background-size":"auto","background-attachment":"scroll","background-type":"","background-media":"","overlay-type":"","overlay-color":"","overlay-opacity":"","overlay-gradient":""},"mobile":{"background-color":"var(--ast-global-color-5)","background-image":"","background-repeat":"repeat","background-position":"center center","background-size":"auto","background-attachment":"scroll","background-type":"","background-media":"","overlay-type":"","overlay-color":"","overlay-opacity":"","overlay-gradient":""}},"footnotes":""},"categories":[16],"tags":[],"class_list":["post-843","post","type-post","status-publish","format-standard","has-post-thumbnail","hentry","category-archives-cms"],"_links":{"self":[{"href":"https:\/\/lavoiedessansvoix.fr\/lavoie\/wp-json\/wp\/v2\/posts\/843","targetHints":{"allow":["GET"]}}],"collection":[{"href":"https:\/\/lavoiedessansvoix.fr\/lavoie\/wp-json\/wp\/v2\/posts"}],"about":[{"href":"https:\/\/lavoiedessansvoix.fr\/lavoie\/wp-json\/wp\/v2\/types\/post"}],"author":[{"embeddable":true,"href":"https:\/\/lavoiedessansvoix.fr\/lavoie\/wp-json\/wp\/v2\/users\/1"}],"replies":[{"embeddable":true,"href":"https:\/\/lavoiedessansvoix.fr\/lavoie\/wp-json\/wp\/v2\/comments?post=843"}],"version-history":[{"count":1,"href":"https:\/\/lavoiedessansvoix.fr\/lavoie\/wp-json\/wp\/v2\/posts\/843\/revisions"}],"predecessor-version":[{"id":3705,"href":"https:\/\/lavoiedessansvoix.fr\/lavoie\/wp-json\/wp\/v2\/posts\/843\/revisions\/3705"}],"wp:featuredmedia":[{"embeddable":true,"href":"https:\/\/lavoiedessansvoix.fr\/lavoie\/wp-json\/wp\/v2\/media\/4428"}],"wp:attachment":[{"href":"https:\/\/lavoiedessansvoix.fr\/lavoie\/wp-json\/wp\/v2\/media?parent=843"}],"wp:term":[{"taxonomy":"category","embeddable":true,"href":"https:\/\/lavoiedessansvoix.fr\/lavoie\/wp-json\/wp\/v2\/categories?post=843"},{"taxonomy":"post_tag","embeddable":true,"href":"https:\/\/lavoiedessansvoix.fr\/lavoie\/wp-json\/wp\/v2\/tags?post=843"}],"curies":[{"name":"wp","href":"https:\/\/api.w.org\/{rel}","templated":true}]}}