{"id":841,"date":"2017-04-29T09:00:00","date_gmt":"2017-04-29T07:00:00","guid":{"rendered":"https:\/\/lavoiedessansvoix.fr\/lavoie\/2017\/04\/29\/archive-l-ignoble-raccourci-historique-de-bertrand-delanoe\/"},"modified":"2026-04-26T21:33:28","modified_gmt":"2026-04-26T19:33:28","slug":"archive-l-ignoble-raccourci-historique-de-bertrand-delanoe","status":"publish","type":"post","link":"https:\/\/lavoiedessansvoix.fr\/lavoie\/2017\/04\/29\/archive-l-ignoble-raccourci-historique-de-bertrand-delanoe\/","title":{"rendered":"L\u2019IGNOBLE RACCOURCI HISTORIQUE DE BERTRAND DELANO\u00cb"},"content":{"rendered":"<p>L\u2019IGNOBLE RACCOURCI HISTORIQUE DE BERTRAND DELANO\u00cb   Alors que Macron \u00e9tait \u00e0 Oradour-sur-Glane pour parler des vertus salvatrices de la m\u00e9moire, mani\u00e8re de sugg\u00e9rer l\u2019id\u00e9e sans oser toutefois l\u2019\u00e9noncer clairement, que le NSDAP d\u2019Adolf Hitler et le F.N. de Marine Le Pen c\u2019est pareil. Bertrand Delano\u00eb s\u2019est autoris\u00e9 lui un raccourci historique plus direct pour faire des amalgames proprement ignobles.  IL s\u2019agissait de fustiger M\u00e9lenchon qui a refus\u00e9 d\u2019appeler ses \u00e9lecteurs \u00e0 voter Macron ce qui est n\u00e9cessaire selon lui pour \u00ab barrer la route \u00e0 Mme Le Pen.. \u00ab Dans les ann\u00e9es trente \u00ab l\u2019extr\u00eame gauche Allemande avait refus\u00e9 de choisir entre Hitler et la d\u00e9mocratie, on a vu le r\u00e9sultat \u00bb, \u00ab balance \u00bb monsieur Delano\u00eb. Le moins qu\u2019on puisse dire c\u2019est que celui-ci a une vision bien singuli\u00e8re de l\u2019histoire.  Ce qu\u2019il a fait de la sorte ne s\u2019apparente en rien, \u00e0 un rappel Historique, encore moins  \u00e0 une le\u00e7on d\u2019histoire, cet apart\u00e9 est tout juste du niveau d\u2019une br\u00e8ve de comptoir, quelque chose comme une boule puante, un raccourci ignoble. Elle n\u2019est d\u2019aucun int\u00e9r\u00eat pour l\u2019\u00e9dification des g\u00e9n\u00e9rations nouvelles, elle ne sert pas la m\u00e9moire. On ne fait pas \u0153uvre m\u00e9morielle quand on tronque la r\u00e9alit\u00e9 \u00e0 ce point.   Sans \u00eatre trop long, rappelons tout de m\u00eame que l\u2019arri\u00e8re-plan de cette Histoire des ann\u00e9es trente c\u2019est la premi\u00e8re guerre mondiale, la r\u00e9volution Russe, la r\u00e9volution allemande, (1918 1919) qui pr\u00e9cipita la reddition du II\u00e8me Reich  et aboutit \u00e0 la proclamation de la R\u00e9publique de Weimar, les iniques trait\u00e9s de Versailles, de Saint-Germain et de Trianon, le soul\u00e8vement de 1923, l\u2019occupation de la Ruhr par la France et le soul\u00e8vement de celle-ci, enfin la grande d\u00e9pression de 1929. Telle est la toile de fond Historique qui environne l\u2019apparition et la mont\u00e9e en puissance du nazisme. On voit d\u00e9j\u00e0 \u00e0 ce descriptif que cela d\u00e9passe largement la seule question du positionnement politique des seuls communistes allemands.  O\u00f9 sont donc v\u00e9ritablement les responsabilit\u00e9s dans la mont\u00e9e de l\u2019Hitl\u00e9risme ? Le moins qu\u2019on puisse en dire \u00e0 ce stade c\u2019est qu\u2019elles sont multiples.  D\u2019abord la guerre et la d\u00e9faite allemande qui heurte le sentiment national  et accumule les ranc\u0153urs.   Ensuite l\u2019arrogance de la France qui met l\u2019Allemagne en coupe r\u00e9gl\u00e9e et l\u2019humilie avec le  trait\u00e9 de Versailles et l\u2019occupation de la Ruhr.  Enfin les d\u00e9faites successives des r\u00e9volutions allemandes qui pr\u00e9cipite le peuple ouvrier dans la col\u00e8re et la d\u00e9sesp\u00e9rance.  C\u2019est sur ce terreau que le fascisme version allemande fera son apparition et prosp\u00e8rera. Le fascisme n\u2019est pas un ph\u00e9nom\u00e8ne politique circonscrit aux seules Allemagne ou Italie. C\u2019est en v\u00e9rit\u00e9 en ce temps un ph\u00e9nom\u00e8ne qui concerne toute l\u2019Europe. C\u2019est la \u00ab s\u00e9cr\u00e9tion\u00bb des plaies sociales et politiques laiss\u00e9es par la premi\u00e8re guerre mondiale. Le fascisme prosp\u00e8re mieux  dans les pays meurtris, d\u00e9chir\u00e9s ou humili\u00e9s par le r\u00e8glement de la guerre.  Les sociaux-d\u00e9mocrates ont pris part au gouvernement Ebert\/Scheidemann issu de la \u00ab r\u00e9volution de novembre 1918 qui n\u00e9gocie la reddition de l\u2019Allemagne et le trait\u00e9 de Versailles, puis, d\u00e9but 1919 \u00e0 la proclamation de la R\u00e9publique de Weimar  Ce sont eux qui en cette ann\u00e9e 1919 vont \u00e9craser la r\u00e9volution et la \u00ab ligue spartakiste \u00bb dans le sang, font assassiner Karl Liebknecht et Rosa Luxemburg.  C\u2019est alors le Social \u2013d\u00e9mocrate Gustav Noske qui est aux commandes de la r\u00e9pression sanglante. C\u2019est lui qui aux fins de cette tache va cr\u00e9er \u00ab les corps francs \u00bb des groupes paramilitaires fait tout expr\u00e8s pour assassiner la r\u00e9volution Il a fait appel \u00e0 ces anciens soldats d\u00e9mobilis\u00e9s qui ressassent la ranc\u0153ur de la d\u00e9faite et en veulent aux ouvriers r\u00e9volutionnaires, aux d\u00e9serteurs, aux juifs et aux communistes qu\u2019ils tiennent pour responsables de la d\u00e9faite Allemande. Le dernier sursaut de la r\u00e9volution allemande a lieu en 1923 et se termina aussi par un bain de sang. Les sociaux-d\u00e9mocrates ont \u00e9t\u00e9 les \u00ab versaillais \u00bb de chez eux. Qui peut s\u2019\u00e9tonner, connaissant cela, des pr\u00e9venances \u00e0 leur \u00e9gard des ouvriers communistes et r\u00e9volutionnaires, et du fait que ceux-ci sept ans seulement apr\u00e8s, puissent consid\u00e9rer qu\u2019il n\u2019y avait gu\u00e8re de diff\u00e9rence entre les sociaux-d\u00e9mocrates et les nazis ?   La r\u00e9volution a failli. C\u2019est sans nul doute la Social-d\u00e9mocratie allemande, qui en tuant la r\u00e9volution a ouvert l\u2019\u00e8re du possible Hitl\u00e9rien. Alors, avant de parler de la responsabilit\u00e9 politique, anecdotique au regard de cela, de \u00ab l\u2019extr\u00eame gauche allemande, dans la victoire d\u2019Hitler, conviendrait-il d\u2019abord de vilipender l\u2019\u00e9crasante responsabilit\u00e9 de la Social-d\u00e9mocratie aux mains rouges du sang des ouvriers et des r\u00e9volutionnaires allemands.   Les  \u00ab Fraikorps \u00bb, de Noske, le Social-d\u00e9mocrate \u00bb ont \u00e9t\u00e9 dissouts en 1921. Nombre d\u2019entre eux rejoignent les \u00ab S.A. \u00bb (sections d\u2019assaut) du NSDAP d\u2019Hitler.  Aux \u00e9lections de 1932, Hitler n\u2019a pas de majorit\u00e9 absolue. Le pr\u00e9sident de la R\u00e9publique, le mar\u00e9chal Hindenburg rechigne le nommer \u00e0 la chancellerie. Ce sont le banquier Hjalmar Schacht d\u2019une part, et Von Papen le dirigeant du \u00ab Zentrum \u00bb, le parti chr\u00e9tien (l\u2019Allemagne est majoritairement protestante luth\u00e9rienne), qui interc\u00e8dent et obtiennent la nomination d\u2019Hitler. Von Papen agit en connivence avec  Monseigneur Pacelli le nonce apostolique, futur Pie XII et la b\u00e9n\u00e9diction  du Vatican, Pie XI, qui ont conclu\u00ab un deal \u00bb avec Hitler, la promesse de la signature d\u2019un concordat \u00e0 l\u2019image de celui de Mussolini et du Vatican, en \u00e9change de leur soutien. Le concordat fut sign\u00e9 d\u00e8s le 20 juillet 1933.  Ces soutiens et ces responsabilit\u00e9s sont bien plus grandes et bien plus \u00e9videntes on le voit que celle du cours gauchiste du Parti communiste allemand qui refusait de faire l\u2019unit\u00e9 avec les assassins sociaux-d\u00e9mocrates pour \u00ab barrer la route \u00e0 Hitler \u00bb. L\u2019eussent il fait que cela \u00e0 ce stade n\u2019aurait probablement rien chang\u00e9.  Conclusion :  Monsieur Delano\u00eb serait bien fond\u00e9 s\u2019il veut parler de mani\u00e8re intelligente et \u00e9quilibr\u00e9 de la responsabilit\u00e9 politique des communistes Allemands dans l\u2019av\u00e8nement d\u2019Hitler, de d\u00e9signer d\u2019abord sans d\u00e9tours les responsabilit\u00e9s autrement plus grandes de la \u00ab Social-d\u00e9mocratie \u00bb (SPD) du parti du \u00ab centre \u00bb (Chr\u00e9tien) et de l\u2019Eglise de Rome. A cette condition il pourrait \u00eatre entendu et mieux compris.  Et de cette approche plus conforme de la r\u00e9alit\u00e9 historique il pourrait aussi tirer un b\u00e9n\u00e9fice imm\u00e9diat pour son analyse de la r\u00e9alit\u00e9 Fran\u00e7aise actuelle.  Car il ne fait de m\u00eame aucun doute que la vraie responsabilit\u00e9 dans la pouss\u00e9e \u00e9lectorale du FN en France, incombe aux partis de l\u2019alternance droite\/gauche et \u00e0 la politique qu\u2019ils ont fait ensemble depuis 30 ans. Et qu\u2019au regard de cela le refus de Jean Luc M\u00e9lenchon de donner une consigne de vote n\u2019est qu\u2019un \u00e9pisode bien anecdotique et de peu de cons\u00e9quence. Sans compter que les contextes historiques sont compl\u00e8tement diff\u00e9rents et que le F.N. n\u2019a rien de comparable avec le NSDAP, comme nous l\u2019avons \u00e9crit dans notre article du 27 avril \u00ab REEVALUATION DU DANGER LEPENNISTE \u00bb, sinon dans les esprits tordus de ces falsificateurs d\u2019Histoire que sont Bertrand Delano\u00eb, Macron et toute leur ribambelle.   Et que monsieur Delano\u00eb veuille bien m\u00e9diter cet adage de mon cru : qu\u2019en mati\u00e8re d\u2019Histoire, comme dans d\u2019autres domaines d\u2019ailleurs, \u00ab les raccourcis sont rarement les chemins les plus courts qui conduisent \u00e0 la v\u00e9rit\u00e9. \u00bb(*)  Patrick Seignon. \u00ab lavoiedessansvoix.fr \u00bb. Samedi 29 avril 2017. (Lors de la mise en ligne de l&rsquo;article j&rsquo;ai oubli\u00e9 un morceau de phrase (les plus courts) de cet adage. J&rsquo;ai rectifi\u00e9 le texte le 1er mai \u00e0 16 heures.)<\/p>\n","protected":false},"excerpt":{"rendered":"<p>L\u2019IGNOBLE RACCOURCI HISTORIQUE DE BERTRAND DELANO\u00cb Alors que Macron \u00e9tait \u00e0 Oradour-sur-Glane pour parler des vertus salvatrices de la m\u00e9moire, [&hellip;]<\/p>\n","protected":false},"author":1,"featured_media":4426,"comment_status":"open","ping_status":"open","sticky":false,"template":"","format":"standard","meta":{"sfsi_plus_gutenberg_text_before_share":"","sfsi_plus_gutenberg_show_text_before_share":"","sfsi_plus_gutenberg_icon_type":"","sfsi_plus_gutenberg_icon_alignemt":"","sfsi_plus_gutenburg_max_per_row":"","site-sidebar-layout":"default","site-content-layout":"","ast-site-content-layout":"default","site-content-style":"default","site-sidebar-style":"default","ast-global-header-display":"","ast-banner-title-visibility":"","ast-main-header-display":"","ast-hfb-above-header-display":"","ast-hfb-below-header-display":"","ast-hfb-mobile-header-display":"","site-post-title":"","ast-breadcrumbs-content":"","ast-featured-img":"","footer-sml-layout":"","ast-disable-related-posts":"","theme-transparent-header-meta":"","adv-header-id-meta":"","stick-header-meta":"","header-above-stick-meta":"","header-main-stick-meta":"","header-below-stick-meta":"","astra-migrate-meta-layouts":"default","ast-page-background-enabled":"default","ast-page-background-meta":{"desktop":{"background-color":"var(--ast-global-color-4)","background-image":"","background-repeat":"repeat","background-position":"center center","background-size":"auto","background-attachment":"scroll","background-type":"","background-media":"","overlay-type":"","overlay-color":"","overlay-opacity":"","overlay-gradient":""},"tablet":{"background-color":"","background-image":"","background-repeat":"repeat","background-position":"center center","background-size":"auto","background-attachment":"scroll","background-type":"","background-media":"","overlay-type":"","overlay-color":"","overlay-opacity":"","overlay-gradient":""},"mobile":{"background-color":"","background-image":"","background-repeat":"repeat","background-position":"center center","background-size":"auto","background-attachment":"scroll","background-type":"","background-media":"","overlay-type":"","overlay-color":"","overlay-opacity":"","overlay-gradient":""}},"ast-content-background-meta":{"desktop":{"background-color":"var(--ast-global-color-5)","background-image":"","background-repeat":"repeat","background-position":"center center","background-size":"auto","background-attachment":"scroll","background-type":"","background-media":"","overlay-type":"","overlay-color":"","overlay-opacity":"","overlay-gradient":""},"tablet":{"background-color":"var(--ast-global-color-5)","background-image":"","background-repeat":"repeat","background-position":"center center","background-size":"auto","background-attachment":"scroll","background-type":"","background-media":"","overlay-type":"","overlay-color":"","overlay-opacity":"","overlay-gradient":""},"mobile":{"background-color":"var(--ast-global-color-5)","background-image":"","background-repeat":"repeat","background-position":"center center","background-size":"auto","background-attachment":"scroll","background-type":"","background-media":"","overlay-type":"","overlay-color":"","overlay-opacity":"","overlay-gradient":""}},"footnotes":""},"categories":[16],"tags":[],"class_list":["post-841","post","type-post","status-publish","format-standard","has-post-thumbnail","hentry","category-archives-cms"],"_links":{"self":[{"href":"https:\/\/lavoiedessansvoix.fr\/lavoie\/wp-json\/wp\/v2\/posts\/841","targetHints":{"allow":["GET"]}}],"collection":[{"href":"https:\/\/lavoiedessansvoix.fr\/lavoie\/wp-json\/wp\/v2\/posts"}],"about":[{"href":"https:\/\/lavoiedessansvoix.fr\/lavoie\/wp-json\/wp\/v2\/types\/post"}],"author":[{"embeddable":true,"href":"https:\/\/lavoiedessansvoix.fr\/lavoie\/wp-json\/wp\/v2\/users\/1"}],"replies":[{"embeddable":true,"href":"https:\/\/lavoiedessansvoix.fr\/lavoie\/wp-json\/wp\/v2\/comments?post=841"}],"version-history":[{"count":1,"href":"https:\/\/lavoiedessansvoix.fr\/lavoie\/wp-json\/wp\/v2\/posts\/841\/revisions"}],"predecessor-version":[{"id":3701,"href":"https:\/\/lavoiedessansvoix.fr\/lavoie\/wp-json\/wp\/v2\/posts\/841\/revisions\/3701"}],"wp:featuredmedia":[{"embeddable":true,"href":"https:\/\/lavoiedessansvoix.fr\/lavoie\/wp-json\/wp\/v2\/media\/4426"}],"wp:attachment":[{"href":"https:\/\/lavoiedessansvoix.fr\/lavoie\/wp-json\/wp\/v2\/media?parent=841"}],"wp:term":[{"taxonomy":"category","embeddable":true,"href":"https:\/\/lavoiedessansvoix.fr\/lavoie\/wp-json\/wp\/v2\/categories?post=841"},{"taxonomy":"post_tag","embeddable":true,"href":"https:\/\/lavoiedessansvoix.fr\/lavoie\/wp-json\/wp\/v2\/tags?post=841"}],"curies":[{"name":"wp","href":"https:\/\/api.w.org\/{rel}","templated":true}]}}