{"id":839,"date":"2017-05-01T04:20:00","date_gmt":"2017-05-01T02:20:00","guid":{"rendered":"https:\/\/lavoiedessansvoix.fr\/lavoie\/2017\/05\/01\/archive-1er-mai-bonjour-tristesse\/"},"modified":"2026-04-26T21:33:12","modified_gmt":"2026-04-26T19:33:12","slug":"archive-1er-mai-bonjour-tristesse","status":"publish","type":"post","link":"https:\/\/lavoiedessansvoix.fr\/lavoie\/2017\/05\/01\/archive-1er-mai-bonjour-tristesse\/","title":{"rendered":"1er MAI : \u00ab BONJOUR TRISTESSE \u00bb"},"content":{"rendered":"<p>1er MAI 2017 : \u00ab BONJOUR TRISTESSE \u00bb  Oui je suis triste et inquiet en ce premier jour du mois de mai 2017. C\u2019est au calendrier \u00ab la f\u00eate du travail \u00bb mais les travailleurs, mes fr\u00e8res et s\u0153urs,  ne sont pas \u00e0 la f\u00eate.  J\u2019ai aim\u00e9 ce jour de luttes et de rassemblements ouvriers. J\u2019ai particip\u00e9 \u00e0 de nombreux d\u00e9fil\u00e9s, immenses ou restreints, joyeux ou tristes, combatifs ou \u00ab traine-savate \u00bb, mais ce jour-l\u00e0 fut presque toujours, malgr\u00e9 tout, pour le militant que je suis, un jour de comm\u00e9moration et de f\u00eate. L\u2019occasion de ce souvenir des anciens, des combats pass\u00e9s ou du pass\u00e9, des tr\u00e9pass\u00e9s \u00ab dans l\u2019exercice de leur fonction \u00bb(qu\u2019aucun ministre du travail ne d\u00e9core ni n\u2019honore), des tr\u00e9pass\u00e9s sous les coups des milices patronale et de la police du capital, des assassin\u00e9s sous la mitraille des arm\u00e9es du fric, mais aussi des piquets de gr\u00e8ve et des bals \u00e0 l\u2019usine, des conqu\u00eates et des acquis sociaux que l\u2019on devait \u00e0 tous ceux-l\u00e0, \u00e0 leurs luttes \u00e0 leurs sacrifices, \u00e0 leurs drapeaux \u00ab rouges du sang de l\u2019ouvrier \u00bb.  Que l\u2019on devait dis-je intentionnellement, car bient\u00f4t on ne devra plus rien, tout aura \u00e9t\u00e9 repris, aras\u00e9, liquid\u00e9. On se sera fait voler notre h\u00e9ritage. On sera lib\u00e9r\u00e9 du devoir de m\u00e9moire et de l\u2019obligation de gratitude. On aura \u00e9t\u00e9 indigne de vous et l\u2019on ne vous en remerciera pas. Ce que vous aviez arrach\u00e9 de haute lutte au capital avide s\u2019\u00e9tait disent-ils \u00ab des privil\u00e8ges \u00bb. Immense progr\u00e8s des concepts. La r\u00e9volution fran\u00e7aise a abolit \u00ab les privil\u00e8ges de la noblesse \u00bb qui n\u2019\u00e9tait qu\u2019un petit nombre. Les princes d\u2019\u00e0 pr\u00e9sent adoub\u00e9s par la Finance-veulent abattre \u00ab les privil\u00e8ges \u00bb du peuple : le droit au travail et \u00e0 un salaire d\u00e9cent, la s\u00e9curit\u00e9 de l\u2019emploi, la couverture sociale et le droit \u00e0 la paresse enfin quelques ann\u00e9es, au bout, avant de fermer le parapluie \u00bb.  Oui, les \u00ab privil\u00e8ges du peuple. C\u2019est ainsi qu\u2019ils appellent \u00ab ces salauds \u00bb les droits \u00e9l\u00e9mentaires du travail. Je l\u2019ai entendu il y a peu sur France inter. C\u2019\u00e9tait je crois dans l\u2019\u00e9mission \u00ab le t\u00e9l\u00e9phone sonne \u00bb, le sujet s\u2019\u00e9tait le d\u00e9bat europ\u00e9en dans le cadre de la campagne des pr\u00e9sidentielles, je n\u2019ai pas retenu quel invit\u00e9 de l\u2019\u00e9mission a eu la cynique ind\u00e9cence de formuler ceci \u00ab que leurs bas salaires \u00e9taient le privil\u00e8ge des travailleurs Polonais \u00bb. Mais les revenus du capital, les fortunes colossales de Madame Bettencourt de de Bernard Arnaud qui s\u2019accroissent de plusieurs milliards d\u2019euros chaque ann\u00e9e, sa \u00e7a n\u2019est pas des privil\u00e8ges. Ce sont les conditions indispensables au bon fonctionnement de l\u2019\u00e9conomie.  Voil\u00e0 30 ans que pris au pi\u00e8ge de l\u2019alternance politique droite\/gauche, les salari\u00e9s se sont fait spolier par les uns et les autres chaque fois un peu plus : D\u00e9sindustrialisation, ch\u00f4mage de masse, pr\u00e9carit\u00e9 du travail, chute des salaires, d\u00e9valorisation des pensions, recul de l\u2019\u00e2ge de la retraite, j\u2019en passe et des pires, pour en arriver \u00e0 l\u2019apoth\u00e9ose finale le quinquennat de Fran\u00e7ois Hollande la rentabilit\u00e9 des entreprises d\u00e9clar\u00e9e grande cause nationale et la loi de d\u00e9mant\u00e8lement du code du travail.  Pourtant nous n\u2019\u00e9tions pas encore au bout de l\u2019horreur.  Voil\u00e0 qu\u2019on vous demande de voter pour un homme qui se propose de liquider ce qui reste encore de l\u2019h\u00e9ritage d\u2019un si\u00e8cle et demi de luttes. Voil\u00e0 que des syndicalistes, des hommes politiques qui se revendiquent comme repr\u00e9sentants ou d\u00e9fenseurs du monde du travail vous abjure de voter pour cet homme-l\u00e0. Vous conseille d\u2019ob\u00e9ir, \u00ab Plait-il mon bon maitre \u00bb, de vous coucher, de mettre, victimes consentantes, la t\u00eate dans la lunette, d\u2019obtemp\u00e9rer au diktat qui commande de voter Macron.  Or, ils osent en plus convoquer la d\u00e9mocratie comme faire valoir de leur argumentaire. La d\u00e9mocratie pour \u00e9lire le dictateur qui a promis d\u2019avoir recours \u00ab aux ordonnances \u00bb d\u00e8s le lendemain.  Il faut refuser de donner sa caution par son vote. Il faut se redresser et se battre. Un diktat, un d\u00e9ni de d\u00e9mocratie \u00e7a ne se n\u00e9gocie pas, \u00e7a ne s\u2019ent\u00e9rine pas de quelque mani\u00e8re que ce soit. Ceux qui font cela, consciemment ou par inconscience, se rangent au rang des traitres et au pr\u00e9texte de barrer la route \u00e0 Marine Le Pen ils creusent en v\u00e9rit\u00e9 un peu plus le sillon qui la rendra bient\u00f4t in\u00e9vitable.  Patrick Seignon. \u00ab lavoiedessansvoix.fr \u00bb . Lundi 1er Mai 2017.<\/p>\n","protected":false},"excerpt":{"rendered":"<p>1er MAI 2017 : \u00ab BONJOUR TRISTESSE \u00bb Oui je suis triste et inquiet en ce premier jour du mois [&hellip;]<\/p>\n","protected":false},"author":1,"featured_media":4424,"comment_status":"open","ping_status":"open","sticky":false,"template":"","format":"standard","meta":{"sfsi_plus_gutenberg_text_before_share":"","sfsi_plus_gutenberg_show_text_before_share":"","sfsi_plus_gutenberg_icon_type":"","sfsi_plus_gutenberg_icon_alignemt":"","sfsi_plus_gutenburg_max_per_row":"","site-sidebar-layout":"default","site-content-layout":"","ast-site-content-layout":"default","site-content-style":"default","site-sidebar-style":"default","ast-global-header-display":"","ast-banner-title-visibility":"","ast-main-header-display":"","ast-hfb-above-header-display":"","ast-hfb-below-header-display":"","ast-hfb-mobile-header-display":"","site-post-title":"","ast-breadcrumbs-content":"","ast-featured-img":"","footer-sml-layout":"","ast-disable-related-posts":"","theme-transparent-header-meta":"","adv-header-id-meta":"","stick-header-meta":"","header-above-stick-meta":"","header-main-stick-meta":"","header-below-stick-meta":"","astra-migrate-meta-layouts":"default","ast-page-background-enabled":"default","ast-page-background-meta":{"desktop":{"background-color":"var(--ast-global-color-4)","background-image":"","background-repeat":"repeat","background-position":"center center","background-size":"auto","background-attachment":"scroll","background-type":"","background-media":"","overlay-type":"","overlay-color":"","overlay-opacity":"","overlay-gradient":""},"tablet":{"background-color":"","background-image":"","background-repeat":"repeat","background-position":"center center","background-size":"auto","background-attachment":"scroll","background-type":"","background-media":"","overlay-type":"","overlay-color":"","overlay-opacity":"","overlay-gradient":""},"mobile":{"background-color":"","background-image":"","background-repeat":"repeat","background-position":"center center","background-size":"auto","background-attachment":"scroll","background-type":"","background-media":"","overlay-type":"","overlay-color":"","overlay-opacity":"","overlay-gradient":""}},"ast-content-background-meta":{"desktop":{"background-color":"var(--ast-global-color-5)","background-image":"","background-repeat":"repeat","background-position":"center center","background-size":"auto","background-attachment":"scroll","background-type":"","background-media":"","overlay-type":"","overlay-color":"","overlay-opacity":"","overlay-gradient":""},"tablet":{"background-color":"var(--ast-global-color-5)","background-image":"","background-repeat":"repeat","background-position":"center center","background-size":"auto","background-attachment":"scroll","background-type":"","background-media":"","overlay-type":"","overlay-color":"","overlay-opacity":"","overlay-gradient":""},"mobile":{"background-color":"var(--ast-global-color-5)","background-image":"","background-repeat":"repeat","background-position":"center center","background-size":"auto","background-attachment":"scroll","background-type":"","background-media":"","overlay-type":"","overlay-color":"","overlay-opacity":"","overlay-gradient":""}},"footnotes":""},"categories":[16],"tags":[],"class_list":["post-839","post","type-post","status-publish","format-standard","has-post-thumbnail","hentry","category-archives-cms"],"_links":{"self":[{"href":"https:\/\/lavoiedessansvoix.fr\/lavoie\/wp-json\/wp\/v2\/posts\/839","targetHints":{"allow":["GET"]}}],"collection":[{"href":"https:\/\/lavoiedessansvoix.fr\/lavoie\/wp-json\/wp\/v2\/posts"}],"about":[{"href":"https:\/\/lavoiedessansvoix.fr\/lavoie\/wp-json\/wp\/v2\/types\/post"}],"author":[{"embeddable":true,"href":"https:\/\/lavoiedessansvoix.fr\/lavoie\/wp-json\/wp\/v2\/users\/1"}],"replies":[{"embeddable":true,"href":"https:\/\/lavoiedessansvoix.fr\/lavoie\/wp-json\/wp\/v2\/comments?post=839"}],"version-history":[{"count":1,"href":"https:\/\/lavoiedessansvoix.fr\/lavoie\/wp-json\/wp\/v2\/posts\/839\/revisions"}],"predecessor-version":[{"id":3697,"href":"https:\/\/lavoiedessansvoix.fr\/lavoie\/wp-json\/wp\/v2\/posts\/839\/revisions\/3697"}],"wp:featuredmedia":[{"embeddable":true,"href":"https:\/\/lavoiedessansvoix.fr\/lavoie\/wp-json\/wp\/v2\/media\/4424"}],"wp:attachment":[{"href":"https:\/\/lavoiedessansvoix.fr\/lavoie\/wp-json\/wp\/v2\/media?parent=839"}],"wp:term":[{"taxonomy":"category","embeddable":true,"href":"https:\/\/lavoiedessansvoix.fr\/lavoie\/wp-json\/wp\/v2\/categories?post=839"},{"taxonomy":"post_tag","embeddable":true,"href":"https:\/\/lavoiedessansvoix.fr\/lavoie\/wp-json\/wp\/v2\/tags?post=839"}],"curies":[{"name":"wp","href":"https:\/\/api.w.org\/{rel}","templated":true}]}}