{"id":838,"date":"2017-05-03T05:38:00","date_gmt":"2017-05-03T03:38:00","guid":{"rendered":"https:\/\/lavoiedessansvoix.fr\/lavoie\/2017\/05\/03\/archive-lettre-ouverte-a-monsieur-pierre-laurent-secretaire-general-du-parti-communiste\/"},"modified":"2026-04-26T21:33:03","modified_gmt":"2026-04-26T19:33:03","slug":"archive-lettre-ouverte-a-monsieur-pierre-laurent-secretaire-general-du-parti-communiste","status":"publish","type":"post","link":"https:\/\/lavoiedessansvoix.fr\/lavoie\/2017\/05\/03\/archive-lettre-ouverte-a-monsieur-pierre-laurent-secretaire-general-du-parti-communiste\/","title":{"rendered":"LETTRE OUVERTE A MONSIEUR PIERRE LAURENT, SECR\u00c9TAIRE G\u00c9N\u00c9RAL DU PARTI COMMUNISTE FRAN\u00c7AIS."},"content":{"rendered":"<p>LETTRE OUVERTE A MONSIEUR PIERRE LAURENT, SECR\u00c9TAIRE G\u00c9N\u00c9RAL DU PARTI COMMUNISTE FRAN\u00c7AIS.J&rsquo;ai adress\u00e9, hier mardi 2 mai, par courrier, \u00e0 Monsieur Pierre Laurent la lettre ci-dessous. A l&rsquo;heure qu&rsquo;il est elle doit avoir \u00e9t\u00e9 port\u00e9 \u00e0 sa connaissance. Je m&rsquo;autorise donc \u00e0 la publier dans ces pages.     Monsieur,  Vous avez appel\u00e9 \u00e0 voter le 7 mai pour Emmanuel Macron, afin dites-vous de faire barrage \u00e0 Madame Le Pen. Certes l\u2019on comprend vos angoisses et l\u2019on peut partager vos inqui\u00e9tudes.   Ceux qui ont trahi depuis si longtemps les esp\u00e9rances populaires, qui n\u2019ont pas rechign\u00e9 \u00e0 faire usage des pires dispositions antid\u00e9mocratiques de notre constitution contre les salari\u00e9s, contre le droit du travail, nonobstant m\u00eame la contestation majoritaire dans le pays, sont les v\u00e9ritables responsables de cette situation. Or les voil\u00e0 qui s\u2019emparent pr\u00e9sentement du risque de victoire \u00e9lectorale de Madame Le Pen et le pointe comme un r\u00e9volver sur la tempe des \u00e9lecteurs pour les contraindre \u00e0 voter Macron, la cr\u00e9ature des Banques et de la cybern\u00e9tique. Cette \u00e9lection est une parodie sinistre de d\u00e9mocratie.  Vous, monsieur le secr\u00e9taire g\u00e9n\u00e9ral du Parti Communiste Fran\u00e7ais, h\u00e9ritier d\u2019une histoire faite de combats et de R\u00e9sistances opini\u00e2tres, ne vous devez-vous pas de relever ce d\u00e9fi, de refuser cr\u00e2nement ce diktat, de combattre ce d\u00e9ni de d\u00e9mocratie ?  L\u2019ann\u00e9e 2016 fut le th\u00e9\u00e2tre d\u2019une lutte de r\u00e9sistance acharn\u00e9e des salari\u00e9s de ce pays avec l\u2019appui d\u2019une majorit\u00e9 \u00e9crasante de l\u2019opinion publique contre \u00ab la loi travail \u00bb baptis\u00e9e \u00ab El-Khomri \u00bb.  Celle-ci nous a \u00e9t\u00e9 impos\u00e9e au m\u00e9pris des droits du parlement et de toute d\u00e9mocratie en recourant \u00e0 l\u2019alin\u00e9a 3 de l\u2019article 49 de notre constitution.  Monsieur Macron nous promet lui, d\u00e8s son \u00e9lection acquise, de recourir durant l\u2019\u00e9t\u00e9 m\u00eame, comme un larron, aux ordonnances, autre dispositif constitutionnel anti- d\u00e9mocratique, pour dynamiter ce qui reste de droit du travail et de r\u00e9glementation.  Cette terrible agression programm\u00e9e contre les salari\u00e9s de ce pays, est connue en avance et nul ne pourra pr\u00e9tendre l\u2019avoir ignor\u00e9e pour justifier ult\u00e9rieurement son vote. Comment pouvez-vous, vous, Mr le secr\u00e9taire G\u00e9n\u00e9ral, appeler \u00e0 voter pour cet homme-l\u00e0 ? Avez-vous vraiment le c\u0153ur de livrer, pieds et poings li\u00e9s, \u00e0 leurs bourreaux, les travailleurs de ce pays qui placent leur confiance en vous ?  Il est encore temps de vous raviser. Je vous en conjure monsieur Laurent. Vous ne voulez pas voter pour Marine Le Pen, moi non plus. Mais pour autant, vous n\u2019\u00eates pas tenu de cautionner par votre vote et encore moins par votre prise de position publique, l\u2019\u00e9lection de Manuel Macron qui constitue \u00e0 l\u2019\u00e9gard des salari\u00e9s un danger au moins tout aussi consid\u00e9rable.  Si la d\u00e9signation de cet homme \u00e0 la Pr\u00e9sidence de notre malheureuse R\u00e9publique, ne peut-\u00eatre \u00e9vit\u00e9e, que l\u2019on use au moins de ce qui nous reste de pouvoir \u00e9lectoral et de libre arbitre pour le d\u00e9l\u00e9gitimer par l\u2019abstention ou les votes blancs et nuls. Patrick Seignon. \u00ab\u00a0lavoiedessansvoix.fr\u00a0\u00bb. Mercredi 3 mai 2017;<\/p>\n","protected":false},"excerpt":{"rendered":"<p>LETTRE OUVERTE A MONSIEUR PIERRE LAURENT, SECR\u00c9TAIRE G\u00c9N\u00c9RAL DU PARTI COMMUNISTE FRAN\u00c7AIS.J&rsquo;ai adress\u00e9, hier mardi 2 mai, par courrier, \u00e0 [&hellip;]<\/p>\n","protected":false},"author":1,"featured_media":4423,"comment_status":"open","ping_status":"open","sticky":false,"template":"","format":"standard","meta":{"sfsi_plus_gutenberg_text_before_share":"","sfsi_plus_gutenberg_show_text_before_share":"","sfsi_plus_gutenberg_icon_type":"","sfsi_plus_gutenberg_icon_alignemt":"","sfsi_plus_gutenburg_max_per_row":"","site-sidebar-layout":"default","site-content-layout":"","ast-site-content-layout":"default","site-content-style":"default","site-sidebar-style":"default","ast-global-header-display":"","ast-banner-title-visibility":"","ast-main-header-display":"","ast-hfb-above-header-display":"","ast-hfb-below-header-display":"","ast-hfb-mobile-header-display":"","site-post-title":"","ast-breadcrumbs-content":"","ast-featured-img":"","footer-sml-layout":"","ast-disable-related-posts":"","theme-transparent-header-meta":"","adv-header-id-meta":"","stick-header-meta":"","header-above-stick-meta":"","header-main-stick-meta":"","header-below-stick-meta":"","astra-migrate-meta-layouts":"default","ast-page-background-enabled":"default","ast-page-background-meta":{"desktop":{"background-color":"var(--ast-global-color-4)","background-image":"","background-repeat":"repeat","background-position":"center center","background-size":"auto","background-attachment":"scroll","background-type":"","background-media":"","overlay-type":"","overlay-color":"","overlay-opacity":"","overlay-gradient":""},"tablet":{"background-color":"","background-image":"","background-repeat":"repeat","background-position":"center center","background-size":"auto","background-attachment":"scroll","background-type":"","background-media":"","overlay-type":"","overlay-color":"","overlay-opacity":"","overlay-gradient":""},"mobile":{"background-color":"","background-image":"","background-repeat":"repeat","background-position":"center center","background-size":"auto","background-attachment":"scroll","background-type":"","background-media":"","overlay-type":"","overlay-color":"","overlay-opacity":"","overlay-gradient":""}},"ast-content-background-meta":{"desktop":{"background-color":"var(--ast-global-color-5)","background-image":"","background-repeat":"repeat","background-position":"center center","background-size":"auto","background-attachment":"scroll","background-type":"","background-media":"","overlay-type":"","overlay-color":"","overlay-opacity":"","overlay-gradient":""},"tablet":{"background-color":"var(--ast-global-color-5)","background-image":"","background-repeat":"repeat","background-position":"center center","background-size":"auto","background-attachment":"scroll","background-type":"","background-media":"","overlay-type":"","overlay-color":"","overlay-opacity":"","overlay-gradient":""},"mobile":{"background-color":"var(--ast-global-color-5)","background-image":"","background-repeat":"repeat","background-position":"center center","background-size":"auto","background-attachment":"scroll","background-type":"","background-media":"","overlay-type":"","overlay-color":"","overlay-opacity":"","overlay-gradient":""}},"footnotes":""},"categories":[16],"tags":[],"class_list":["post-838","post","type-post","status-publish","format-standard","has-post-thumbnail","hentry","category-archives-cms"],"_links":{"self":[{"href":"https:\/\/lavoiedessansvoix.fr\/lavoie\/wp-json\/wp\/v2\/posts\/838","targetHints":{"allow":["GET"]}}],"collection":[{"href":"https:\/\/lavoiedessansvoix.fr\/lavoie\/wp-json\/wp\/v2\/posts"}],"about":[{"href":"https:\/\/lavoiedessansvoix.fr\/lavoie\/wp-json\/wp\/v2\/types\/post"}],"author":[{"embeddable":true,"href":"https:\/\/lavoiedessansvoix.fr\/lavoie\/wp-json\/wp\/v2\/users\/1"}],"replies":[{"embeddable":true,"href":"https:\/\/lavoiedessansvoix.fr\/lavoie\/wp-json\/wp\/v2\/comments?post=838"}],"version-history":[{"count":1,"href":"https:\/\/lavoiedessansvoix.fr\/lavoie\/wp-json\/wp\/v2\/posts\/838\/revisions"}],"predecessor-version":[{"id":3695,"href":"https:\/\/lavoiedessansvoix.fr\/lavoie\/wp-json\/wp\/v2\/posts\/838\/revisions\/3695"}],"wp:featuredmedia":[{"embeddable":true,"href":"https:\/\/lavoiedessansvoix.fr\/lavoie\/wp-json\/wp\/v2\/media\/4423"}],"wp:attachment":[{"href":"https:\/\/lavoiedessansvoix.fr\/lavoie\/wp-json\/wp\/v2\/media?parent=838"}],"wp:term":[{"taxonomy":"category","embeddable":true,"href":"https:\/\/lavoiedessansvoix.fr\/lavoie\/wp-json\/wp\/v2\/categories?post=838"},{"taxonomy":"post_tag","embeddable":true,"href":"https:\/\/lavoiedessansvoix.fr\/lavoie\/wp-json\/wp\/v2\/tags?post=838"}],"curies":[{"name":"wp","href":"https:\/\/api.w.org\/{rel}","templated":true}]}}