{"id":833,"date":"2017-06-02T11:39:00","date_gmt":"2017-06-02T09:39:00","guid":{"rendered":"https:\/\/lavoiedessansvoix.fr\/lavoie\/2017\/06\/02\/archive-dictature-no-pasaran\/"},"modified":"2026-04-26T21:32:18","modified_gmt":"2026-04-26T19:32:18","slug":"archive-dictature-no-pasaran","status":"publish","type":"post","link":"https:\/\/lavoiedessansvoix.fr\/lavoie\/2017\/06\/02\/archive-dictature-no-pasaran\/","title":{"rendered":"DICTATURE \u00ab NO PASARAN \u00bb"},"content":{"rendered":"<p>DICTATURE \u00ab NO PASARAN \u00bb   L\u2019\u00e9tat d\u2019urgence d\u00e9cr\u00e9t\u00e9 le 13 novembre 2015 dans la foul\u00e9e de l\u2019attentat du \u00ab Bataclan \u00bb a \u00e9t\u00e9 depuis prorog\u00e9 3 fois, puis une 4\u00e8me apr\u00e8s l\u2019attentat de Nice du 14 juillet 2016.   Voil\u00e0 donc plus de 18 mois d\u00e9j\u00e0 que la France vit sous le signe de ce r\u00e9gime attentatoire aux libert\u00e9s, qui avait \u00e9t\u00e9 prolong\u00e9 jusqu\u2019\u00e0 juillet 2017  (20 mois) afin de couvrir tous le temps du processus \u00e9lectoral, pr\u00e9sidentiel et l\u00e9gislatif. Or, ce n\u2019est pas fini. Prenant \u00e0 pr\u00e9texte cette fois l\u2019attentat de Manchester \u00ab l\u2019\u00c9lys\u00e9e a annonc\u00e9 (le 24 mai) que le gouvernement soumettrait en juillet au Parlement un projet de loi de prorogation de l\u2019\u00e9tat d\u2019urgence jusqu\u2019au 1er novembre 2017 \u00bb (source Wikip\u00e9dia). Deux ans ! Nous serons alors rendus \u00e0 deux ans d\u2019existence d\u2019un \u00ab \u00e9tat \u00bb th\u00e9oriquement exceptionnel. Il s\u2019agirait \u00e0 pr\u00e9sent de couvrir la p\u00e9riode estivale et les manifestations culturelles et populaires qui \u00e9maillent celle-ci.  De prolongation en prorogation  \u00ab l\u2019\u00e9tat d\u2019urgence \u00bb ne devient-il pas la normalit\u00e9 ? Ne veut-on pas nous accoutumer \u00e0 ce r\u00e9gime de restriction des libert\u00e9s individuelles afin de nous l\u2019imposer comme l\u2019\u00e9tat normal de fonctionnement de nos institutions ?  Oui, bien entendu. C\u2019est bien de cela qu\u2019il s\u2019agit. Ils s\u2019appr\u00eatent \u00e0 franchir l\u2019\u00e9tape supr\u00eame, \u00e0 graver dans le marbre de la \u00ab l\u00e9galit\u00e9 \u00bb institutionnelle, ce qui n\u2019\u00e9tait jusque-l\u00e0 qu\u2019une disposition d\u2019exception. Le locataire de l\u2019\u00c9lys\u00e9e dit vouloir proroger une nouvelle fois l\u2019\u00e9tat d\u2019urgence jusqu\u2019au 1er novembre afin de se donner le temps pendant l\u2019\u00e9t\u00e9 de concocter, pour en prendre la rel\u00e8ve, une loi qui en copierait les dispositions essentielles. Une loi qui ferait de \u00ab l\u2019\u00e9tat d\u2019urgence \u00bb, le mode normal, p\u00e9renne, de fonctionnement de nos institutions et des libert\u00e9s publiques.   Ces dispositions que Macron veut faire rentrer dans la loi ordinaire, sont des dispositions r\u00e9pressives qui ont pour but de m\u00e2ter bient\u00f4t la contestation sociale dont il se doute bien, dans le contexte de la politique ultralib\u00e9rale agressive qu\u2019il pr\u00f4ne, qu\u2019elle finira par \u00e9clater. Cela fait longtemps d\u00e9j\u00e0 que Fran\u00e7ois Hollande et son \u00e9quipe, craignent une explosion sociale et cherchent les moyens l\u00e9gislatifs et r\u00e9pressifs de la contenir.   \u00ab La voie des sans voix \u00bb a vu venir cela de fort loin. Pour ne pas \u00eatre surpris nous n\u2019en sommes pas moins indign\u00e9s. La cinqui\u00e8me R\u00e9publique s\u2019apparentait d\u00e9j\u00e0 d\u2019avantage \u00e0 une Monarchie \u00e9lective constitutionnelle qu\u2019\u00e0 une R\u00e9publique d\u00e9mocratique. Avec ces \u00e9volutions r\u00e9centes elle est entr\u00e9e dans l\u2019\u00e8re de la \u00ab Dictature constitutionnelle \u00bb.   Dictature constitutionnelle, oui ! Le mot n\u2019est pas trop fort. D\u2019autant plus que les \u00e9volutions enregistr\u00e9es ces derniers mois ne se limitent pas au seul arsenal l\u00e9gislatif. Elles touchent \u00e9galement au fonctionnement de nos institutions en commen\u00e7ant par la toute premi\u00e8re, la d\u00e9signation du Pr\u00e9sident de la R\u00e9publique.  Nous l\u2019avons-dit dans de pr\u00e9c\u00e9dents articles, Emmanuel Macron n\u2019a pas \u00e9t\u00e9 l\u00e9galement \u00e9lu, il a \u00e9t\u00e9 coopt\u00e9 \u00e0 la t\u00eate de l\u2019Etat. L\u2019\u00e9lection pr\u00e9sidentielle n\u2019a \u00e9t\u00e9 qu\u2019une sinistre mascarade organis\u00e9e afin de faire croire au \u00ab peuple \u00bb que c\u2019est lui qui avait choisi. Emmanuel Macron avec 66,1 % des suffrages exprim\u00e9s au second tour, chacun le sait bien en v\u00e9rit\u00e9, est malgr\u00e9 tout mal \u00e9lu, si l\u2019on tient compte de l\u2019abstention et de plus de 4 millions de bulletins blancs et nuls. Approximativement, \u00e0 peine plus d\u2019un tiers des Fran\u00e7ais ont d\u00e9pos\u00e9 dans les urnes un bulletin \u00e0 son nom. Or dans ce nombre il y en a encore un grand nombre qui l\u2019on fait \u00e0 contre c\u0153ur, contre leurs convictions, \u00bb pour faire barrage \u00e0 Marine Le Pen \u00bb. Ces suffrages-l\u00e0 sont des suffrages extorqu\u00e9s. Ces \u00e9lecteurs-l\u00e0 sont des \u00e9lecteurs flou\u00e9s et donc n\u00e9cessairement m\u00e9contents.  Mais au bout du compte la conclusion qu\u2019il convient d\u2019en d\u00e9duire, c\u2019est qu\u2019Emmanuel Macron n\u2019est pas l\u2019\u00e9lu l\u00e9gitime de la majorit\u00e9 de la nation, pas m\u00eame l\u2019\u00e9lu du tout, mais bien un \u00ab dictateur \u00bb impos\u00e9 par ruse au peuple \u00e0 la faveur d\u2019un suffrage manipul\u00e9.   J\u2019ai entendu r\u00e9cemment Philippe Martinez, faire lors d\u2019une interview cet \u00e9tat des lieux : Abstention, plus \u00ab blancs et nuls \u00bb, plus suffrages donn\u00e9 pour faire barrage au FN sans la moindres caution au programme de Macron, afin, je suppose, dans son esprit, de rappeler le pouvoir aux r\u00e9alit\u00e9s, donc \u00e0 plus de prudence et de modestie. Mais Philippe Martinez a refus\u00e9 pourtant d\u2019acquiescer lorsque le journaliste lui a demand\u00e9 s\u2019il contestait la l\u00e9gitimit\u00e9 de l\u2019\u00e9lection de monsieur Macron. Je con\u00e7ois bien la gravit\u00e9 que cela aurait-eu, venant d\u2019un haut responsable syndical,  si celui-ci avait pouss\u00e9 la logique de son propos jusque qu\u2019\u00e0 contester la l\u00e9gitimit\u00e9 de l\u2019\u00e9lection du Pr\u00e9sident de la R\u00e9publique en titre. C\u2019EST POURTANT CE QU\u2019IL FAUT FAIRE.  Le v\u00e9ritable statut de Monsieur Macron, bien que \u00ab par\u00e9 \u00bb du titre de Pr\u00e9sident de la R\u00e9publique, est en v\u00e9rit\u00e9 celui de \u00ab Dictateur \u00bb  selon le sens que l\u2019on donnait \u00e0 celui-ci dans la Rome antique. Or il est encore temps d\u2019arr\u00eater cette d\u00e9rive autoritaire de notre R\u00e9publique et de stopper le bras de fer de ce Dictateur en herbes. Pr\u00e9cis\u00e9ment en contestant sa l\u00e9gitimit\u00e9.  La premi\u00e8re des conditions \u00e0 r\u00e9aliser est de ne pas donner au dictateur la majorit\u00e9 parlementaire qui lui permettrait de couvrir d\u2019un autre \u00ab voile d\u00e9mocratique \u00bb la r\u00e9alit\u00e9 autoritaire de son pouvoir.  Les \u00e9lecteurs fran\u00e7ais se sont fait flouer. 43 % seulement d\u2019entre eux ont vot\u00e9 pour lui au second tour des \u00e9lections pr\u00e9sidentielle le 7 mai. Et sur ce pourcentage un grand nombre l\u2019ont fait sans le moindre accord m\u00eame par d\u00e9faut avec le programme de Macron, mais uniquement, comme contraints, par la volont\u00e9 de barrer la route au F.N. Alors soit c\u2019est chose faite. Mais il ne faut pas poursuivre sur ce chemin suicidaire, il ne faut pas donner \u00e0 cet usurpateur du pouvoir les outils l\u00e9gislatifs et politiques qui lui permettrait de se maintenir malgr\u00e9 tout en imposant aux Fran\u00e7ais la calamiteuse politique ultra lib\u00e9rale dont la finance l\u2019a missionn\u00e9.   Le calage des \u00e9lections l\u00e9gislatives dans la foul\u00e9e des pr\u00e9sidentielles est une disposition r\u00e9cente, qui a \u00e9t\u00e9 con\u00e7u expr\u00e8s pour faire b\u00e9n\u00e9ficier le Pr\u00e9sident de la R\u00e9publique nouvellement \u00e9lu de ce que l\u2019on appelle \u00ab l\u2019effet pr\u00e9sidentiel \u00bb afin de lui permettre de r\u00e9unir une majorit\u00e9 parlementaire \u00e0 son service. Alors certes les caciques du syst\u00e8me sont persuad\u00e9 que cette belle m\u00e9canique va fonctionner une fois encore et que \u00ab leur pr\u00e9sident Macron \u00bb aura lui aussi \u00ab sa \u00bb majorit\u00e9 sur mesure. Cela est certes malheureusement probable, le \u00ab syst\u00e8me \u00bb l\u2019a voulu ainsi. Sauf ! Sauf, qu\u2019il y a tout de m\u00eame  cette fois un os dans le potage.  Pour que \u00ab l\u2019effet pr\u00e9sidentiel \u00bb  joue pleinement aux l\u00e9gislatives, encore faut-il qu\u2019il y est un v\u00e9ritable effet pr\u00e9sidentiel. Or dans le cas sp\u00e9cifique de l\u2019\u00e9lection d\u2019Emmanuel Macron, celui-ci est tout \u00e0 fait contestable comme nous venons de le voir. Certes il est mal \u00e9lu, mais \u00e9lu tout de m\u00eame au sens d\u2019une fraction importante des fran\u00e7ais. Certains, parmi ceux-l\u00e0, auront effectivement pour soucis de lui donner les moyens de gouverner. Mais les autres, tous les autres, la majorit\u00e9 r\u00e9elle des fran\u00e7ais accrue de tous ceux qui ont vot\u00e9 pour lui pas pour sa politique, ceux-l\u00e0 n\u2019ont aucun int\u00e9r\u00eat \u00e0 lui procurer en sus les meilleurs moyens de les battre. Au contraire. Macron et son premier ministre veulent user \u00ab des ordonnances \u00bb pour conduire pendant la tr\u00eave estivale une offensive sans pr\u00e9c\u00e9dent contre les salari\u00e9s et le droit du travail contre les libert\u00e9s publiques. Il y a un moyen simple de les en emp\u00eacher, c\u2019est de ne pas ne pas leur donner la majorit\u00e9 parlementaire qu\u2019ils attendent.   Patrick Seignon. \u00ab lavoiedessansvoix.fr \u00bb. Vendredi 2 juin 2017.<\/p>\n","protected":false},"excerpt":{"rendered":"<p>DICTATURE \u00ab NO PASARAN \u00bb L\u2019\u00e9tat d\u2019urgence d\u00e9cr\u00e9t\u00e9 le 13 novembre 2015 dans la foul\u00e9e de l\u2019attentat du \u00ab Bataclan [&hellip;]<\/p>\n","protected":false},"author":1,"featured_media":4418,"comment_status":"open","ping_status":"open","sticky":false,"template":"","format":"standard","meta":{"sfsi_plus_gutenberg_text_before_share":"","sfsi_plus_gutenberg_show_text_before_share":"","sfsi_plus_gutenberg_icon_type":"","sfsi_plus_gutenberg_icon_alignemt":"","sfsi_plus_gutenburg_max_per_row":"","site-sidebar-layout":"default","site-content-layout":"","ast-site-content-layout":"default","site-content-style":"default","site-sidebar-style":"default","ast-global-header-display":"","ast-banner-title-visibility":"","ast-main-header-display":"","ast-hfb-above-header-display":"","ast-hfb-below-header-display":"","ast-hfb-mobile-header-display":"","site-post-title":"","ast-breadcrumbs-content":"","ast-featured-img":"","footer-sml-layout":"","ast-disable-related-posts":"","theme-transparent-header-meta":"","adv-header-id-meta":"","stick-header-meta":"","header-above-stick-meta":"","header-main-stick-meta":"","header-below-stick-meta":"","astra-migrate-meta-layouts":"default","ast-page-background-enabled":"default","ast-page-background-meta":{"desktop":{"background-color":"var(--ast-global-color-4)","background-image":"","background-repeat":"repeat","background-position":"center center","background-size":"auto","background-attachment":"scroll","background-type":"","background-media":"","overlay-type":"","overlay-color":"","overlay-opacity":"","overlay-gradient":""},"tablet":{"background-color":"","background-image":"","background-repeat":"repeat","background-position":"center center","background-size":"auto","background-attachment":"scroll","background-type":"","background-media":"","overlay-type":"","overlay-color":"","overlay-opacity":"","overlay-gradient":""},"mobile":{"background-color":"","background-image":"","background-repeat":"repeat","background-position":"center center","background-size":"auto","background-attachment":"scroll","background-type":"","background-media":"","overlay-type":"","overlay-color":"","overlay-opacity":"","overlay-gradient":""}},"ast-content-background-meta":{"desktop":{"background-color":"var(--ast-global-color-5)","background-image":"","background-repeat":"repeat","background-position":"center center","background-size":"auto","background-attachment":"scroll","background-type":"","background-media":"","overlay-type":"","overlay-color":"","overlay-opacity":"","overlay-gradient":""},"tablet":{"background-color":"var(--ast-global-color-5)","background-image":"","background-repeat":"repeat","background-position":"center center","background-size":"auto","background-attachment":"scroll","background-type":"","background-media":"","overlay-type":"","overlay-color":"","overlay-opacity":"","overlay-gradient":""},"mobile":{"background-color":"var(--ast-global-color-5)","background-image":"","background-repeat":"repeat","background-position":"center center","background-size":"auto","background-attachment":"scroll","background-type":"","background-media":"","overlay-type":"","overlay-color":"","overlay-opacity":"","overlay-gradient":""}},"footnotes":""},"categories":[16],"tags":[],"class_list":["post-833","post","type-post","status-publish","format-standard","has-post-thumbnail","hentry","category-archives-cms"],"_links":{"self":[{"href":"https:\/\/lavoiedessansvoix.fr\/lavoie\/wp-json\/wp\/v2\/posts\/833","targetHints":{"allow":["GET"]}}],"collection":[{"href":"https:\/\/lavoiedessansvoix.fr\/lavoie\/wp-json\/wp\/v2\/posts"}],"about":[{"href":"https:\/\/lavoiedessansvoix.fr\/lavoie\/wp-json\/wp\/v2\/types\/post"}],"author":[{"embeddable":true,"href":"https:\/\/lavoiedessansvoix.fr\/lavoie\/wp-json\/wp\/v2\/users\/1"}],"replies":[{"embeddable":true,"href":"https:\/\/lavoiedessansvoix.fr\/lavoie\/wp-json\/wp\/v2\/comments?post=833"}],"version-history":[{"count":1,"href":"https:\/\/lavoiedessansvoix.fr\/lavoie\/wp-json\/wp\/v2\/posts\/833\/revisions"}],"predecessor-version":[{"id":3685,"href":"https:\/\/lavoiedessansvoix.fr\/lavoie\/wp-json\/wp\/v2\/posts\/833\/revisions\/3685"}],"wp:featuredmedia":[{"embeddable":true,"href":"https:\/\/lavoiedessansvoix.fr\/lavoie\/wp-json\/wp\/v2\/media\/4418"}],"wp:attachment":[{"href":"https:\/\/lavoiedessansvoix.fr\/lavoie\/wp-json\/wp\/v2\/media?parent=833"}],"wp:term":[{"taxonomy":"category","embeddable":true,"href":"https:\/\/lavoiedessansvoix.fr\/lavoie\/wp-json\/wp\/v2\/categories?post=833"},{"taxonomy":"post_tag","embeddable":true,"href":"https:\/\/lavoiedessansvoix.fr\/lavoie\/wp-json\/wp\/v2\/tags?post=833"}],"curies":[{"name":"wp","href":"https:\/\/api.w.org\/{rel}","templated":true}]}}