{"id":832,"date":"2017-06-07T17:16:00","date_gmt":"2017-06-07T15:16:00","guid":{"rendered":"https:\/\/lavoiedessansvoix.fr\/lavoie\/2017\/06\/07\/archive-une-majorite-oui-mais-de-blocage-pour-macron\/"},"modified":"2026-04-26T21:32:10","modified_gmt":"2026-04-26T19:32:10","slug":"archive-une-majorite-oui-mais-de-blocage-pour-macron","status":"publish","type":"post","link":"https:\/\/lavoiedessansvoix.fr\/lavoie\/2017\/06\/07\/archive-une-majorite-oui-mais-de-blocage-pour-macron\/","title":{"rendered":"UNE MAJORIT\u00c9 ?  OUI, MAIS DE BLOCAGE POUR MACRON"},"content":{"rendered":"<p>UNE MAJORIT\u00c9 ?OUI, MAIS DE BLOCAGE POUR MACRON    \u00ab La R\u00e9publique en marche \u00bb ? Mais c\u2019est quoi donc ce machin ? En marche soit mais vers quoi et pourquoi ? Pour le plus grand bonheur des banquiers et des actionnaires. C\u2019est la marche assur\u00e9e vers la catastrophe, pour le peuple du travail et les petites gens.  Il faut mettre en \u00e9chec partout, le plus largement possible, tous les candidats \u00ab en marche \u00bb, \u00ab majorit\u00e9 pr\u00e9sidentielles \u00bb, toutes les personnalit\u00e9s traitres du P.S. qui sont pass\u00e9 avec armes et bagages dans le \u00ab camp Macron.  Mais aussi ceux de la droite \u00ab jup\u00e9istes \u00bb qui ont suivi la m\u00eame trajectoire, tous ceux qui se disent pr\u00eats \u00e0 collaborer avec la nouvelle mouture de l\u2019ancien pouvoir.   Il y a des imb\u00e9ciles qui se battent contre un homme et son programme et qui celui-ci \u00e9lu lui souhaite bonne chance et de \u00ab r\u00e9ussir \u00bb. Nous ne sommes pas de \u00bb cette engeance. La politique ultra lib\u00e9rale anti-populaire de Macron, est \u00e0 notre sens une calamit\u00e9 pour les salari\u00e9s et la totalit\u00e9 des classes laborieuses et populaires de notre pays. Nous n\u2019en souhaitons pas la r\u00e9ussite. Nous voulons au contraire travailler avec toute notre \u00e9nergie \u00e0 la mettre en \u00e9chec.  Or, l\u2019on entend d\u2019ici, del\u00e0, les d\u00e9clarations irresponsables ou hilarantes de b\u00eatise sectaire des uns et des autres, qui pr\u00e9tendent qu\u2019ils seront, chacun selon \u00ab son canon \u00bb, \u00ab LA SEULE \u00bb opposition v\u00e9ritable au gouvernement de Macron. Est-ce \u00e0 dire, que les Fran\u00e7ais qui seraient majoritairement oppos\u00e9s aux ordonnances anti salari\u00e9s et anti code du travail promises pour l\u2019\u00e9t\u00e9,  devraient les subir tout de m\u00eame au pr\u00e9texte que certains votent \u00ab Front de Gauche \u00bb et d\u2019autres \u00ab Front National \u00bb et qu\u2019\u00e0 ces titres ils ne sont que deux minorit\u00e9s ? Est-ce \u00e0 dire que Monsieur M\u00e9lenchon et Madame Le Pen seraient assez cyniques et si peu enclins \u00e0 d\u00e9fendre v\u00e9ritablement les int\u00e9r\u00eats des fran\u00e7ais modestes, qu\u2019ils pr\u00e9f\u00e8reraient assister impuissants \u00e0 la victoire de Macron, plut\u00f4t que d\u2019unir leurs efforts, conjoncturellement et dans ce seul combat, pour mettre en \u00e9chec ensemble l\u2019inique projet gouvernemental ? La \u00ab droite \u00bb et la \u00ab gauche \u00bb (UMPS) elles, ne s\u2019embarrassent pas de telles pr\u00e9cautions, qui unissent leurs forces sous l\u2019\u00e9gide de Macron pour tordre le coup au code du travail et d\u00e9r\u00e9glementer notre soci\u00e9t\u00e9.   Voil\u00e0 30 ans que \u00ab Gauches \u00bb et droite \u00bb coalis\u00e9es dans l\u2019alternance politique, se passent tour \u00e0 tour le relais pour faire toujours, mieux et pire, la m\u00eame politique antisociale. Voil\u00e0 30 ans que nous mettons en garde, sur la mont\u00e9e \u00e9lectorale du FN qui en r\u00e9sultera, si une v\u00e9ritable gauche qui d\u00e9fend vraiment les int\u00e9r\u00eats des salari\u00e9s ne se manifeste, Or, des d\u00e9cennies durant, ind\u00e9fectiblement attel\u00e9e au char de \u00ab la gauche de gouvernement \u00bb \u00ab la gauche sociale \u00bb a invariablement capitul\u00e9e, choisissant toujours \u00ab la r\u00e9ussite de la gauche au gouvernement \u00bb fussent contre les int\u00e9r\u00eats des salari\u00e9s, plut\u00f4t que la rupture et la d\u00e9fense d\u2019une politique ind\u00e9pendante. Alors, de trahison en trahison, et \u00e0 d\u00e9faut d\u2019un v\u00e9ritable espoir \u00e0 gauche, des \u00e9lecteurs ouvriers, des salari\u00e9s, des gens modestes, se sont tourn\u00e9s vers le vote \u00ab Front National \u00bb qui repr\u00e9sentait la seule esp\u00e9rance d\u2019un changement v\u00e9ritable, quand les autres appelaient encore et toujours \u00e0 voter pour le PS au deuxi\u00e8me tour. Alors oui, je refuse de jeter la pierre \u00e0 tous mes fr\u00e8res et s\u0153urs, mes amis, mes coll\u00e8gues, mes camarades, qui au fil des ans se sont r\u00e9solus \u00e0 voter F.N.  Je n\u2019ai jamais opt\u00e9 pour un tel vote qui \u00e0 mon sens serait une n\u00e9gation et ne le ferait jamais. Mais je ne jetterais pas la pierre \u00e0 ceux qui l\u2019ont fait ou le feront encore.  Nous avons \u00e9crit par exemple le 12 mai 2012, dans une \u00ab lettre ouverte \u00bb  que nous adressions \u00e0 Jean-Luc M\u00e9lenchon : (\u2026\u2026\u2026) \u00ab Alors certes, \u00e0 la d\u00e9charge de Jean-Luc M\u00e9lenchon et de nos amis du \u00ab Front de gauche \u00bb, il faut bien dire qu\u2019ils ne se sont tout de m\u00eame pas limit\u00e9s aux insultes en direction des cadres ni \u00e0 la condescendance, humiliante \u00e0 l\u2019endroit des \u00e9lecteurs du Front national, pour \u00ab ces pauvres types qui se trompent de col\u00e8re \u00bb. Ils ont \u0153uvr\u00e9, aussi et surtout, \u00e0 rendre voix \u00e0 une \u00ab gauche radicale \u00bb, \u00e0 restaurer un certain discours de classe et la fiert\u00e9 d\u2019appartenir \u00e0 cet immense peuple qui actionne la forge de l\u2019\u00e9conomie mondiale, qui est \u00e0 l\u2019origine de la richesse, la vraie.  C\u2019est dans cette voie qu\u2019il faut pers\u00e9v\u00e9rer. Ce n\u2019est pas celle des ostracismes, c\u2019est celle de la reconqu\u00eate. \u00bb  Alors oui, voil\u00e0, avec la candidature de Jean-luc M\u00e9lenchon, hors primaires, aux derni\u00e8res pr\u00e9sidentielles, et \u00ab La France insoumise \u00bb, c\u2019est chose faite, une \u00ab gauche v\u00e9ritable et ind\u00e9pendante \u00bb a peut-\u00eatre fait ses premiers pas. Et c\u2019est pourquoi nous l\u2019appuyons sans partage.  Oui, mais c\u2019est r\u00e9cent, c\u2019est nouveau, et nul n\u2019est tenu de la reconnaitre tout de suite et surtout d\u2019\u00eatre certains qu\u2019elle tiendra le cap et sera \u00e0 la hauteur de ce dont-elle est la promesse. Alors, peut-on faire grief aux salari\u00e9s aux ouvriers, aux gens modestes qui dans l\u2019attente d\u2019un v\u00e9ritable espoir de subversion politique \u00ab \u00e0 gauche \u00bb, votent et voteront encore un certain temps pour le F.N. Constatant cette r\u00e9alit\u00e9 intangible, faut-il les punir eux et le monde du travail tout entier, en les privant de la victoire \u00e0 laquelle ils peuvent pr\u00e9tendre contre le gouvernement ultra r\u00e9actionnaire et anti social \u00ab de l\u2019UMPS r\u00e9unit sous l\u2019apparence d\u2019un seul monstre \u00ab en marche \u00bb ?  Il ne nous appartient pas de donner des le\u00e7ons de \u00ab morale politique aux fran\u00e7ais, nos semblables.  \u00bb Nous ne voulons \u00e9valuer la situation objective qu\u2019\u00e0 l\u2019aune des int\u00e9r\u00eats des salari\u00e9s et couches populaires et des moyens de d\u00e9fendre ceux-ci Nous ne nous interrogeons que sur les meilleurs moyens de parvenir \u00e0 nos fins avec les r\u00e9alit\u00e9s dont nous disposons et que nous n\u2019avons pas choisies. C\u2019est pourquoi nous disons : \u00ab Votez de pr\u00e9f\u00e9rence \u00ab  POUR LA FRANCE INSOUMISE \u00bb, c\u2019est notre choix, c\u2019est la mise en perspective d\u2019une v\u00e9ritable \u00ab gauche sociale \u00bb. Nous disons cela mais nous ne pouvons ignorer  que de nombreux \u00e9lecteurs populaires qui ont \u00e0 c\u0153ur eux aussi de d\u00e9fendre le code du travail voterons pour les candidats du F.N. Devrions-nous leur en tenir rigueur, et \u00e0 ce pr\u00e9texte frapper d\u2019impuissance notre propre opposition ?  ? Qu\u2019importe les voies par lesquelles elles s\u2019expriment, ce qui compte c\u2019est avant tout l\u2019opposition au d\u00e9mant\u00e8lement du code du travail et \u00e0 la politique ultra lib\u00e9rale, anti-salari\u00e9s de la bande \u00e0 Macron. Ce qui compte c\u2019est de voter, non pas pour donner une majorit\u00e9 \u00e0 Macron mais au contraire pour l\u2019en priver, mieux m\u00eame, pour \u00e9lire une v\u00e9ritable majorit\u00e9 de blocage qui mette en \u00e9chec son gouvernement et sa Pr\u00e9sidence.   Patrick Seignon. \u00ab lavoiedessansvoix.fr \u00bb. Mercredi 7 juin 2017.<\/p>\n","protected":false},"excerpt":{"rendered":"<p>UNE MAJORIT\u00c9 ?OUI, MAIS DE BLOCAGE POUR MACRON \u00ab La R\u00e9publique en marche \u00bb ? Mais c\u2019est quoi donc ce [&hellip;]<\/p>\n","protected":false},"author":1,"featured_media":4417,"comment_status":"open","ping_status":"open","sticky":false,"template":"","format":"standard","meta":{"sfsi_plus_gutenberg_text_before_share":"","sfsi_plus_gutenberg_show_text_before_share":"","sfsi_plus_gutenberg_icon_type":"","sfsi_plus_gutenberg_icon_alignemt":"","sfsi_plus_gutenburg_max_per_row":"","site-sidebar-layout":"default","site-content-layout":"","ast-site-content-layout":"default","site-content-style":"default","site-sidebar-style":"default","ast-global-header-display":"","ast-banner-title-visibility":"","ast-main-header-display":"","ast-hfb-above-header-display":"","ast-hfb-below-header-display":"","ast-hfb-mobile-header-display":"","site-post-title":"","ast-breadcrumbs-content":"","ast-featured-img":"","footer-sml-layout":"","ast-disable-related-posts":"","theme-transparent-header-meta":"","adv-header-id-meta":"","stick-header-meta":"","header-above-stick-meta":"","header-main-stick-meta":"","header-below-stick-meta":"","astra-migrate-meta-layouts":"default","ast-page-background-enabled":"default","ast-page-background-meta":{"desktop":{"background-color":"var(--ast-global-color-4)","background-image":"","background-repeat":"repeat","background-position":"center center","background-size":"auto","background-attachment":"scroll","background-type":"","background-media":"","overlay-type":"","overlay-color":"","overlay-opacity":"","overlay-gradient":""},"tablet":{"background-color":"","background-image":"","background-repeat":"repeat","background-position":"center center","background-size":"auto","background-attachment":"scroll","background-type":"","background-media":"","overlay-type":"","overlay-color":"","overlay-opacity":"","overlay-gradient":""},"mobile":{"background-color":"","background-image":"","background-repeat":"repeat","background-position":"center center","background-size":"auto","background-attachment":"scroll","background-type":"","background-media":"","overlay-type":"","overlay-color":"","overlay-opacity":"","overlay-gradient":""}},"ast-content-background-meta":{"desktop":{"background-color":"var(--ast-global-color-5)","background-image":"","background-repeat":"repeat","background-position":"center center","background-size":"auto","background-attachment":"scroll","background-type":"","background-media":"","overlay-type":"","overlay-color":"","overlay-opacity":"","overlay-gradient":""},"tablet":{"background-color":"var(--ast-global-color-5)","background-image":"","background-repeat":"repeat","background-position":"center center","background-size":"auto","background-attachment":"scroll","background-type":"","background-media":"","overlay-type":"","overlay-color":"","overlay-opacity":"","overlay-gradient":""},"mobile":{"background-color":"var(--ast-global-color-5)","background-image":"","background-repeat":"repeat","background-position":"center center","background-size":"auto","background-attachment":"scroll","background-type":"","background-media":"","overlay-type":"","overlay-color":"","overlay-opacity":"","overlay-gradient":""}},"footnotes":""},"categories":[16],"tags":[],"class_list":["post-832","post","type-post","status-publish","format-standard","has-post-thumbnail","hentry","category-archives-cms"],"_links":{"self":[{"href":"https:\/\/lavoiedessansvoix.fr\/lavoie\/wp-json\/wp\/v2\/posts\/832","targetHints":{"allow":["GET"]}}],"collection":[{"href":"https:\/\/lavoiedessansvoix.fr\/lavoie\/wp-json\/wp\/v2\/posts"}],"about":[{"href":"https:\/\/lavoiedessansvoix.fr\/lavoie\/wp-json\/wp\/v2\/types\/post"}],"author":[{"embeddable":true,"href":"https:\/\/lavoiedessansvoix.fr\/lavoie\/wp-json\/wp\/v2\/users\/1"}],"replies":[{"embeddable":true,"href":"https:\/\/lavoiedessansvoix.fr\/lavoie\/wp-json\/wp\/v2\/comments?post=832"}],"version-history":[{"count":1,"href":"https:\/\/lavoiedessansvoix.fr\/lavoie\/wp-json\/wp\/v2\/posts\/832\/revisions"}],"predecessor-version":[{"id":3683,"href":"https:\/\/lavoiedessansvoix.fr\/lavoie\/wp-json\/wp\/v2\/posts\/832\/revisions\/3683"}],"wp:featuredmedia":[{"embeddable":true,"href":"https:\/\/lavoiedessansvoix.fr\/lavoie\/wp-json\/wp\/v2\/media\/4417"}],"wp:attachment":[{"href":"https:\/\/lavoiedessansvoix.fr\/lavoie\/wp-json\/wp\/v2\/media?parent=832"}],"wp:term":[{"taxonomy":"category","embeddable":true,"href":"https:\/\/lavoiedessansvoix.fr\/lavoie\/wp-json\/wp\/v2\/categories?post=832"},{"taxonomy":"post_tag","embeddable":true,"href":"https:\/\/lavoiedessansvoix.fr\/lavoie\/wp-json\/wp\/v2\/tags?post=832"}],"curies":[{"name":"wp","href":"https:\/\/api.w.org\/{rel}","templated":true}]}}