{"id":825,"date":"2017-06-28T08:52:00","date_gmt":"2017-06-28T06:52:00","guid":{"rendered":"https:\/\/lavoiedessansvoix.fr\/lavoie\/2017\/06\/28\/archive-le-colombin\/"},"modified":"2026-04-26T21:31:01","modified_gmt":"2026-04-26T19:31:01","slug":"archive-le-colombin","status":"publish","type":"post","link":"https:\/\/lavoiedessansvoix.fr\/lavoie\/2017\/06\/28\/archive-le-colombin\/","title":{"rendered":"LE COLOMBIN"},"content":{"rendered":"<p>LE COLOMBIN   La France r\u00e9volutionnaire de la fin du dix -huiti\u00e8me si\u00e8cle craignait le danger \u00ab c\u00e9sariste \u00bb qui mena\u00e7ait la toute jeune R\u00e9publique, et celui-ci \u00e9tait \u00e0 son sens incarn\u00e9 par un jeune  G\u00e9n\u00e9ral. Elle craignait De Lafayette et elle eut Bonaparte. L\u2019Histoire retiendra peut-\u00eatre que notre France ultrar\u00e9actionnaire de ce d\u00e9but de vingt et uni\u00e8me si\u00e8cle, parce qu\u2019elle redoutait le danger lepenniste qui mena\u00e7ait sa R\u00e9publique s\u00e9nile se jeta \u00e0 corps perdu dans la dictature macronniste.  Jeudi 22 mars, le conseil des Ministres a adopt\u00e9 la \u00ab loi antiterroriste \u00bb concoct\u00e9 par G\u00e9rard Collomb, Ministre d\u2019Etat, Ministre de l\u2019int\u00e9rieur, \u00ab le vieux qui marcha le premier \u00bb.  Je n\u2019ajouterai rien pour d\u00e9finir cette loi au sens des libert\u00e9s, me limitant \u00e0 citer quelques titres de presse qui en disent long. Tous soulignent en effet que la pr\u00e9tendue loi antiterroriste n\u2019est rien autre que la \u00ab l\u00e9galisation \u00bb permanente de l\u2019Etat d\u2019urgence.    (Le parisien)  \u00ab Question du jour  Faut-il instaurer un \u00e9tat d&rsquo;urgence permanent ? \u00bb   (Next impact)  \u00ab Ligne par ligne, l\u2019avant-projet de loi sur l\u2019\u00e9tat d\u2019urgence permanent \u00bb  (M\u00e9diapart)  \u00ab Etat d&rsquo;urgence, \u00e9tat d&rsquo;exception \u00bb  . (R\u00e9volution Permanente)  \u00ab En Marche vers la r\u00e9pression avec Collomb : \u00ab\u00a0ce que sera la nouvelle loi terroriste\u00a0\u00bb \u00bb   (Lib\u00e9ration)  \u00ab Etat d\u2019urgence : des travers dans l\u2019Etat de droit \u00bb   (Le figaro)  \u00ab Comment le gouvernement veut normaliser l&rsquo;\u00e9tat d&rsquo;urgence \u00bb  (France inter)  \u00ab Etat d&rsquo;urgence permanent ? \u00bb   (Le Monde, police et justice)  \u00ab Antiterrorisme : le gouvernement veut mettre l\u2019\u00e9tat d\u2019urgence dans le droit commun. \u00bb  Neufs associations se sont d\u00e9j\u00e0 dress\u00e9 contre, vent debout \u00ab Avec ce projet de loi, la France inaugure quelque chose que seule la Turquie a tent\u00e9 de faire \u00bb, a d\u00e9clar\u00e9 l\u2019avocat William Bourdon \u00bb  (Le mur des insoumis), lors d\u2019une conf\u00e9rence de presse  Sous la d\u00e9signation de \u00ab loi antiterroriste \u00bb, il s\u2019agit en v\u00e9rit\u00e9 de la mise en \u0153uvre de l\u2019une des pi\u00e8ces de l\u2019arsenal l\u00e9gislatif dont le gouvernement veut se munir pour faire face \u00e0 la mobilisation que sa politique brutale antisociale ne devrait pas manquer d\u2019engendrer. \u00ab Loi renfor\u00e7ant la lutte contre le terrorisme et la s\u00e9curit\u00e9 int\u00e9rieure. \u00bb (Soulign\u00e9 par nous. ndlr). C\u2019est pourquoi cette pr\u00e9tendue loi \u00ab antiterroriste \u00bb se r\u00e9v\u00e8lera tr\u00e8s vite \u00eatre une loi contre nos libert\u00e9s fondamentales, contre la libert\u00e9 de se r\u00e9unir et de manifester.  La \u00ab loi antiterroriste \u00bb de G\u00e9rard Collomb, est plus qu\u2019une loi sc\u00e9l\u00e9rate, plus qu\u2019une loi liberticide. c\u2019est un colombin puant que nous l\u00e2che un pouvoir ill\u00e9gitime. C\u2019est le premier, ce ne sera pas le dernier. La semaine qui vient de s\u2019\u00e9couler a \u00e9t\u00e9 tr\u00e8s prolixe en la mati\u00e8re, qui nous en annonce d\u00e9j\u00e0 plusieurs autres.  Patrick Seignon. \u00ab lavoiedessansvoix.fr \u00bb Mercredi 27 juin 2017.<\/p>\n","protected":false},"excerpt":{"rendered":"<p>LE COLOMBIN La France r\u00e9volutionnaire de la fin du dix -huiti\u00e8me si\u00e8cle craignait le danger \u00ab c\u00e9sariste \u00bb qui mena\u00e7ait [&hellip;]<\/p>\n","protected":false},"author":1,"featured_media":4410,"comment_status":"open","ping_status":"open","sticky":false,"template":"","format":"standard","meta":{"sfsi_plus_gutenberg_text_before_share":"","sfsi_plus_gutenberg_show_text_before_share":"","sfsi_plus_gutenberg_icon_type":"","sfsi_plus_gutenberg_icon_alignemt":"","sfsi_plus_gutenburg_max_per_row":"","site-sidebar-layout":"default","site-content-layout":"","ast-site-content-layout":"default","site-content-style":"default","site-sidebar-style":"default","ast-global-header-display":"","ast-banner-title-visibility":"","ast-main-header-display":"","ast-hfb-above-header-display":"","ast-hfb-below-header-display":"","ast-hfb-mobile-header-display":"","site-post-title":"","ast-breadcrumbs-content":"","ast-featured-img":"","footer-sml-layout":"","ast-disable-related-posts":"","theme-transparent-header-meta":"","adv-header-id-meta":"","stick-header-meta":"","header-above-stick-meta":"","header-main-stick-meta":"","header-below-stick-meta":"","astra-migrate-meta-layouts":"default","ast-page-background-enabled":"default","ast-page-background-meta":{"desktop":{"background-color":"var(--ast-global-color-4)","background-image":"","background-repeat":"repeat","background-position":"center center","background-size":"auto","background-attachment":"scroll","background-type":"","background-media":"","overlay-type":"","overlay-color":"","overlay-opacity":"","overlay-gradient":""},"tablet":{"background-color":"","background-image":"","background-repeat":"repeat","background-position":"center center","background-size":"auto","background-attachment":"scroll","background-type":"","background-media":"","overlay-type":"","overlay-color":"","overlay-opacity":"","overlay-gradient":""},"mobile":{"background-color":"","background-image":"","background-repeat":"repeat","background-position":"center center","background-size":"auto","background-attachment":"scroll","background-type":"","background-media":"","overlay-type":"","overlay-color":"","overlay-opacity":"","overlay-gradient":""}},"ast-content-background-meta":{"desktop":{"background-color":"var(--ast-global-color-5)","background-image":"","background-repeat":"repeat","background-position":"center center","background-size":"auto","background-attachment":"scroll","background-type":"","background-media":"","overlay-type":"","overlay-color":"","overlay-opacity":"","overlay-gradient":""},"tablet":{"background-color":"var(--ast-global-color-5)","background-image":"","background-repeat":"repeat","background-position":"center center","background-size":"auto","background-attachment":"scroll","background-type":"","background-media":"","overlay-type":"","overlay-color":"","overlay-opacity":"","overlay-gradient":""},"mobile":{"background-color":"var(--ast-global-color-5)","background-image":"","background-repeat":"repeat","background-position":"center center","background-size":"auto","background-attachment":"scroll","background-type":"","background-media":"","overlay-type":"","overlay-color":"","overlay-opacity":"","overlay-gradient":""}},"footnotes":""},"categories":[16],"tags":[],"class_list":["post-825","post","type-post","status-publish","format-standard","has-post-thumbnail","hentry","category-archives-cms"],"_links":{"self":[{"href":"https:\/\/lavoiedessansvoix.fr\/lavoie\/wp-json\/wp\/v2\/posts\/825","targetHints":{"allow":["GET"]}}],"collection":[{"href":"https:\/\/lavoiedessansvoix.fr\/lavoie\/wp-json\/wp\/v2\/posts"}],"about":[{"href":"https:\/\/lavoiedessansvoix.fr\/lavoie\/wp-json\/wp\/v2\/types\/post"}],"author":[{"embeddable":true,"href":"https:\/\/lavoiedessansvoix.fr\/lavoie\/wp-json\/wp\/v2\/users\/1"}],"replies":[{"embeddable":true,"href":"https:\/\/lavoiedessansvoix.fr\/lavoie\/wp-json\/wp\/v2\/comments?post=825"}],"version-history":[{"count":1,"href":"https:\/\/lavoiedessansvoix.fr\/lavoie\/wp-json\/wp\/v2\/posts\/825\/revisions"}],"predecessor-version":[{"id":3669,"href":"https:\/\/lavoiedessansvoix.fr\/lavoie\/wp-json\/wp\/v2\/posts\/825\/revisions\/3669"}],"wp:featuredmedia":[{"embeddable":true,"href":"https:\/\/lavoiedessansvoix.fr\/lavoie\/wp-json\/wp\/v2\/media\/4410"}],"wp:attachment":[{"href":"https:\/\/lavoiedessansvoix.fr\/lavoie\/wp-json\/wp\/v2\/media?parent=825"}],"wp:term":[{"taxonomy":"category","embeddable":true,"href":"https:\/\/lavoiedessansvoix.fr\/lavoie\/wp-json\/wp\/v2\/categories?post=825"},{"taxonomy":"post_tag","embeddable":true,"href":"https:\/\/lavoiedessansvoix.fr\/lavoie\/wp-json\/wp\/v2\/tags?post=825"}],"curies":[{"name":"wp","href":"https:\/\/api.w.org\/{rel}","templated":true}]}}