{"id":824,"date":"2017-06-30T09:34:00","date_gmt":"2017-06-30T07:34:00","guid":{"rendered":"https:\/\/lavoiedessansvoix.fr\/lavoie\/2017\/06\/30\/archive-adieu-madame\/"},"modified":"2026-04-26T21:30:53","modified_gmt":"2026-04-26T19:30:53","slug":"archive-adieu-madame","status":"publish","type":"post","link":"https:\/\/lavoiedessansvoix.fr\/lavoie\/2017\/06\/30\/archive-adieu-madame\/","title":{"rendered":"ADIEU MADAME !"},"content":{"rendered":"<p>ADIEU MADAME ! 75   Simone Weil a cess\u00e9 de vivre mais pas d\u2019exister.   Voil\u00e0 une dame qui a acquis plus que le titre, la qualit\u00e9 d\u2019immortelle. Non pas tant sous la coupole dor\u00e9e des vanit\u00e9s mais celle des cieux de l\u2019humilit\u00e9 humaine.  Madame Simone Weil \u00e9tait politiquement une femme de droite et \u00e0 ce titre une ennemie de classe des travailleurs et salari\u00e9s, des sans-logis et des sans-dents. Mais qu\u2019importe \u00e0 l\u2019heure bl\u00eame. Elle a par sa vie son action et son \u0153uvre forc\u00e9 le respect de tous. Chapeau bas, adieu Madame.  Ce qui me semble-t-il est de nature \u00e0 offenser les d\u00e9funts, Ce qui m&rsquo;attriste encore plus et m\u2019outrage moi m\u00eame, par del\u00e0 le chagrin et es larmes sinc\u00e8res que m&rsquo;arrachent leur disparition, se sont les \u00e9loges publiques et officielles. C&rsquo;est, quand des gens respectables et honor\u00e9s disparaissent, les louanges publiques oblig\u00e9es et de fonction, dont les congratules certains salopards au nom des responsabilit\u00e9s publiques dont ils sont investis ou qu\u2019ils ont usurp\u00e9s. Ceux-l\u00e0 qui, comme de vieilles lunes, tentent de se faire briller encore \u00e0 la lumi\u00e8re r\u00e9manente de l\u2019astre qui s\u2019\u00e9teint. Ceux-l\u00e0, vous les avez reconnu, la bouche ignorante, parlant comme les livres qu\u2019ils ont lus, ou pas, ou seulement en condens\u00e9s, des horreurs qu\u2019ils n\u2019ont pas v\u00e9cu. Ceux-l\u00e0 qui intiment \u00e0 la jeunesse l\u2019ordre de d\u00e9duire les le\u00e7ons d\u2019une Histoire qu\u2019ils ont-eux m\u00eame mal ingurgit\u00e9 et mal dig\u00e9r\u00e9. Ceux-l\u00e0 qui s\u2019appr\u00eatent pourtant, sans \u00e9tat d\u2019\u00e2me,  \u00e0 se rendre coupables ou complices d\u2019horreurs nouvelles qui n\u2019ont rien \u00e0 envier \u00e0 celles du pass\u00e9.  Taisez-vous donc. Et inclinez-vous en silence.  Patrick Seignon. \u00ab lavoiedessansvoix.fr \u00bb. Vendredi 30 juin 2017.<\/p>\n","protected":false},"excerpt":{"rendered":"<p>ADIEU MADAME ! 75 Simone Weil a cess\u00e9 de vivre mais pas d\u2019exister. Voil\u00e0 une dame qui a acquis plus [&hellip;]<\/p>\n","protected":false},"author":1,"featured_media":4409,"comment_status":"open","ping_status":"open","sticky":false,"template":"","format":"standard","meta":{"sfsi_plus_gutenberg_text_before_share":"","sfsi_plus_gutenberg_show_text_before_share":"","sfsi_plus_gutenberg_icon_type":"","sfsi_plus_gutenberg_icon_alignemt":"","sfsi_plus_gutenburg_max_per_row":"","site-sidebar-layout":"default","site-content-layout":"","ast-site-content-layout":"default","site-content-style":"default","site-sidebar-style":"default","ast-global-header-display":"","ast-banner-title-visibility":"","ast-main-header-display":"","ast-hfb-above-header-display":"","ast-hfb-below-header-display":"","ast-hfb-mobile-header-display":"","site-post-title":"","ast-breadcrumbs-content":"","ast-featured-img":"","footer-sml-layout":"","ast-disable-related-posts":"","theme-transparent-header-meta":"","adv-header-id-meta":"","stick-header-meta":"","header-above-stick-meta":"","header-main-stick-meta":"","header-below-stick-meta":"","astra-migrate-meta-layouts":"default","ast-page-background-enabled":"default","ast-page-background-meta":{"desktop":{"background-color":"var(--ast-global-color-4)","background-image":"","background-repeat":"repeat","background-position":"center center","background-size":"auto","background-attachment":"scroll","background-type":"","background-media":"","overlay-type":"","overlay-color":"","overlay-opacity":"","overlay-gradient":""},"tablet":{"background-color":"","background-image":"","background-repeat":"repeat","background-position":"center center","background-size":"auto","background-attachment":"scroll","background-type":"","background-media":"","overlay-type":"","overlay-color":"","overlay-opacity":"","overlay-gradient":""},"mobile":{"background-color":"","background-image":"","background-repeat":"repeat","background-position":"center center","background-size":"auto","background-attachment":"scroll","background-type":"","background-media":"","overlay-type":"","overlay-color":"","overlay-opacity":"","overlay-gradient":""}},"ast-content-background-meta":{"desktop":{"background-color":"var(--ast-global-color-5)","background-image":"","background-repeat":"repeat","background-position":"center center","background-size":"auto","background-attachment":"scroll","background-type":"","background-media":"","overlay-type":"","overlay-color":"","overlay-opacity":"","overlay-gradient":""},"tablet":{"background-color":"var(--ast-global-color-5)","background-image":"","background-repeat":"repeat","background-position":"center center","background-size":"auto","background-attachment":"scroll","background-type":"","background-media":"","overlay-type":"","overlay-color":"","overlay-opacity":"","overlay-gradient":""},"mobile":{"background-color":"var(--ast-global-color-5)","background-image":"","background-repeat":"repeat","background-position":"center center","background-size":"auto","background-attachment":"scroll","background-type":"","background-media":"","overlay-type":"","overlay-color":"","overlay-opacity":"","overlay-gradient":""}},"footnotes":""},"categories":[16],"tags":[],"class_list":["post-824","post","type-post","status-publish","format-standard","has-post-thumbnail","hentry","category-archives-cms"],"_links":{"self":[{"href":"https:\/\/lavoiedessansvoix.fr\/lavoie\/wp-json\/wp\/v2\/posts\/824","targetHints":{"allow":["GET"]}}],"collection":[{"href":"https:\/\/lavoiedessansvoix.fr\/lavoie\/wp-json\/wp\/v2\/posts"}],"about":[{"href":"https:\/\/lavoiedessansvoix.fr\/lavoie\/wp-json\/wp\/v2\/types\/post"}],"author":[{"embeddable":true,"href":"https:\/\/lavoiedessansvoix.fr\/lavoie\/wp-json\/wp\/v2\/users\/1"}],"replies":[{"embeddable":true,"href":"https:\/\/lavoiedessansvoix.fr\/lavoie\/wp-json\/wp\/v2\/comments?post=824"}],"version-history":[{"count":1,"href":"https:\/\/lavoiedessansvoix.fr\/lavoie\/wp-json\/wp\/v2\/posts\/824\/revisions"}],"predecessor-version":[{"id":3667,"href":"https:\/\/lavoiedessansvoix.fr\/lavoie\/wp-json\/wp\/v2\/posts\/824\/revisions\/3667"}],"wp:featuredmedia":[{"embeddable":true,"href":"https:\/\/lavoiedessansvoix.fr\/lavoie\/wp-json\/wp\/v2\/media\/4409"}],"wp:attachment":[{"href":"https:\/\/lavoiedessansvoix.fr\/lavoie\/wp-json\/wp\/v2\/media?parent=824"}],"wp:term":[{"taxonomy":"category","embeddable":true,"href":"https:\/\/lavoiedessansvoix.fr\/lavoie\/wp-json\/wp\/v2\/categories?post=824"},{"taxonomy":"post_tag","embeddable":true,"href":"https:\/\/lavoiedessansvoix.fr\/lavoie\/wp-json\/wp\/v2\/tags?post=824"}],"curies":[{"name":"wp","href":"https:\/\/api.w.org\/{rel}","templated":true}]}}