{"id":822,"date":"2017-09-12T02:24:00","date_gmt":"2017-09-12T00:24:00","guid":{"rendered":"https:\/\/lavoiedessansvoix.fr\/lavoie\/2017\/09\/12\/archive-irma-jose-ou-macron-laquelle-de-ces-trois-calamites-genere-le-plus-de-malheurs\/"},"modified":"2026-04-26T21:30:31","modified_gmt":"2026-04-26T19:30:31","slug":"archive-irma-jose-ou-macron-laquelle-de-ces-trois-calamites-genere-le-plus-de-malheurs","status":"publish","type":"post","link":"https:\/\/lavoiedessansvoix.fr\/lavoie\/2017\/09\/12\/archive-irma-jose-ou-macron-laquelle-de-ces-trois-calamites-genere-le-plus-de-malheurs\/","title":{"rendered":"IRMA, JOSE, OU MACRON\u2026 LAQUELLE DE CES TROIS CALAMITES GENERE LE PLUS DE MALHEURS ?"},"content":{"rendered":"<p>IRMA, JOSE, OU MACRON\u2026 LAQUELLE DE CES TROIS CALAMITES G\u00c9N\u00c8RE LE PLUS DE MALHEURS ?Irma et Jos\u00e9 sont des calamit\u00e9s \u00ab naturelles \u00bb, d\u00e9vastatrices, mais extr\u00eamement limit\u00e9es dans le temps. Nous compatissons bien entendu aux malheurs que ces cyclones ont r\u00e9pandus sur les populations de la Floride, de Saint-Barth\u00e9lemy et Saint-Martin \u00ab les radieuses \u00bb, de Ha\u00efti \u00ab la malheureuse \u00bb de Cuba \u00ab la valeureuse \u00bb, Que faire face au d\u00e9chainement des \u00e9l\u00e9ments. Les \u00ab Climato-optimistes \u00bb (le contraire des climato-sceptiques \u00bb) nous invitent \u00e0 lutter contre le \u00ab r\u00e9chauffement climatique \u00bb et les gaz \u00e0 effet de serre qui en sont, affirment-ils, responsables. Soit, mais il s\u2019agit l\u00e0 d\u2019un rem\u00e8de \u00e0 effet lents. Bien d\u2019autres Ouragans ravageront les r\u00e9gions tropicales avant que les bienfaits de la m\u00e9decine se fassent sentir. D\u2019ailleurs des cyclones et ouragans n\u2019y en avait-il pas d\u00e9j\u00e0, bien longtemps avant que \u00ab le r\u00e9chauffement climatique \u00bb ne devienne une explication \u00e0 tout expliquer ?Mais, une calamit\u00e9 bien plus grande nous guette. Une gigantesque d\u00e9pression historique, l\u2019ouragan de \u00ab la r\u00e9action politique \u00bb qui menace de d\u00e9truire notre ordre social, de faire table rase des r\u00e8gles d\u2019organisation du travail, de r\u00e9duire \u00e0 n\u00e9ant les acquis sociaux et juridiques r\u00e9sultats d\u2019un si\u00e8cle et demi de confrontations entre le capital et le travail. Combien de malheurs collectifs et individuels cela provoquera ? Combien de licenciements, abusifs bien que  l\u00e9galis\u00e9s ? Combien de vies d\u00e9vast\u00e9es, sans lendemains ? Combien d\u2019emplois pr\u00e9caires et d\u2019incertitudes, d\u2019impossibilit\u00e9s \u00e0 se projeter dans un avenir, d\u2019angoisses mortif\u00e8res ? Combien de d\u00e9ch\u00e9ances sociales, combien de \u00ab burnout \u00bb de suicides et de divorces ? Combien de gens r\u00e9duits \u00e0 l\u2019assistanat ou \u00e0 la mendicit\u00e9, combien d\u2019\u00eatres humains nos fr\u00e8res, humili\u00e9s et pi\u00e9tin\u00e9s ?Or les effets de cet ouragan-l\u00e0, si on ne s\u2019en pr\u00e9muni pas, se feront sentir des d\u00e9cennies durant, sur de nombreuses g\u00e9n\u00e9rations et la somme des mis\u00e8res qu\u2019il g\u00e9n\u00e9rera est sans commune mesure avec les pires effets d\u00e9vastateurs, \u00e0 cette aune bien d\u00e9suets, de ses petits fr\u00e8res climatiques.Si on ne s\u2019en pr\u00e9muni pas !Car c\u2019est la diff\u00e9rence entre les ph\u00e9nom\u00e8nes climatiques et politique. Si on ne peut gu\u00e8re que subir les premiers, rien ne nous oblige \u00e0 subir les seconds.On sait par ailleurs la grande versatilit\u00e9  de ces ph\u00e9nom\u00e8nes climatiques pouvant d\u00e9vier de leur trajectoire pour semer la mort et la d\u00e9solation sur des rivages sereins. Or, c\u2019est l\u00e0, en l\u2019occurrence, une particularit\u00e9 qu\u2019ils partagent avec les \u00ab ouragans de l\u2019Histoire, bien plus instables et sujet \u00e0 des errements encore plus spectaculaires. N\u2019arrive-t-il pas, \u00e7a c\u2019est d\u00e9j\u00e0 vu, que ceux-ci fassent des retournements \u00e0 180 degr\u00e9sSe croit-il \u00e0 l\u2019abri ? Macron s\u00e8me le vent, ne pourrait-il r\u00e9colter la temp\u00eate ?Patrick Seignon. \u00ab lavoiedessansvoix.fr \u00bb. Mardi 12 septembre 2017.<\/p>\n","protected":false},"excerpt":{"rendered":"<p>IRMA, JOSE, OU MACRON\u2026 LAQUELLE DE CES TROIS CALAMITES G\u00c9N\u00c8RE LE PLUS DE MALHEURS ?Irma et Jos\u00e9 sont des calamit\u00e9s [&hellip;]<\/p>\n","protected":false},"author":1,"featured_media":4407,"comment_status":"open","ping_status":"open","sticky":false,"template":"","format":"standard","meta":{"sfsi_plus_gutenberg_text_before_share":"","sfsi_plus_gutenberg_show_text_before_share":"","sfsi_plus_gutenberg_icon_type":"","sfsi_plus_gutenberg_icon_alignemt":"","sfsi_plus_gutenburg_max_per_row":"","site-sidebar-layout":"default","site-content-layout":"","ast-site-content-layout":"default","site-content-style":"default","site-sidebar-style":"default","ast-global-header-display":"","ast-banner-title-visibility":"","ast-main-header-display":"","ast-hfb-above-header-display":"","ast-hfb-below-header-display":"","ast-hfb-mobile-header-display":"","site-post-title":"","ast-breadcrumbs-content":"","ast-featured-img":"","footer-sml-layout":"","ast-disable-related-posts":"","theme-transparent-header-meta":"","adv-header-id-meta":"","stick-header-meta":"","header-above-stick-meta":"","header-main-stick-meta":"","header-below-stick-meta":"","astra-migrate-meta-layouts":"default","ast-page-background-enabled":"default","ast-page-background-meta":{"desktop":{"background-color":"var(--ast-global-color-4)","background-image":"","background-repeat":"repeat","background-position":"center center","background-size":"auto","background-attachment":"scroll","background-type":"","background-media":"","overlay-type":"","overlay-color":"","overlay-opacity":"","overlay-gradient":""},"tablet":{"background-color":"","background-image":"","background-repeat":"repeat","background-position":"center center","background-size":"auto","background-attachment":"scroll","background-type":"","background-media":"","overlay-type":"","overlay-color":"","overlay-opacity":"","overlay-gradient":""},"mobile":{"background-color":"","background-image":"","background-repeat":"repeat","background-position":"center center","background-size":"auto","background-attachment":"scroll","background-type":"","background-media":"","overlay-type":"","overlay-color":"","overlay-opacity":"","overlay-gradient":""}},"ast-content-background-meta":{"desktop":{"background-color":"var(--ast-global-color-5)","background-image":"","background-repeat":"repeat","background-position":"center center","background-size":"auto","background-attachment":"scroll","background-type":"","background-media":"","overlay-type":"","overlay-color":"","overlay-opacity":"","overlay-gradient":""},"tablet":{"background-color":"var(--ast-global-color-5)","background-image":"","background-repeat":"repeat","background-position":"center center","background-size":"auto","background-attachment":"scroll","background-type":"","background-media":"","overlay-type":"","overlay-color":"","overlay-opacity":"","overlay-gradient":""},"mobile":{"background-color":"var(--ast-global-color-5)","background-image":"","background-repeat":"repeat","background-position":"center center","background-size":"auto","background-attachment":"scroll","background-type":"","background-media":"","overlay-type":"","overlay-color":"","overlay-opacity":"","overlay-gradient":""}},"footnotes":""},"categories":[16],"tags":[],"class_list":["post-822","post","type-post","status-publish","format-standard","has-post-thumbnail","hentry","category-archives-cms"],"_links":{"self":[{"href":"https:\/\/lavoiedessansvoix.fr\/lavoie\/wp-json\/wp\/v2\/posts\/822","targetHints":{"allow":["GET"]}}],"collection":[{"href":"https:\/\/lavoiedessansvoix.fr\/lavoie\/wp-json\/wp\/v2\/posts"}],"about":[{"href":"https:\/\/lavoiedessansvoix.fr\/lavoie\/wp-json\/wp\/v2\/types\/post"}],"author":[{"embeddable":true,"href":"https:\/\/lavoiedessansvoix.fr\/lavoie\/wp-json\/wp\/v2\/users\/1"}],"replies":[{"embeddable":true,"href":"https:\/\/lavoiedessansvoix.fr\/lavoie\/wp-json\/wp\/v2\/comments?post=822"}],"version-history":[{"count":1,"href":"https:\/\/lavoiedessansvoix.fr\/lavoie\/wp-json\/wp\/v2\/posts\/822\/revisions"}],"predecessor-version":[{"id":3663,"href":"https:\/\/lavoiedessansvoix.fr\/lavoie\/wp-json\/wp\/v2\/posts\/822\/revisions\/3663"}],"wp:featuredmedia":[{"embeddable":true,"href":"https:\/\/lavoiedessansvoix.fr\/lavoie\/wp-json\/wp\/v2\/media\/4407"}],"wp:attachment":[{"href":"https:\/\/lavoiedessansvoix.fr\/lavoie\/wp-json\/wp\/v2\/media?parent=822"}],"wp:term":[{"taxonomy":"category","embeddable":true,"href":"https:\/\/lavoiedessansvoix.fr\/lavoie\/wp-json\/wp\/v2\/categories?post=822"},{"taxonomy":"post_tag","embeddable":true,"href":"https:\/\/lavoiedessansvoix.fr\/lavoie\/wp-json\/wp\/v2\/tags?post=822"}],"curies":[{"name":"wp","href":"https:\/\/api.w.org\/{rel}","templated":true}]}}