{"id":821,"date":"2017-09-13T07:05:00","date_gmt":"2017-09-13T05:05:00","guid":{"rendered":"https:\/\/lavoiedessansvoix.fr\/lavoie\/2017\/09\/13\/archive-impeachment-macron-degage\/"},"modified":"2026-04-26T21:30:22","modified_gmt":"2026-04-26T19:30:22","slug":"archive-impeachment-macron-degage","status":"publish","type":"post","link":"https:\/\/lavoiedessansvoix.fr\/lavoie\/2017\/09\/13\/archive-impeachment-macron-degage\/","title":{"rendered":"\u00ab IMPEACHMENT \u00bb ? MACRON D\u00c9GAGE ! \u00bb"},"content":{"rendered":"<p>\u00ab IMPEACHMENT \u00bb ?MACRON D\u00c9GAGE ! \u00bbSerait-il l\u2019\u00e9lu sans ombre \u00ab de la nation \u00bb, que nous contesterions tout de m\u00eame la l\u00e9gitimit\u00e9 du Pr\u00e9sident de la R\u00e9publique. A la raison que l\u2019\u00e9lection d\u2019un homme seul au suffrage universel qui consiste \u00e0 l\u2019extorsion de la souverainet\u00e9 populaire par un monarque \u00e9lectif est un d\u00e9ni de d\u00e9mocratie.Or, Emmanuel Macron n\u2019est pas m\u00eame l\u2019\u00e9lu incontestable du suffrage universel. Sa \u00ab d\u00e9signation \u00bb au poste de Chef de l\u2019Etat n\u2019est pas le r\u00e9sultat de la volont\u00e9 populaire, m\u00eame abus\u00e9e, mais celui d\u2019une ruse, d\u2019une parodie d\u2019\u00e9lection, d\u2019une manipulation \u00e9hont\u00e9e, d\u2019un \u00ab complot \u00bb ourdit par les plus hautes autorit\u00e9s de l\u2019Etat sous la direction de Fran\u00e7ois Hollande. Emmanuel Macron n\u2019est pas l\u2019\u00e9lu l\u00e9gitime du peuple mais \u00ab le commis des banques \u00bb qui a \u00e9t\u00e9 impos\u00e9 \u00e0 celui-ci. Foin d\u2019\u00eatre le Pr\u00e9sident de tous les Fran\u00e7ais, il n\u2019en est pas m\u00eame \u00ab le monarque \u00e9lectif \u00bb que fonde le suffrage universel, il n\u2019est qu\u2019un \u00ab dictateur \u00bb mandat\u00e9 par les hautes sph\u00e8res de la finance internationale avec l\u2019aval et le soutien de tous les ennemis du peuple laborieux .Ce gouvernement est un gouvernement de \u00ab classe contre classe \u00bb, l\u2019expression de la pire r\u00e9action sociale. La Haine de classe qu\u2019il v\u00e9hicule transpire dans les propos injurieux du chef de l\u2019Etat, qui s\u2019autorise \u00e0 qualifier de \u00ab fain\u00e9ants \u00bb ceux pr\u00e9cis\u00e9ment qui travaillent, qui fabriquent son pain, et par leur labeur g\u00e9n\u00e8rent les dividendes que lui et ses semblables \u00ab les oisifs \u00bb ne font que s\u2019arroger et se partager.\u00abL\u2019impeachment \u00bb ! Voil\u00e0 ce qu\u2019il faut pour arr\u00eater \u00ab la marche \u00bb de la machine \u00e0 nuire macronnienne. Il faut \u00e9conduire sans tarder cet homme de la fonction pr\u00e9sidentielle qu\u2019il a usurp\u00e9e. L\u2019expulser par la petite porte de derri\u00e8re l\u2019Elys\u00e9e, rue Saint-Honor\u00e9.La constitution fran\u00e7aise ne poss\u00e8de pas comme celle des Etats-Unis de clause \u00ab d\u2019impeachment \u00bb mais qu\u2019importe. En disposerait-elle que tous les ennemis des classes laborieuses coalis\u00e9s feraient front et se serreraient autour pour d\u00e9fendre la \u00ab fonction pr\u00e9sidentielle \u00bb,  la d\u00e9pouille souill\u00e9e de leur 5\u00e8me R\u00e9publique et surtout la politique d\u2019agression contre les classes laborieuses qu\u2019ils partagent tous pleinement, depuis Vauquiez et Fillon jusqu\u2019\u00e0 S\u00e9gol\u00e8ne et Fran\u00e7ois en passant par Sarko et Jupp\u00e9. Non, ce n\u2019est pas de ce genre \u00ab d\u2019impeachment \u00bb l\u00e0 \u00e0 l\u2019anglo-am\u00e9ricaine dont nous voulons parler mais de celui, \u00e0 la fran\u00e7aise,  que d\u00e9cr\u00e8te le peuple insurg\u00e9 par la gr\u00e8ve et la manifestation,  et qu\u2019en notre idiome l\u2019on nomme \u00ab emp\u00eachement \u00bb, ou plus prosa\u00efquement encore : \u00ab Macron d\u00e9gage ! \u00bbPatrick Seignon. \u00ab lavoiedessansvoie.fr \u00bb Mercredi 13 septembre 2017.<\/p>\n","protected":false},"excerpt":{"rendered":"<p>\u00ab IMPEACHMENT \u00bb ?MACRON D\u00c9GAGE ! \u00bbSerait-il l\u2019\u00e9lu sans ombre \u00ab de la nation \u00bb, que nous contesterions tout de [&hellip;]<\/p>\n","protected":false},"author":1,"featured_media":4406,"comment_status":"open","ping_status":"open","sticky":false,"template":"","format":"standard","meta":{"sfsi_plus_gutenberg_text_before_share":"","sfsi_plus_gutenberg_show_text_before_share":"","sfsi_plus_gutenberg_icon_type":"","sfsi_plus_gutenberg_icon_alignemt":"","sfsi_plus_gutenburg_max_per_row":"","site-sidebar-layout":"default","site-content-layout":"","ast-site-content-layout":"default","site-content-style":"default","site-sidebar-style":"default","ast-global-header-display":"","ast-banner-title-visibility":"","ast-main-header-display":"","ast-hfb-above-header-display":"","ast-hfb-below-header-display":"","ast-hfb-mobile-header-display":"","site-post-title":"","ast-breadcrumbs-content":"","ast-featured-img":"","footer-sml-layout":"","ast-disable-related-posts":"","theme-transparent-header-meta":"","adv-header-id-meta":"","stick-header-meta":"","header-above-stick-meta":"","header-main-stick-meta":"","header-below-stick-meta":"","astra-migrate-meta-layouts":"default","ast-page-background-enabled":"default","ast-page-background-meta":{"desktop":{"background-color":"var(--ast-global-color-4)","background-image":"","background-repeat":"repeat","background-position":"center center","background-size":"auto","background-attachment":"scroll","background-type":"","background-media":"","overlay-type":"","overlay-color":"","overlay-opacity":"","overlay-gradient":""},"tablet":{"background-color":"","background-image":"","background-repeat":"repeat","background-position":"center center","background-size":"auto","background-attachment":"scroll","background-type":"","background-media":"","overlay-type":"","overlay-color":"","overlay-opacity":"","overlay-gradient":""},"mobile":{"background-color":"","background-image":"","background-repeat":"repeat","background-position":"center center","background-size":"auto","background-attachment":"scroll","background-type":"","background-media":"","overlay-type":"","overlay-color":"","overlay-opacity":"","overlay-gradient":""}},"ast-content-background-meta":{"desktop":{"background-color":"var(--ast-global-color-5)","background-image":"","background-repeat":"repeat","background-position":"center center","background-size":"auto","background-attachment":"scroll","background-type":"","background-media":"","overlay-type":"","overlay-color":"","overlay-opacity":"","overlay-gradient":""},"tablet":{"background-color":"var(--ast-global-color-5)","background-image":"","background-repeat":"repeat","background-position":"center center","background-size":"auto","background-attachment":"scroll","background-type":"","background-media":"","overlay-type":"","overlay-color":"","overlay-opacity":"","overlay-gradient":""},"mobile":{"background-color":"var(--ast-global-color-5)","background-image":"","background-repeat":"repeat","background-position":"center center","background-size":"auto","background-attachment":"scroll","background-type":"","background-media":"","overlay-type":"","overlay-color":"","overlay-opacity":"","overlay-gradient":""}},"footnotes":""},"categories":[16],"tags":[],"class_list":["post-821","post","type-post","status-publish","format-standard","has-post-thumbnail","hentry","category-archives-cms"],"_links":{"self":[{"href":"https:\/\/lavoiedessansvoix.fr\/lavoie\/wp-json\/wp\/v2\/posts\/821","targetHints":{"allow":["GET"]}}],"collection":[{"href":"https:\/\/lavoiedessansvoix.fr\/lavoie\/wp-json\/wp\/v2\/posts"}],"about":[{"href":"https:\/\/lavoiedessansvoix.fr\/lavoie\/wp-json\/wp\/v2\/types\/post"}],"author":[{"embeddable":true,"href":"https:\/\/lavoiedessansvoix.fr\/lavoie\/wp-json\/wp\/v2\/users\/1"}],"replies":[{"embeddable":true,"href":"https:\/\/lavoiedessansvoix.fr\/lavoie\/wp-json\/wp\/v2\/comments?post=821"}],"version-history":[{"count":1,"href":"https:\/\/lavoiedessansvoix.fr\/lavoie\/wp-json\/wp\/v2\/posts\/821\/revisions"}],"predecessor-version":[{"id":3661,"href":"https:\/\/lavoiedessansvoix.fr\/lavoie\/wp-json\/wp\/v2\/posts\/821\/revisions\/3661"}],"wp:featuredmedia":[{"embeddable":true,"href":"https:\/\/lavoiedessansvoix.fr\/lavoie\/wp-json\/wp\/v2\/media\/4406"}],"wp:attachment":[{"href":"https:\/\/lavoiedessansvoix.fr\/lavoie\/wp-json\/wp\/v2\/media?parent=821"}],"wp:term":[{"taxonomy":"category","embeddable":true,"href":"https:\/\/lavoiedessansvoix.fr\/lavoie\/wp-json\/wp\/v2\/categories?post=821"},{"taxonomy":"post_tag","embeddable":true,"href":"https:\/\/lavoiedessansvoix.fr\/lavoie\/wp-json\/wp\/v2\/tags?post=821"}],"curies":[{"name":"wp","href":"https:\/\/api.w.org\/{rel}","templated":true}]}}