{"id":818,"date":"2017-11-13T02:24:00","date_gmt":"2017-11-13T01:24:00","guid":{"rendered":"https:\/\/lavoiedessansvoix.fr\/lavoie\/2017\/11\/13\/archive-pschitt\/"},"modified":"2026-04-26T21:29:54","modified_gmt":"2026-04-26T19:29:54","slug":"archive-pschitt","status":"publish","type":"post","link":"https:\/\/lavoiedessansvoix.fr\/lavoie\/2017\/11\/13\/archive-pschitt\/","title":{"rendered":"PSCHITT !"},"content":{"rendered":"<p>PSCHITT !   Une p\u00e9tition sign\u00e9e par un nombre record de fran\u00e7ais, une mobilisation puissante avec gr\u00e8ves et manifestations, une opinion tr\u00e8s largement oppos\u00e9e au projet, plus de 70 % des fran\u00e7ais se d\u00e9clarant contre, Le premier ministre, Manuel Valls, usant du 49-3 y gagne une r\u00e9putation d\u2019autoritarisme et se voit rejet\u00e9 par l\u2019opinion. Tel \u00e9tait le contexte de la mobilisation contre la loi travail dite El-Khomeri, qui voulait d\u00e9tricoter \u00ab le code du travail \u00bb.   Or, voil\u00e0 qu\u2019Emmanuel Macron promet une r\u00e9forme du code du travail, \u00ab une loi El-Khmer puissance 10 \u00bb, et d\u2019user pour l\u2019imposer d\u2019une m\u00e9thode encore plus autoritaire et plus antid\u00e9mocratique que le 49-3, \u00ab la proc\u00e9dure des ordonnances. Le pays murmure, la col\u00e8re enfle, l\u2019\u00e9t\u00e9 passe, mais \u00ab pschitt ! \u00bb la mobilisation attendue ne se produits pas.  Pourquoi ? Que donc s\u2019est-il pass\u00e9 ?   Une partie au moins des fran\u00e7ais c\u2019est fait prendre au pi\u00e8ge \u00e9lectoral \u00e9labor\u00e9 par la tro\u00efka \u00ab Hollande, Valls, Macron \u00bb, a c\u00e9der au chantage qui consistait pour faire barrage \u00e0 Marine Le Pen de voter pour le commis des banques. Les pr\u00e9cautions s\u00e9mantiques qui consistaient \u00e0 dire que l\u2019on votait par d\u00e9pit et sans partager le programme ne servant \u00e0 rien.   Macron  \u00e9lu ! Le Pen battue \u00e0 plate couture, ceux que leur haine d\u00e9cal\u00e9e du F.N. qu\u2019ils assimilent au parti nazi, aveugle, eurent un temps mati\u00e8re \u00e0 se r\u00e9jouir tout de m\u00eame ignorant la calamit\u00e9 r\u00e9elle qui venait de s\u2019abattre sur le peuple laborieux de notre pays.   Nous l\u2019avons soulign\u00e9 alors, Macron est un pr\u00e9sident mal \u00e9lu, 40 % seulement des fran\u00e7ais, mais 66 % des suffrages exprim\u00e9s tout de m\u00eame.  Cette circonstance \u00e0 elle seule explique le d\u00e9sarroi de l\u2019opinion et sa d\u00e9moralisation.  Ceux qui ont contribu\u00e9 \u00e0 cet \u00e9tat de chose en appelant, sous une forme ou sous une autre \u00e0 voter alors pour Emmanuel Macron, portent une lourde part de responsabilit\u00e9. Le mouvement des insoumis et Jean-Luc M\u00e9lenchon lui-m\u00eame partagent cette responsabilit\u00e9. Certes les \u00ab insoumis \u00bb militaient majoritairement pour l\u2019abstention ou le vote blanc ou nul. Mais Jean-Luc M\u00e9lenchon n\u2019osant assumer le poids de cette responsabilit\u00e9 a opt\u00e9 pour une position illisible, \u00ab mi-figue mi-raisin \u00bb qui consista sans appeler ouvertement \u00e0 voter Macron, \u00e0 dire : \u00ab pas une voix pour le Front National \u00bb, laissant entendre par l\u00e0 que celui-ci \u00e9tait le mal absolu et qu\u2019\u00e0 cette aune Macron \u00e9tait tout de m\u00eame un moindre mal.    \u00ab La voie des sans voix \u00bb elle avait os\u00e9 l\u2019\u00e9crire : Macron \u00ab le pire sc\u00e9nario \u00bb.  (vendredi 5 mai 2017)  \u00ab Marine Le Pen, \u00ab l\u2019extr\u00eame droite \u00bb ? Le \u00ab Parti x\u00e9nophobe \u00bb, \u00ab la honte de la France \u00bb, le \u00ab danger de la d\u00e9mocratie et de la R\u00e9publique \u00bb ? Battue, \u00e9cart\u00e9e. Macron \u00e9lu ! Pourtant, ce sc\u00e9nario est en v\u00e9rit\u00e9 le pire de ceux qui pouvaient, dans cette \u00e9lection, advenir \u00e0 la France et aux Fran\u00e7ais. Et lorsque je dis la France et les Fran\u00e7ais, c\u2019est \u00e0 la vraie France que je pense, celle de la v\u00e9ritable majorit\u00e9 civile, celle du peuple d\u2019en bas, ceux qui travaillent, ou sont priv\u00e9s d\u2019emploi, et qui souffrent. Ceux sur les t\u00eates desquels vont danser les diables d\u2019en haut. \u00bb  C\u2019est ce qui est advenu.   La voie des sans voix, bien que pr\u00e9venue est rest\u00e9 interloqu\u00e9e, presque aphone durant plusieurs mois. Bon, le traumatisme politique n\u2019est pas la seule explication. S\u2019y sont ajout\u00e9 des difficult\u00e9s techniques et personnelles. Mais je souffre mes amis et ne d\u00e9col\u00e8re pas de la situation ainsi cr\u00e9\u00e9e et de l\u2019immense d\u00e9sarroi qui s\u2019est empar\u00e9 de ceux qui voulaient pourtant r\u00e9sister.   \u00ab On ne vote pas impun\u00e9ment pour son ennemi de classe \u00bb. Avions-nous pr\u00e9venu.  J\u2019\u00e9crivais, dans une lettre ouverte que j\u2019adressais mercredi 3 mai, \u00e0 Monsieur Pierre Laurent secr\u00e9taire g\u00e9n\u00e9ral du Parti Communiste Fran\u00e7ais, \u2018(lequel eut l\u2019aimable d\u00e9licatesse de me faire une r\u00e9ponse non publi\u00e9e) :  \u00ab Comment pouvez-vous, vous, Mr le secr\u00e9taire G\u00e9n\u00e9ral, appeler \u00e0 voter pour cet homme-l\u00e0 ? Avez-vous vraiment le c\u0153ur de livrer, pieds et poings li\u00e9s, \u00e0 leurs bourreaux, les travailleurs de ce pays qui placent leur confiance en vous ?Il est encore temps de vous raviser. Je vous en conjure monsieur Laurent. Vous ne voulez pas voter pour Marine Le Pen, moi non plus. Mais pour autant, vous n\u2019\u00eates pas tenu de cautionner par votre vote et encore moins par votre prise de position publique, l\u2019\u00e9lection d\u2019Emmanuel Macron qui constitue \u00e0 l\u2019\u00e9gard des salari\u00e9s un danger au moins tout aussi consid\u00e9rable. Si la d\u00e9signation de cet homme \u00e0 la Pr\u00e9sidence de notre malheureuse R\u00e9publique, ne peut \u00eatre \u00e9vit\u00e9e, que l\u2019on use au moins de ce qui nous reste de pouvoir \u00e9lectoral et de libre arbitre pour le d\u00e9l\u00e9gitimer par l\u2019abstention ou les votes blancs et nuls. \u00bb  Le d\u00e9l\u00e9gitimer, contester la validit\u00e9 de cette \u00e9lection, voil\u00e0 ce que devait-\u00eatre, ce que doit-\u00eatre encore l\u2019angle d\u2019attaque contre \u00ab l\u2019union nationale macronienne de toutes les droites r\u00e9actionnaires coalis\u00e9es. Il faut se donner pour objectif de faire\u00ab mettre bas \u00bb la crise institutionnelle dont la situation est grosse.  Patrick Seignon. \u00ab lavoiedessansvoix.fr \u00bb. Dimanche 12 novembre 2017. (Publi\u00e9 lundi 13)<\/p>\n","protected":false},"excerpt":{"rendered":"<p>PSCHITT ! Une p\u00e9tition sign\u00e9e par un nombre record de fran\u00e7ais, une mobilisation puissante avec gr\u00e8ves et manifestations, une opinion [&hellip;]<\/p>\n","protected":false},"author":1,"featured_media":4403,"comment_status":"open","ping_status":"open","sticky":false,"template":"","format":"standard","meta":{"sfsi_plus_gutenberg_text_before_share":"","sfsi_plus_gutenberg_show_text_before_share":"","sfsi_plus_gutenberg_icon_type":"","sfsi_plus_gutenberg_icon_alignemt":"","sfsi_plus_gutenburg_max_per_row":"","site-sidebar-layout":"default","site-content-layout":"","ast-site-content-layout":"default","site-content-style":"default","site-sidebar-style":"default","ast-global-header-display":"","ast-banner-title-visibility":"","ast-main-header-display":"","ast-hfb-above-header-display":"","ast-hfb-below-header-display":"","ast-hfb-mobile-header-display":"","site-post-title":"","ast-breadcrumbs-content":"","ast-featured-img":"","footer-sml-layout":"","ast-disable-related-posts":"","theme-transparent-header-meta":"","adv-header-id-meta":"","stick-header-meta":"","header-above-stick-meta":"","header-main-stick-meta":"","header-below-stick-meta":"","astra-migrate-meta-layouts":"default","ast-page-background-enabled":"default","ast-page-background-meta":{"desktop":{"background-color":"var(--ast-global-color-4)","background-image":"","background-repeat":"repeat","background-position":"center center","background-size":"auto","background-attachment":"scroll","background-type":"","background-media":"","overlay-type":"","overlay-color":"","overlay-opacity":"","overlay-gradient":""},"tablet":{"background-color":"","background-image":"","background-repeat":"repeat","background-position":"center center","background-size":"auto","background-attachment":"scroll","background-type":"","background-media":"","overlay-type":"","overlay-color":"","overlay-opacity":"","overlay-gradient":""},"mobile":{"background-color":"","background-image":"","background-repeat":"repeat","background-position":"center center","background-size":"auto","background-attachment":"scroll","background-type":"","background-media":"","overlay-type":"","overlay-color":"","overlay-opacity":"","overlay-gradient":""}},"ast-content-background-meta":{"desktop":{"background-color":"var(--ast-global-color-5)","background-image":"","background-repeat":"repeat","background-position":"center center","background-size":"auto","background-attachment":"scroll","background-type":"","background-media":"","overlay-type":"","overlay-color":"","overlay-opacity":"","overlay-gradient":""},"tablet":{"background-color":"var(--ast-global-color-5)","background-image":"","background-repeat":"repeat","background-position":"center center","background-size":"auto","background-attachment":"scroll","background-type":"","background-media":"","overlay-type":"","overlay-color":"","overlay-opacity":"","overlay-gradient":""},"mobile":{"background-color":"var(--ast-global-color-5)","background-image":"","background-repeat":"repeat","background-position":"center center","background-size":"auto","background-attachment":"scroll","background-type":"","background-media":"","overlay-type":"","overlay-color":"","overlay-opacity":"","overlay-gradient":""}},"footnotes":""},"categories":[16],"tags":[],"class_list":["post-818","post","type-post","status-publish","format-standard","has-post-thumbnail","hentry","category-archives-cms"],"_links":{"self":[{"href":"https:\/\/lavoiedessansvoix.fr\/lavoie\/wp-json\/wp\/v2\/posts\/818","targetHints":{"allow":["GET"]}}],"collection":[{"href":"https:\/\/lavoiedessansvoix.fr\/lavoie\/wp-json\/wp\/v2\/posts"}],"about":[{"href":"https:\/\/lavoiedessansvoix.fr\/lavoie\/wp-json\/wp\/v2\/types\/post"}],"author":[{"embeddable":true,"href":"https:\/\/lavoiedessansvoix.fr\/lavoie\/wp-json\/wp\/v2\/users\/1"}],"replies":[{"embeddable":true,"href":"https:\/\/lavoiedessansvoix.fr\/lavoie\/wp-json\/wp\/v2\/comments?post=818"}],"version-history":[{"count":1,"href":"https:\/\/lavoiedessansvoix.fr\/lavoie\/wp-json\/wp\/v2\/posts\/818\/revisions"}],"predecessor-version":[{"id":3655,"href":"https:\/\/lavoiedessansvoix.fr\/lavoie\/wp-json\/wp\/v2\/posts\/818\/revisions\/3655"}],"wp:featuredmedia":[{"embeddable":true,"href":"https:\/\/lavoiedessansvoix.fr\/lavoie\/wp-json\/wp\/v2\/media\/4403"}],"wp:attachment":[{"href":"https:\/\/lavoiedessansvoix.fr\/lavoie\/wp-json\/wp\/v2\/media?parent=818"}],"wp:term":[{"taxonomy":"category","embeddable":true,"href":"https:\/\/lavoiedessansvoix.fr\/lavoie\/wp-json\/wp\/v2\/categories?post=818"},{"taxonomy":"post_tag","embeddable":true,"href":"https:\/\/lavoiedessansvoix.fr\/lavoie\/wp-json\/wp\/v2\/tags?post=818"}],"curies":[{"name":"wp","href":"https:\/\/api.w.org\/{rel}","templated":true}]}}