{"id":816,"date":"2017-12-10T16:24:00","date_gmt":"2017-12-10T15:24:00","guid":{"rendered":"https:\/\/lavoiedessansvoix.fr\/lavoie\/2017\/12\/10\/archive-spleen\/"},"modified":"2026-04-26T21:29:36","modified_gmt":"2026-04-26T19:29:36","slug":"archive-spleen","status":"publish","type":"post","link":"https:\/\/lavoiedessansvoix.fr\/lavoie\/2017\/12\/10\/archive-spleen\/","title":{"rendered":"SPLEEN"},"content":{"rendered":"<p>SPLEEN   Mes apparitions sur la toile se sont faites rares ces derniers mois, au point que vous pourriez croire \u00e0 une d\u00e9sertion ou \u00e0 une capitulation. Il n\u2019en est rien. Je m\u2019en suis d\u00e9j\u00e0 excus\u00e9 pr\u00e9c\u00e9demment et en ai donn\u00e9 quelques explications. Un \u00ab spleen \u00bb mortif\u00e8re me ronge qui m\u2019a contraint \u00e0 une p\u00e9riode d\u2019introspection. Je ressasse mon d\u00e9go\u00fbt, je rumine mes col\u00e8res, Le temps va venir bient\u00f4t o\u00f9 je r\u00e9gurgiterai mes naus\u00e9es et mes indignations sous la forme d\u2019Odes \u00e0 la raison et de vibrants appels \u00e0 la r\u00e9volte.  J\u2019ai eu comme tout un chacun plusieurs vies ant\u00e9rieures. Dans la nouvelle, qui a commenc\u00e9 voil\u00e0 vingt ans, je me suis pr\u00e9sent\u00e9 sur la toile, c\u2019est mon nouveau \u00ab statut \u00bb, un peu immodeste j\u2019en conviens, comme \u00ab\u00a0Chroniqueur, \u00e9crivain, po\u00e8te\u00a0\u00bb. Certains r\u00e9seaux me Harc\u00e8lent qui veulent connaitre mes universit\u00e9s et les titres dont je pourrai me pr\u00e9valoir. Ah, si j\u2019\u00e9tais \u00ab lettr\u00e9 \u00bb, docteur ou \u00e9narque, combien je serai plus respectable, combien de portes s\u2019ouvriraient \u00e0 moi, combien de micros se tendraient et de studios m\u2019accueilleraient. Dans ce monde guind\u00e9 o\u00f9 le formatage syst\u00e9matique tient leu de science et de raison, on ignore ou m\u00e9prise de possibles tr\u00e9sors au fait qu\u2019on ne peut \u00e9tablir de mani\u00e8re fiable leur \u00ab tra\u00e7abilit\u00e9 \u00bb. A l\u2019instar de celui de la \u00ab grande consommation \u00bb on voudrait contraindre le consommateur moderne  de science de culture et de pens\u00e9es \u00e0 n\u2019accorder \u00ab d\u2019int\u00e9r\u00eat \u00bb qu\u2019aux \u0153uvres correctement \u00e9tiquet\u00e9es et labellis\u00e9es : quand c\u2019est \u00ab marqu\u00e9 dessus comme le port-salut \u00bb.  Je n\u2019en ai cure.   Les universit\u00e9s de la vie ne sont-elles pas les meilleures ? Mes titres je les ai acquis par mes lectures l\u2019\u00e9change et la m\u00e9ditation mais aussi dans les combats de l\u2019existence.et les \u00e9preuves qui sont autant de \u00ab contr\u00f4le permanents des connaissances \u00bb. Ceux qui m\u00e9prisent ces titres l\u00e0 et qui se croient savants p\u00eachent par vanit\u00e9, ils n\u2019ont rien retenu ni compris de Voltaire qui a dit \u00ab\u00a0qu\u2019une t\u00eate bien faite vaut mieux qu\u2019une t\u00eate bien remplie\u00a0\u00bb, ni de Rousseau qui a \u00e9crit : \u00ab Je pense que quand on a une fois l\u2019entendement ouvert par l\u2019habitude de r\u00e9fl\u00e9chir, il vaut toujours mieux trouver de soi-m\u00eame les choses qu\u2019on trouverait dans les livres ; (la nouvelle Elo\u00efse \u00bb Lettre XII de Saint-Preux \u00e0 Julie.)\u2026..  Des \u00e9v\u00e8nements qui m\u2019affectent personnellement, dont j\u2019ai eu connaissance hier, et la pluie grise de ce jour me pr\u00e9cipitent dans une infinie tristesse. Le vieux pommier a chu sous la bourrasque. Alors il me revient \u00e0 la m\u00e9moire un de mes nombreux textes de jeunesse, perdus (perdue aussi), une chanson \u00e9crite sur une m\u00e9lodie lancinante,  probablement dans une semblable p\u00e9riode d\u2019accablement.  Le partage n\u2019est-il pas la plus s\u00fbre des m\u00e9dications aux maux qu\u2019engendrent nos r\u00e9alit\u00e9s sociales. Comme une midinette \u00e0 \u00ab Tournez man\u00e8ge \u00bb j\u2019ai besoin de me livrer. J\u2019ai envie de lever un bout du voile tant pris\u00e9 que porte chaque \u00eatre et qu\u2019il devrait se garder de n\u2019\u00f4ter jamais totalement.  O ! Ne vous m\u2019apprenez pas. Je ne vais pas me d\u00e9nuder. Comme je viens de l\u2019\u00e9crire, en publiant ce texte, il ne s\u2019agira pour moi de ne lever qu\u2019un petit bout du voile pudique dont je revendique \u00e2prement le droit de le porter.  Demain L\u2019automne   Que je ne verrai pas    Avec ses accents de matrone  Avec la pluie couvrant ses pas  Sur les coteaux rouges et jaunes  Tapis sous un ciel vert de gris  Avec les amours monotones  Qu\u2019elle glane sur les parvis  Que le printemps qui prend le Rh\u00f4ne  Dans la p\u00e9niche de l\u2019ennui  A d\u00e9sert\u00e9 \u00e0 petits pas.    Et le ciel sur le Rh\u00f4ne *  Ecart\u00e8le les bras  Et les buissons frissonnent  Lorsque sonne le glas  La bise polissonne  Vient agiter l\u2019\u00e9clat  D\u2019une flamme qui fuit  Puis au flanc de l\u2019automne  S\u2019en va coucher la pluie.  Amante de personne  Dans sa m\u00e9lancolie  Qui pleure dans ses draps.    Demain sera l\u2019automne  Et je ne serai pas.  Alors prenant le Rh\u00f4ne   Ouvrant ses larges bras  Au seuil de l\u2019Azur recueillie  Un printemps reviendra  Pour bouter hors l\u2019automne  Amour refleurira    Mais mon c\u0153ur atone  Lui ne fleurira pas.    Il meurt cet automne  Pour la derni\u00e8re foi.     Mon c\u0153ur mort ? Pour la derni\u00e8re foi ? N\u2019en croyez rien amis, il ne s\u2019agit l\u00e0 que de ces exc\u00e8s de langage auxquels conduit l\u2019emphase propre au genre po\u00e9tique. D\u2019ailleurs ce po\u00e8me est ancien, il date de mon adolescence, et mon c\u0153ur de lion a depuis ces ann\u00e9e-l\u00e0 rugit encore \u00e0 mainte reprises. J\u2019arrive, je reviens. A bient\u00f4t pour de nouveaux combats.  Patrick Seignon. \u00ab lavoiedessansvoix.fr \u00bb. Dimanche 10 d\u00e9cembre 2017.<\/p>\n","protected":false},"excerpt":{"rendered":"<p>SPLEEN Mes apparitions sur la toile se sont faites rares ces derniers mois, au point que vous pourriez croire \u00e0 [&hellip;]<\/p>\n","protected":false},"author":1,"featured_media":4401,"comment_status":"open","ping_status":"open","sticky":false,"template":"","format":"standard","meta":{"sfsi_plus_gutenberg_text_before_share":"","sfsi_plus_gutenberg_show_text_before_share":"","sfsi_plus_gutenberg_icon_type":"","sfsi_plus_gutenberg_icon_alignemt":"","sfsi_plus_gutenburg_max_per_row":"","site-sidebar-layout":"default","site-content-layout":"","ast-site-content-layout":"default","site-content-style":"default","site-sidebar-style":"default","ast-global-header-display":"","ast-banner-title-visibility":"","ast-main-header-display":"","ast-hfb-above-header-display":"","ast-hfb-below-header-display":"","ast-hfb-mobile-header-display":"","site-post-title":"","ast-breadcrumbs-content":"","ast-featured-img":"","footer-sml-layout":"","ast-disable-related-posts":"","theme-transparent-header-meta":"","adv-header-id-meta":"","stick-header-meta":"","header-above-stick-meta":"","header-main-stick-meta":"","header-below-stick-meta":"","astra-migrate-meta-layouts":"default","ast-page-background-enabled":"default","ast-page-background-meta":{"desktop":{"background-color":"var(--ast-global-color-4)","background-image":"","background-repeat":"repeat","background-position":"center center","background-size":"auto","background-attachment":"scroll","background-type":"","background-media":"","overlay-type":"","overlay-color":"","overlay-opacity":"","overlay-gradient":""},"tablet":{"background-color":"","background-image":"","background-repeat":"repeat","background-position":"center center","background-size":"auto","background-attachment":"scroll","background-type":"","background-media":"","overlay-type":"","overlay-color":"","overlay-opacity":"","overlay-gradient":""},"mobile":{"background-color":"","background-image":"","background-repeat":"repeat","background-position":"center center","background-size":"auto","background-attachment":"scroll","background-type":"","background-media":"","overlay-type":"","overlay-color":"","overlay-opacity":"","overlay-gradient":""}},"ast-content-background-meta":{"desktop":{"background-color":"var(--ast-global-color-5)","background-image":"","background-repeat":"repeat","background-position":"center center","background-size":"auto","background-attachment":"scroll","background-type":"","background-media":"","overlay-type":"","overlay-color":"","overlay-opacity":"","overlay-gradient":""},"tablet":{"background-color":"var(--ast-global-color-5)","background-image":"","background-repeat":"repeat","background-position":"center center","background-size":"auto","background-attachment":"scroll","background-type":"","background-media":"","overlay-type":"","overlay-color":"","overlay-opacity":"","overlay-gradient":""},"mobile":{"background-color":"var(--ast-global-color-5)","background-image":"","background-repeat":"repeat","background-position":"center center","background-size":"auto","background-attachment":"scroll","background-type":"","background-media":"","overlay-type":"","overlay-color":"","overlay-opacity":"","overlay-gradient":""}},"footnotes":""},"categories":[16],"tags":[],"class_list":["post-816","post","type-post","status-publish","format-standard","has-post-thumbnail","hentry","category-archives-cms"],"_links":{"self":[{"href":"https:\/\/lavoiedessansvoix.fr\/lavoie\/wp-json\/wp\/v2\/posts\/816","targetHints":{"allow":["GET"]}}],"collection":[{"href":"https:\/\/lavoiedessansvoix.fr\/lavoie\/wp-json\/wp\/v2\/posts"}],"about":[{"href":"https:\/\/lavoiedessansvoix.fr\/lavoie\/wp-json\/wp\/v2\/types\/post"}],"author":[{"embeddable":true,"href":"https:\/\/lavoiedessansvoix.fr\/lavoie\/wp-json\/wp\/v2\/users\/1"}],"replies":[{"embeddable":true,"href":"https:\/\/lavoiedessansvoix.fr\/lavoie\/wp-json\/wp\/v2\/comments?post=816"}],"version-history":[{"count":1,"href":"https:\/\/lavoiedessansvoix.fr\/lavoie\/wp-json\/wp\/v2\/posts\/816\/revisions"}],"predecessor-version":[{"id":3651,"href":"https:\/\/lavoiedessansvoix.fr\/lavoie\/wp-json\/wp\/v2\/posts\/816\/revisions\/3651"}],"wp:featuredmedia":[{"embeddable":true,"href":"https:\/\/lavoiedessansvoix.fr\/lavoie\/wp-json\/wp\/v2\/media\/4401"}],"wp:attachment":[{"href":"https:\/\/lavoiedessansvoix.fr\/lavoie\/wp-json\/wp\/v2\/media?parent=816"}],"wp:term":[{"taxonomy":"category","embeddable":true,"href":"https:\/\/lavoiedessansvoix.fr\/lavoie\/wp-json\/wp\/v2\/categories?post=816"},{"taxonomy":"post_tag","embeddable":true,"href":"https:\/\/lavoiedessansvoix.fr\/lavoie\/wp-json\/wp\/v2\/tags?post=816"}],"curies":[{"name":"wp","href":"https:\/\/api.w.org\/{rel}","templated":true}]}}