{"id":813,"date":"2017-12-25T17:15:00","date_gmt":"2017-12-25T16:15:00","guid":{"rendered":"https:\/\/lavoiedessansvoix.fr\/lavoie\/2017\/12\/25\/archive-on-ne-plaisante-plus\/"},"modified":"2026-04-26T21:28:58","modified_gmt":"2026-04-26T19:28:58","slug":"archive-on-ne-plaisante-plus","status":"publish","type":"post","link":"https:\/\/lavoiedessansvoix.fr\/lavoie\/2017\/12\/25\/archive-on-ne-plaisante-plus\/","title":{"rendered":"ON NE PLAISANTE PLUS"},"content":{"rendered":"<p>ON NE PLAISANTE PLUS Je ne plaisanterai plus. Plus jamais je ne poserai la question : pourquoi un juif ne peut-il pas \u00eatre boulanger ? Je ne plaisanterais plus \u00e0 propos des \u00ab blondes \u00bb ni des \u00ab folles \u00bb et encore moins des trisomiques  Patrick Timsit en a fait les frais.  Un humoriste fait sur France 2 une plaisanterie bien grasse, il faut en convenir, il est licenci\u00e9 illico.  Vos gueules l\u00e0-dedans ! On ne rit pas ! On ne plaisante plus. Fran\u00e7ais ravalaient votre gouaille l\u00e9gendaire ! On ne dit plus \u00ab Merde \u00e0 Vauban ! \u00bb  Nous avions averti au temps de la cabale contre Dieudonn\u00e9, qu\u2019il s\u2019agissait d\u2019une affaire grave d\u2019agression contre la libert\u00e9 d\u2019expression. T\u00e9tanis\u00e9s par l\u2019accusation d\u2019antis\u00e9mitisme qui \u00e9tait port\u00e9 contre cet humoriste, tous capitul\u00e8rent ou se turent (ce qui est la forme honteuse de la capitulation).  Les lois m\u00e9morielles et versions officielles de l\u2019histoire (Shoa, G\u00e9nocide Arm\u00e9nien,  G\u00e9nocide Ruandais, G\u00e9nocide Cambodgien, Hitl\u00e9risme, Serbie, printemps arabe, terrorisme islamique, etc\u2026 J\u2019en passe)  se multiplient qui fixent la v\u00e9rit\u00e9 officielle unique, obligatoire et indiscutable. Des lois se multiplient, pr\u00e9tendument, pour prot\u00e9ger les femmes, les homosexuels, les handicap\u00e9s, les enfants, les pi\u00e9tons, les automobilistes, les animaux domestiques, les mineurs, les fumeurs contre eux-m\u00eames et les alcooliques. Le l\u00e9gislateur codifie le langage, r\u00e9prime l\u2019indignation et la col\u00e8re. Drapeau de la tol\u00e9rance et des libert\u00e9s individuelles en t\u00eate, p\u00e9n\u00e8tre chaque jours d\u2019avantage nos vie priv\u00e9es, notre intimit\u00e9, r\u00e9gente nos relations \u00e0 autrui et \u00e0 nos enfants, dit ce qui est bon pour notre sant\u00e9.et sanctionne nos \u00ab conduites \u00e0 risques \u00bb. Plus de P\u00e9d\u00e9s, plus de salopes, plus d\u2019ordures, plus de connard, plus de trisos, plus de fess\u00e9es. On roule \u00ab au pas \u00bb, on ne fume pas, on ne boit ni ne mange en roulant, les deux mains sur le volant s\u2019il vous plait, dans la position de 10 heures 10. On n\u2019injurie pas le salaud qui vient de vous faire une \u00ab t\u00eate \u00e0 queue \u00bb en voiture, on ne sait jamais, s\u2019il s\u2019av\u00e8re que ce \u00ab chauffard est un juif \u00bb vous risquez d\u2019\u00e9coper outre une condamnation pour injure et outrage \u00e0 autrui d\u2019une autre beaucoup plus grave pour acte antis\u00e9mite \u00bb. Et puisque \u00e0 pr\u00e9sent la France s\u2019excuse \u00e0 peu de frais des crimes r\u00e9els ou suppos\u00e9s dont ce sont rendus coupables nos grand- p\u00e8res (Bonne m\u00e9thode pour \u00e9luder nos crimes du moment) pourquoi ne demanderait-on pas pardon \u00e0 \u00ab Messieurs les anglais \u00bb pour la grossi\u00e8ret\u00e9 de Cambronne ?  Ils veulent une soci\u00e9t\u00e9 lisse calme et polie ou l\u2019indignation et la col\u00e8re, m\u00eame l\u00e9gitimes, sont bannies de l\u2019espace public. ou les \u00e9tats d\u2019\u00e2mes ne peuvent s\u2019exprimer o\u00f9 il est interdit \u00ab de p\u00e9ter les plombs \u00bb, de dire parce que c\u2019est vrai, \u00e0 un triste connard qu\u2019il est un emmerdeur et qu\u2019il aille se faire foutre et encore moins de lui mettre un poing sur sa gueule de \u00ab i \u00bb.   Ils auront une soci\u00e9t\u00e9 oppressante, une cocote minute couvercle ferm\u00e9 et sifflet bloqu\u00e9, une bombe \u00e0 retardement, ou la violence contenue, inexprim\u00e9e, r\u00e9prim\u00e9e (pourtant y avez-vous song\u00e9, la r\u00e9pression n\u2019est-elle pas elle-m\u00eame qu\u2019une des expressions de la violence sociale ?) finira pas exploser et balayer tous ces faux-culs, ces cols-blancs, ces \u00ab bobos de merde, ces petits trouducs \u00bb trop lisses, trop bien mis, trop \u00ab polis \u00bb pour \u00eatre honn\u00eates, les  m\u00eames savez-vous qui injurient les travailleurs protestataires qui \u00ab foutent le bordel \u00bb, les chefs \u00ab\u00a0d\u2019Etat-n\u00e8gres\u00a0\u00bb juste bons \u00e0 r\u00e9parer la climatisation, .ou ceux-l\u00e0 m\u00eames \u00ab les fain\u00e9ants \u00bb qui triment pour leur gagner leur caviar leur pots de vin et leurs dividendes.  Les faux-culs ai-je bien dit. Pensez un peu. Ils nous ont rebattues les oreilles avec la libert\u00e9 d\u2019expression et de caricature, qui est, il va sans dire, une forme parfois sans finesse de la plaisanterie. Ils ont revendiqu\u00e9 le droit au blasph\u00e8me, surtout quand il s\u2019agissait d\u2019offenser les musulmans Mettre une bombe dans le turban de Mahomet rien que de tr\u00e8s normal (Tentez seulement de faire l\u2019\u00e9quivalent \u00e0 propos de J\u00e9hovah l\u00e2chant des bombes au phosphore sur Gaza, ou seulement \u00e0 propos des interdits alimentaires du juda\u00efsme). Or, ce sont les m\u00eames qui licencient un humoriste, pas bien fut\u00e9 il va sans dire.   Mais le sont-ils eux-m\u00eames d\u2019avantage ?Nous ne plaisantons plus. Nous allons nous mettre en col\u00e8re.  Patrick Seignon. \u00ab lavoiedessansvoix.fr \u00bb. Lundi 25 d\u00e9cembre 2017.<\/p>\n","protected":false},"excerpt":{"rendered":"<p>ON NE PLAISANTE PLUS Je ne plaisanterai plus. Plus jamais je ne poserai la question : pourquoi un juif ne [&hellip;]<\/p>\n","protected":false},"author":1,"featured_media":4398,"comment_status":"open","ping_status":"open","sticky":false,"template":"","format":"standard","meta":{"sfsi_plus_gutenberg_text_before_share":"","sfsi_plus_gutenberg_show_text_before_share":"","sfsi_plus_gutenberg_icon_type":"","sfsi_plus_gutenberg_icon_alignemt":"","sfsi_plus_gutenburg_max_per_row":"","site-sidebar-layout":"default","site-content-layout":"","ast-site-content-layout":"default","site-content-style":"default","site-sidebar-style":"default","ast-global-header-display":"","ast-banner-title-visibility":"","ast-main-header-display":"","ast-hfb-above-header-display":"","ast-hfb-below-header-display":"","ast-hfb-mobile-header-display":"","site-post-title":"","ast-breadcrumbs-content":"","ast-featured-img":"","footer-sml-layout":"","ast-disable-related-posts":"","theme-transparent-header-meta":"","adv-header-id-meta":"","stick-header-meta":"","header-above-stick-meta":"","header-main-stick-meta":"","header-below-stick-meta":"","astra-migrate-meta-layouts":"default","ast-page-background-enabled":"default","ast-page-background-meta":{"desktop":{"background-color":"var(--ast-global-color-4)","background-image":"","background-repeat":"repeat","background-position":"center center","background-size":"auto","background-attachment":"scroll","background-type":"","background-media":"","overlay-type":"","overlay-color":"","overlay-opacity":"","overlay-gradient":""},"tablet":{"background-color":"","background-image":"","background-repeat":"repeat","background-position":"center center","background-size":"auto","background-attachment":"scroll","background-type":"","background-media":"","overlay-type":"","overlay-color":"","overlay-opacity":"","overlay-gradient":""},"mobile":{"background-color":"","background-image":"","background-repeat":"repeat","background-position":"center center","background-size":"auto","background-attachment":"scroll","background-type":"","background-media":"","overlay-type":"","overlay-color":"","overlay-opacity":"","overlay-gradient":""}},"ast-content-background-meta":{"desktop":{"background-color":"var(--ast-global-color-5)","background-image":"","background-repeat":"repeat","background-position":"center center","background-size":"auto","background-attachment":"scroll","background-type":"","background-media":"","overlay-type":"","overlay-color":"","overlay-opacity":"","overlay-gradient":""},"tablet":{"background-color":"var(--ast-global-color-5)","background-image":"","background-repeat":"repeat","background-position":"center center","background-size":"auto","background-attachment":"scroll","background-type":"","background-media":"","overlay-type":"","overlay-color":"","overlay-opacity":"","overlay-gradient":""},"mobile":{"background-color":"var(--ast-global-color-5)","background-image":"","background-repeat":"repeat","background-position":"center center","background-size":"auto","background-attachment":"scroll","background-type":"","background-media":"","overlay-type":"","overlay-color":"","overlay-opacity":"","overlay-gradient":""}},"footnotes":""},"categories":[16],"tags":[],"class_list":["post-813","post","type-post","status-publish","format-standard","has-post-thumbnail","hentry","category-archives-cms"],"_links":{"self":[{"href":"https:\/\/lavoiedessansvoix.fr\/lavoie\/wp-json\/wp\/v2\/posts\/813","targetHints":{"allow":["GET"]}}],"collection":[{"href":"https:\/\/lavoiedessansvoix.fr\/lavoie\/wp-json\/wp\/v2\/posts"}],"about":[{"href":"https:\/\/lavoiedessansvoix.fr\/lavoie\/wp-json\/wp\/v2\/types\/post"}],"author":[{"embeddable":true,"href":"https:\/\/lavoiedessansvoix.fr\/lavoie\/wp-json\/wp\/v2\/users\/1"}],"replies":[{"embeddable":true,"href":"https:\/\/lavoiedessansvoix.fr\/lavoie\/wp-json\/wp\/v2\/comments?post=813"}],"version-history":[{"count":1,"href":"https:\/\/lavoiedessansvoix.fr\/lavoie\/wp-json\/wp\/v2\/posts\/813\/revisions"}],"predecessor-version":[{"id":3645,"href":"https:\/\/lavoiedessansvoix.fr\/lavoie\/wp-json\/wp\/v2\/posts\/813\/revisions\/3645"}],"wp:featuredmedia":[{"embeddable":true,"href":"https:\/\/lavoiedessansvoix.fr\/lavoie\/wp-json\/wp\/v2\/media\/4398"}],"wp:attachment":[{"href":"https:\/\/lavoiedessansvoix.fr\/lavoie\/wp-json\/wp\/v2\/media?parent=813"}],"wp:term":[{"taxonomy":"category","embeddable":true,"href":"https:\/\/lavoiedessansvoix.fr\/lavoie\/wp-json\/wp\/v2\/categories?post=813"},{"taxonomy":"post_tag","embeddable":true,"href":"https:\/\/lavoiedessansvoix.fr\/lavoie\/wp-json\/wp\/v2\/tags?post=813"}],"curies":[{"name":"wp","href":"https:\/\/api.w.org\/{rel}","templated":true}]}}