{"id":811,"date":"2018-01-28T17:32:00","date_gmt":"2018-01-28T16:32:00","guid":{"rendered":"https:\/\/lavoiedessansvoix.fr\/lavoie\/2018\/01\/28\/archive-que-dire-de-l-intervention-turque-en-syrie\/"},"modified":"2026-04-26T21:28:40","modified_gmt":"2026-04-26T19:28:40","slug":"archive-que-dire-de-l-intervention-turque-en-syrie","status":"publish","type":"post","link":"https:\/\/lavoiedessansvoix.fr\/lavoie\/2018\/01\/28\/archive-que-dire-de-l-intervention-turque-en-syrie\/","title":{"rendered":"QUE DIRE DE L\u2019INTERVENTION TURQUE EN SYRIE"},"content":{"rendered":"<p>QUE DIRE DE L\u2019INTERVENTION TURQUE EN SYRIE  Voil\u00e0 donc que la Turquie a lanc\u00e9 une importante op\u00e9ration militaire en territoire syrien. Cela fait bien longtemps qu&rsquo;elle r\u00eavait d\u2019une telle incursion. En 2016 d\u00e9j\u00e0 l\u2019hypoth\u00e8se d\u2019une intervention associ\u00e9e \u00ab arabo-turque \u00bb avait \u00e9t\u00e9 envisag\u00e9e. Il se serait agi en ce cas d\u2019une immixtion de la Turquie dans le conflit syrien aux c\u00f4t\u00e9s de ses alli\u00e9s d\u2019alors saoudiens et am\u00e9ricains. Or l\u2019intervention actuelle est tout autre. Visant les milices kurdes alli\u00e9es des am\u00e9ricains elle t\u00e9moigne du renversement de facto des alliances qui se sont produites dans cet intervalle de temps. Ce renversement d\u2019alliance ressort d\u2019une \u00e9volution radicale de la perception Turque du conflit r\u00e9gional cons\u00e9cutive aux errements de la politique am\u00e9ricaine.   Nous avons affirm\u00e9 de tous temps, et les faits nous ont donn\u00e9 raison, que, ni l\u2019intervention russe, ni la consolidation du r\u00e9gime l\u00e9gal syrien, ni la d\u00e9faite de Daesh, ne changeaient rien au fond \u00e0 la politique syrienne de l\u2019administration am\u00e9ricaine (et de son ind\u00e9fectible alli\u00e9 fran\u00e7ais) qui poursuit toujours les m\u00eames buts seulement par d\u2019autres voies et moyens. Le cartel occidental \u00e9tait certes bien oblig\u00e9 d\u2019int\u00e9grer \u00e0 ses plans \u00ab la nouvelle donne \u00bb induite par l\u2019intervention russe, mais \u2026 \u00ab \u00ab Int\u00e9grer (la nouvelle donne) ne veut pas dire renoncer \u00e0 leurs desseins, \u00bb  \u00e9crivions-nous le 23 avril 2016 \u00ab \u00ab Le jugement de Salomon \u00bb  (Syrie). Cela signifie seulement \u00ab adapter \u00e0 la nouvelle situation les moyens de parvenir aux m\u00eames buts.  Or, \u00ab  Le but politique g\u00e9n\u00e9ral poursuivit, par-del\u00e0 le fait de se d\u00e9barrasser des r\u00e9gimes honnis (la\u00efque BAAS iraquien, Jamahiriya libyenne, la\u00efque BAAS syrien, Islamique Chiite Iranien) est la \u00ab balkanisation \u00bb du Moyen-Orient arabe. Redessiner 3, 4, ou davantage d\u2019Etats ethniques ou religieux, (Kurde, Chiite, Alaouites, chr\u00e9tiens, sunnites, etc.) dans chacune des nations h\u00e9rit\u00e9e du partage, en 1916, entre brigands imp\u00e9rialistes, de la d\u00e9pouille de l\u2019Empire Ottoman. \u00bb  Nous pr\u00e9cisions  \u00ab Poursuivre le m\u00eame combat par d\u2019autres voies et moyens \u00bb Ne peut-il s\u2019agir aussi \u00ab de la proclamation d\u2019un \u00e9tat Kurde qui ferait exploser la Syrie et l\u2019Irak, et impacterait la Turquie et l\u2019Iran. Celle-ci serait de nature \u00e0 bouleverser la disposition des forces voire \u00e0 renverser un certain nombre d\u2019alliances ou d\u2019inimit\u00e9s r\u00e9gionales. \u00bb  \u00ab On le voit, une intense activit\u00e9 diplomatique se d\u00e9ploie autour de la question Kurde qui pourrait bien \u00eatre le \u00ab Joker \u00bb avec lequel les USA tenteraient de transformer en victoire la d\u00e9b\u00e2cle de leur politique moyen-orientale. \u00bb (Le joker Kurde d\u2019Obama 23 mars 2016)  C\u2019est donc bien ce qui s\u2019est produit. Et l\u2019intervention Turque d\u2019\u00e0 pr\u00e9sent n\u2019est que la r\u00e9plique induite et in\u00e9vitable \u00e0 cette politique.  Condamner l\u2019intervention Turque ? Mais ne  serait-ce pas admettre que par une voie o\u00f9 une autre l\u2019imp\u00e9rialisme am\u00e9ricain est justifi\u00e9 \u00e0 atteindre ses objectifs et que le monde n\u2019a d\u2019autre option que de s\u2019y soumettre. Est-il \u00e9crit quelque part que de fa\u00e7on ou d\u2019autre les USA doivent toujours avoir raison ? Comment pourrait-on de mani\u00e8re coh\u00e9rente s\u2019inscrire en faux contre l\u2019interventionnisme US qui vise \u00e0 balkaniser le Moyen-Orient, et sous pr\u00e9texte de solidarit\u00e9 avec la revendication nationale Kurde, admettre que la d\u00e9fense de celle-ci produise les m\u00eames effets au profit des m\u00eames acteurs ?   Nous ne sommes pas indiff\u00e9rents aux revendications nationales Kurdes. Nous avions m\u00eame un faible pour celles port\u00e9es par le PKK (Parti communiste du Kurdistan) en cela pr\u00e9cis\u00e9ment qu\u2019elles \u00e9taient anticapitalistes et anti imp\u00e9rialistes. Mais comment ne pas voir qu\u2019en s\u2019enr\u00f4lant dans l\u2019alliance occidentale les nationalistes Kurdes se font l\u2019instrument de la politique imp\u00e9rialiste des USA ? Le PKK a-t-il v\u00e9ritablement suivit cette trajectoire ? Si c\u2019est le cas c\u2019est une faute r\u00e9dhibitoire et impardonnable qu\u2019il payera sans nul doute au prix du sang comme d\u2019autres partis communistes ( Chinois   ou Indon\u00e9siens   ) avant lui pay\u00e8rent leurs alliances contre nature.   Erdogan attaque les Kurdes ? Certes, il entend d\u00e9truire la nouvelle arm\u00e9e mercenaire recrut\u00e9e par les USA pour poursuivre par d\u2019autres voies les buts qu\u2019ils n\u2019ont pas r\u00e9ussi \u00e0 atteindre en enr\u00f4lant pr\u00e9c\u00e9demment les milices radicales islamistes.   Or, il y a des gens chez nous, assez na\u00effs pour les uns, assez barbares pour les autres, qui s\u2019\u00e9meuvent sinc\u00e8rement ou pleurent des larmes de crocodiles sur ces \u00ab pauvres Kurdes qui ont men\u00e9 pour nous (occidentaux) et au premier rang la guerre contre Daesh et qu\u2019on laisse seuls aux prises avec l\u2019arm\u00e9e turque. Des imb\u00e9ciles ou des irresponsables qui voudraient que l\u2019on vole au secours de ceux-ci fusse au prix d\u2019un conflit ouvert des USA avec la Turquie. Des qui militent en vrai, les salauds, pour une extension de l\u2019horrible guerre r\u00e9gionale qui \u00e0 leur sens, n\u2019a semble-t-il  pas encore assez faits de victimes et de d\u00e9g\u00e2ts.  Un conflit ouvert entre Turcs et Am\u00e9ricains, entre \u00ab OTAN et OTAN \u00bb ? A priori les USA doivent se garder d\u2019une telle d\u00e9rive. Non parce qu\u2019elle ferait rentrer la Turquie de plain-pied dans la guerre r\u00e9gionale, mais parce qu\u2019elle est lourde de cons\u00e9quences d\u00e9sastreuses pour eux-m\u00eames et pour l\u2019OTAN. Imaginez, les USA forc\u00e9s de d\u00e9m\u00e9nager la base d\u2019Incirlik qui est essentielle \u00e0 leur pr\u00e9sence militaire sur le th\u00e9\u00e2tre d\u2019op\u00e9ration moyen-oriental. L\u2019OTAN qui en perdant la Turquie perdrait du m\u00eame coup le contr\u00f4le des d\u00e9troits (Dardanelles et Bosphore) qui ouvrent la mer noire vers la M\u00e9diterran\u00e9e, ruinant en cela tous les efforts entrepris dans sa politique ukrainienne, pour le contr\u00f4le de celle-ci. Mais la politique moyen-orientale des USA est \u00e0 la d\u00e9rive. Elle a subi en Syrie avec ses alli\u00e9es les milices islamistes radicales, plus qu\u2019une d\u00e9faite, une v\u00e9ritable d\u00e9b\u00e2cle. La carte Kurde tir\u00e9e par Obama et que Trump veut jouer \u00e0 pr\u00e9sent, est celle de la panique et de la fuite en avant. La politique arabe des USA nage \u00e0 pr\u00e9sent dans des eaux plus troubles que jamais, aux limites du rationnel. O\u00f9 peut conduire pareille d\u00e9rive ? Nul ne peut le pr\u00e9dire, et si l\u2019int\u00e9r\u00eat bien compris des USA est de faire le dos rond face \u00e0 Erdogan, nul ne peut affirmer qu\u2019ils s\u2019en tiendront \u00e0 cela.   La Turquie a pris l\u2019initiative d\u2019une intervention anti Kurde. La tache lui en incombait naturellement. Et quoique en disent les uns et les autres elle fait l\u2019affaire de toute l\u2019alliance r\u00e9gionale (Russie, Iran, Syrie, Irak) Aucun de ces pays ne pouvait prendre une telle initiative, sans s\u2019exposer aux foudres des USA et leur fournir pr\u00e9texte \u00e0 une intervention massive directe soutenue par Isra\u00ebl militant de la cause nationaliste kurde. Or tous ont un int\u00e9r\u00eat bien senti \u00e0 rappeler les kurdes aux r\u00e9alit\u00e9s. L\u2019Iran, l\u2019Irak et la Syrie, parce que comme la Turquie ils seraient directement impact\u00e9s par la mont\u00e9e en puissance de la s\u00e9cession kurde, La Russie parce que l\u2019\u00e9clatement des Etats actuel consacrerait la victoire \u00e0 l \u00bbarrach\u00e9e des USA et la d\u00e9faite de son principe de d\u00e9fense des fronti\u00e8res existantes.   La Syrie entend \u00e0 juste titre recouvrer totalement son int\u00e9grit\u00e9 territoriale. Il lui \u00e9tait difficile, \u00e0 plusieurs titres d\u2019entreprendre la r\u00e9duction des zones kurdes sous protection am\u00e9ricaine. C\u2019eut \u00e9t\u00e9 fournir \u00e0 l\u2019oncle Sam l\u2019occasion de la frapper cruellement. C\u2019est donc le nouvel alli\u00e9 r\u00e9gional turc qui profitant de ses sp\u00e9cificit\u00e9s, partage des comp\u00e9tences, s\u2019est charg\u00e9e de cette t\u00e2che d\u00e9licate et infiniment dangereuse. La Turquie n\u2019a pas dans cette affaire de pr\u00e9tentions territoriales. Ecarter le danger d\u2019une s\u00e9cession kurde telle est sa pr\u00e9occupation et en cela elle est l\u2019alli\u00e9e ind\u00e9fectible de l\u2019Irak, de l\u2019Iran, et de la Syrie. C\u2019est pourquoi elle restituera \u00e0 l\u2019\u00c9tat syrien les territoires repris aux kurdo-am\u00e9ricains. Tel est son int\u00e9r\u00eat bien compris.  Patrick Seignon. \u00ab lavoiedessansvoix.fr \u00bb. Dimanche 28 janvier 2018.<\/p>\n","protected":false},"excerpt":{"rendered":"<p>QUE DIRE DE L\u2019INTERVENTION TURQUE EN SYRIE Voil\u00e0 donc que la Turquie a lanc\u00e9 une importante op\u00e9ration militaire en territoire [&hellip;]<\/p>\n","protected":false},"author":1,"featured_media":4396,"comment_status":"open","ping_status":"open","sticky":false,"template":"","format":"standard","meta":{"sfsi_plus_gutenberg_text_before_share":"","sfsi_plus_gutenberg_show_text_before_share":"","sfsi_plus_gutenberg_icon_type":"","sfsi_plus_gutenberg_icon_alignemt":"","sfsi_plus_gutenburg_max_per_row":"","site-sidebar-layout":"default","site-content-layout":"","ast-site-content-layout":"default","site-content-style":"default","site-sidebar-style":"default","ast-global-header-display":"","ast-banner-title-visibility":"","ast-main-header-display":"","ast-hfb-above-header-display":"","ast-hfb-below-header-display":"","ast-hfb-mobile-header-display":"","site-post-title":"","ast-breadcrumbs-content":"","ast-featured-img":"","footer-sml-layout":"","ast-disable-related-posts":"","theme-transparent-header-meta":"","adv-header-id-meta":"","stick-header-meta":"","header-above-stick-meta":"","header-main-stick-meta":"","header-below-stick-meta":"","astra-migrate-meta-layouts":"default","ast-page-background-enabled":"default","ast-page-background-meta":{"desktop":{"background-color":"var(--ast-global-color-4)","background-image":"","background-repeat":"repeat","background-position":"center center","background-size":"auto","background-attachment":"scroll","background-type":"","background-media":"","overlay-type":"","overlay-color":"","overlay-opacity":"","overlay-gradient":""},"tablet":{"background-color":"","background-image":"","background-repeat":"repeat","background-position":"center center","background-size":"auto","background-attachment":"scroll","background-type":"","background-media":"","overlay-type":"","overlay-color":"","overlay-opacity":"","overlay-gradient":""},"mobile":{"background-color":"","background-image":"","background-repeat":"repeat","background-position":"center center","background-size":"auto","background-attachment":"scroll","background-type":"","background-media":"","overlay-type":"","overlay-color":"","overlay-opacity":"","overlay-gradient":""}},"ast-content-background-meta":{"desktop":{"background-color":"var(--ast-global-color-5)","background-image":"","background-repeat":"repeat","background-position":"center center","background-size":"auto","background-attachment":"scroll","background-type":"","background-media":"","overlay-type":"","overlay-color":"","overlay-opacity":"","overlay-gradient":""},"tablet":{"background-color":"var(--ast-global-color-5)","background-image":"","background-repeat":"repeat","background-position":"center center","background-size":"auto","background-attachment":"scroll","background-type":"","background-media":"","overlay-type":"","overlay-color":"","overlay-opacity":"","overlay-gradient":""},"mobile":{"background-color":"var(--ast-global-color-5)","background-image":"","background-repeat":"repeat","background-position":"center center","background-size":"auto","background-attachment":"scroll","background-type":"","background-media":"","overlay-type":"","overlay-color":"","overlay-opacity":"","overlay-gradient":""}},"footnotes":""},"categories":[16],"tags":[],"class_list":["post-811","post","type-post","status-publish","format-standard","has-post-thumbnail","hentry","category-archives-cms"],"_links":{"self":[{"href":"https:\/\/lavoiedessansvoix.fr\/lavoie\/wp-json\/wp\/v2\/posts\/811","targetHints":{"allow":["GET"]}}],"collection":[{"href":"https:\/\/lavoiedessansvoix.fr\/lavoie\/wp-json\/wp\/v2\/posts"}],"about":[{"href":"https:\/\/lavoiedessansvoix.fr\/lavoie\/wp-json\/wp\/v2\/types\/post"}],"author":[{"embeddable":true,"href":"https:\/\/lavoiedessansvoix.fr\/lavoie\/wp-json\/wp\/v2\/users\/1"}],"replies":[{"embeddable":true,"href":"https:\/\/lavoiedessansvoix.fr\/lavoie\/wp-json\/wp\/v2\/comments?post=811"}],"version-history":[{"count":1,"href":"https:\/\/lavoiedessansvoix.fr\/lavoie\/wp-json\/wp\/v2\/posts\/811\/revisions"}],"predecessor-version":[{"id":3641,"href":"https:\/\/lavoiedessansvoix.fr\/lavoie\/wp-json\/wp\/v2\/posts\/811\/revisions\/3641"}],"wp:featuredmedia":[{"embeddable":true,"href":"https:\/\/lavoiedessansvoix.fr\/lavoie\/wp-json\/wp\/v2\/media\/4396"}],"wp:attachment":[{"href":"https:\/\/lavoiedessansvoix.fr\/lavoie\/wp-json\/wp\/v2\/media?parent=811"}],"wp:term":[{"taxonomy":"category","embeddable":true,"href":"https:\/\/lavoiedessansvoix.fr\/lavoie\/wp-json\/wp\/v2\/categories?post=811"},{"taxonomy":"post_tag","embeddable":true,"href":"https:\/\/lavoiedessansvoix.fr\/lavoie\/wp-json\/wp\/v2\/tags?post=811"}],"curies":[{"name":"wp","href":"https:\/\/api.w.org\/{rel}","templated":true}]}}