{"id":809,"date":"2018-02-20T15:08:00","date_gmt":"2018-02-20T14:08:00","guid":{"rendered":"https:\/\/lavoiedessansvoix.fr\/lavoie\/2018\/02\/20\/archive-la-russie-alignee-sur-israel-avanie-et-absurdite-le-dangereux-propos-de-monsieur\/"},"modified":"2026-04-26T21:28:23","modified_gmt":"2026-04-26T19:28:23","slug":"archive-la-russie-alignee-sur-israel-avanie-et-absurdite-le-dangereux-propos-de-monsieur","status":"publish","type":"post","link":"https:\/\/lavoiedessansvoix.fr\/lavoie\/2018\/02\/20\/archive-la-russie-alignee-sur-israel-avanie-et-absurdite-le-dangereux-propos-de-monsieur\/","title":{"rendered":"LA RUSSIE ALIGNEE SUR ISRA\u00cbL ?  (Avanie et absurdit\u00e9, le dangereux propos de monsieur Frolov)"},"content":{"rendered":"<p>LA RUSSIE ALIGN\u00c9E SUR ISRA\u00cbL ?  (Avanie et absurdit\u00e9, le dangereux propos de monsieur Frolov)   Je n\u2019avais jamais entendu ou lu pareille absurdit\u00e9 \u00e9manent d\u2019un repr\u00e9sentant officiel de l\u2019\u00c9tat Russe. Je vous fais juges :  \u00ab En cas d\u2019agression contre Isra\u00ebl, non seulement les \u00c9tats-Unis seront du c\u00f4t\u00e9 d\u2019Isra\u00ebl, mais la Russie \u00e9galement prendra son parti. Nombre de nos compatriotes habitent ici en Isra\u00ebl, qui est un pays amical dans l\u2019ensemble. Ainsi nous ne permettrons aucune agression contre ce pays. \u00bb  C\u2019est ce qu\u2019a d\u00e9clar\u00e9 Monsieur Leonid Frolov, vice ambassadeur de Russie \u00e0 Tel-Aviv, dans une interview accord\u00e9 au journal \u00ab Times of Isra\u00ebl \u00bb (Source \u00ab Sputniknews 10\/O2\/2018).  Avanie. Voil\u00e0 plus de trente ans que \u00ab tourne vire \u00bb les U.S.A. r\u00eavent de d\u00e9truire le r\u00e9gime politique issu de la r\u00e9volution iranienne de 1979. Qu\u2019Isra\u00ebl leur alli\u00e9 privil\u00e9gi\u00e9 et bras arm\u00e9e au Moyen-Orient, multiplie les discours guerriers et provocations contre la R\u00e9publique islamique. S\u2019il advenait que cette guerre pour laquelle militent les U.S.A. et Isra\u00ebl devienne une r\u00e9alit\u00e9, qui serait v\u00e9ritablement l\u2019agresseur ?   Et s\u2019il advenait qu\u2019au terme d\u2019une escalade des tensions et des provocations, afin de ne pas \u00eatre t\u00e9tanis\u00e9 par une attaque Isra\u00e9lienne mena\u00e7ante, l\u2019Iran veuille la pr\u00e9venir, qui dans ce cas m\u00eame devrait-\u00eatre consid\u00e9r\u00e9 comme agresseur ? Ne serait-ce pas l\u2019imp\u00e9rialisme am\u00e9ricain et son suppl\u00e9tif moyen-oriental d\u00e8s lors qu\u2019ils auraient abouti \u00e0 la guerre pour laquelle ils militent activement depuis si longtemps.  Absurdit\u00e9. On l\u2019a entendu, si L\u2019Iran attaque Isra\u00ebl, monsieur Frolov se range aux c\u00f4t\u00e9s d\u2019Isra\u00ebl, mais si, ce qui est bien plus probable compte tenu du contexte, c\u2019est Isra\u00ebl qui attaque l\u2019Iran, que doit faire la Russie ? A-t-on jamais vu la diplomatie d\u2019un pays se positionner en fonction d\u2019un motif moral et non de ses int\u00e9r\u00eats propres ?  Par son soutien au r\u00e9gime syrien de Bachar Al-Assad, La Russie a obtenu des r\u00e9sultats consid\u00e9rables redevenant une puissance incontournable dans la r\u00e9gion du grand Moyen-Orient, se rapprochant de l\u2019Iran mais aussi de la Turquie, de l(Iraq, de l\u2019\u00c9gypte, etc.. Si les provocations multiples et agressions d\u2019Isra\u00ebl contre la Syrie aboutissait \u00e0 une guerre ouverte entre ces deux pays, conviendrait-il, au pr\u00e9texte de l\u2019implication d\u2019Isra\u00ebl ; que la Russie soutienne celui-ci pour venir enfin \u00e0 bout de Bachar El Assad contribuant ainsi \u00e0 la r\u00e9alisation des buts de guerre des U.S.A. et de la France, et \u00e0 la liquidation de ses propres int\u00e9r\u00eats dans la r\u00e9gion. ? Rayer d\u2019un trait tous ses efforts pr\u00e9c\u00e9dents. Au nom d\u2019Isra\u00ebl la Russie devrait-elle s\u2019annuler ?  Absurdit\u00e9 ou avanie ? Pire m\u00eame ! Dans le contexte actuel d\u2019accroissement des tensions et de provocation d\u2019Isra\u00ebl comme on vient de le voir en Syrie avec l\u2019affaire du pr\u00e9tendu drone Iranien, le propos irresponsable de monsieur Frolov ne r\u00e9sonne-t-il pas comme un encouragement au crime ?  Patrick Seignon. \u00ab lavoiedessansvoix.fr \u00bb. Mardi 20 f\u00e9vrier 2018.<\/p>\n","protected":false},"excerpt":{"rendered":"<p>LA RUSSIE ALIGN\u00c9E SUR ISRA\u00cbL ? (Avanie et absurdit\u00e9, le dangereux propos de monsieur Frolov) Je n\u2019avais jamais entendu ou [&hellip;]<\/p>\n","protected":false},"author":1,"featured_media":4394,"comment_status":"open","ping_status":"open","sticky":false,"template":"","format":"standard","meta":{"sfsi_plus_gutenberg_text_before_share":"","sfsi_plus_gutenberg_show_text_before_share":"","sfsi_plus_gutenberg_icon_type":"","sfsi_plus_gutenberg_icon_alignemt":"","sfsi_plus_gutenburg_max_per_row":"","site-sidebar-layout":"default","site-content-layout":"","ast-site-content-layout":"default","site-content-style":"default","site-sidebar-style":"default","ast-global-header-display":"","ast-banner-title-visibility":"","ast-main-header-display":"","ast-hfb-above-header-display":"","ast-hfb-below-header-display":"","ast-hfb-mobile-header-display":"","site-post-title":"","ast-breadcrumbs-content":"","ast-featured-img":"","footer-sml-layout":"","ast-disable-related-posts":"","theme-transparent-header-meta":"","adv-header-id-meta":"","stick-header-meta":"","header-above-stick-meta":"","header-main-stick-meta":"","header-below-stick-meta":"","astra-migrate-meta-layouts":"default","ast-page-background-enabled":"default","ast-page-background-meta":{"desktop":{"background-color":"var(--ast-global-color-4)","background-image":"","background-repeat":"repeat","background-position":"center center","background-size":"auto","background-attachment":"scroll","background-type":"","background-media":"","overlay-type":"","overlay-color":"","overlay-opacity":"","overlay-gradient":""},"tablet":{"background-color":"","background-image":"","background-repeat":"repeat","background-position":"center center","background-size":"auto","background-attachment":"scroll","background-type":"","background-media":"","overlay-type":"","overlay-color":"","overlay-opacity":"","overlay-gradient":""},"mobile":{"background-color":"","background-image":"","background-repeat":"repeat","background-position":"center center","background-size":"auto","background-attachment":"scroll","background-type":"","background-media":"","overlay-type":"","overlay-color":"","overlay-opacity":"","overlay-gradient":""}},"ast-content-background-meta":{"desktop":{"background-color":"var(--ast-global-color-5)","background-image":"","background-repeat":"repeat","background-position":"center center","background-size":"auto","background-attachment":"scroll","background-type":"","background-media":"","overlay-type":"","overlay-color":"","overlay-opacity":"","overlay-gradient":""},"tablet":{"background-color":"var(--ast-global-color-5)","background-image":"","background-repeat":"repeat","background-position":"center center","background-size":"auto","background-attachment":"scroll","background-type":"","background-media":"","overlay-type":"","overlay-color":"","overlay-opacity":"","overlay-gradient":""},"mobile":{"background-color":"var(--ast-global-color-5)","background-image":"","background-repeat":"repeat","background-position":"center center","background-size":"auto","background-attachment":"scroll","background-type":"","background-media":"","overlay-type":"","overlay-color":"","overlay-opacity":"","overlay-gradient":""}},"footnotes":""},"categories":[16],"tags":[],"class_list":["post-809","post","type-post","status-publish","format-standard","has-post-thumbnail","hentry","category-archives-cms"],"_links":{"self":[{"href":"https:\/\/lavoiedessansvoix.fr\/lavoie\/wp-json\/wp\/v2\/posts\/809","targetHints":{"allow":["GET"]}}],"collection":[{"href":"https:\/\/lavoiedessansvoix.fr\/lavoie\/wp-json\/wp\/v2\/posts"}],"about":[{"href":"https:\/\/lavoiedessansvoix.fr\/lavoie\/wp-json\/wp\/v2\/types\/post"}],"author":[{"embeddable":true,"href":"https:\/\/lavoiedessansvoix.fr\/lavoie\/wp-json\/wp\/v2\/users\/1"}],"replies":[{"embeddable":true,"href":"https:\/\/lavoiedessansvoix.fr\/lavoie\/wp-json\/wp\/v2\/comments?post=809"}],"version-history":[{"count":1,"href":"https:\/\/lavoiedessansvoix.fr\/lavoie\/wp-json\/wp\/v2\/posts\/809\/revisions"}],"predecessor-version":[{"id":3637,"href":"https:\/\/lavoiedessansvoix.fr\/lavoie\/wp-json\/wp\/v2\/posts\/809\/revisions\/3637"}],"wp:featuredmedia":[{"embeddable":true,"href":"https:\/\/lavoiedessansvoix.fr\/lavoie\/wp-json\/wp\/v2\/media\/4394"}],"wp:attachment":[{"href":"https:\/\/lavoiedessansvoix.fr\/lavoie\/wp-json\/wp\/v2\/media?parent=809"}],"wp:term":[{"taxonomy":"category","embeddable":true,"href":"https:\/\/lavoiedessansvoix.fr\/lavoie\/wp-json\/wp\/v2\/categories?post=809"},{"taxonomy":"post_tag","embeddable":true,"href":"https:\/\/lavoiedessansvoix.fr\/lavoie\/wp-json\/wp\/v2\/tags?post=809"}],"curies":[{"name":"wp","href":"https:\/\/api.w.org\/{rel}","templated":true}]}}