{"id":808,"date":"2018-02-21T15:54:00","date_gmt":"2018-02-21T14:54:00","guid":{"rendered":"https:\/\/lavoiedessansvoix.fr\/lavoie\/2018\/02\/21\/archive-de-la-bonne-gestion-de-la-question-kurde\/"},"modified":"2026-04-26T21:28:12","modified_gmt":"2026-04-26T19:28:12","slug":"archive-de-la-bonne-gestion-de-la-question-kurde","status":"publish","type":"post","link":"https:\/\/lavoiedessansvoix.fr\/lavoie\/2018\/02\/21\/archive-de-la-bonne-gestion-de-la-question-kurde\/","title":{"rendered":"DE LA BONNE GESTION DE LA QUESTION KURDE."},"content":{"rendered":"<p>DE LA BONNE GESTION DE LA QUESTION KURDE.   Je viens de lire sur \u00ab sputniknews \u00bb la relation des d\u00e9clarations de Monsieur Lavrov, ministre russe des affaires \u00e9trang\u00e8res, lors d\u2019une conf\u00e9rence de presse tenue avec son homologue Pakistanais.   \u00ab La Russie est convaincue que les int\u00e9r\u00eats s\u00e9curitaires de la Turquie peuvent \u00eatre pleinement garantis par un dialogue avec le gouvernement syrien, a-t-il dit, appelant ainsi \u00e0 s\u2019opposer aux tentatives de promotion du probl\u00e8me kurde, visant \u00e0 approfondir le chaos dans la r\u00e9gion. \u00bb  Ce propos dans lequel nous trouvons une confirmation de notre analyse depuis presque deux ans (voir notre dernier article sur le sujet : \u00ab  QUE DIRE DE L\u2019INTERVENTION TURKE EN SYRIE ? \u00bb 28 janvier 2018. \u00bb), R\u00e9sume fort bien et en peu de mots la situation.  Les USA animent la question kurde afin de provoquer la s\u00e9cession et l\u2019\u00e9clatement de plusieurs Etats de la r\u00e9gion (Turquie, Syrie, Iran et Irak), poursuivant leur objectif de \u00ab balkanisation \u00bb du Moyen-Orient, afin de promouvoir \u00ab leur poucet Isra\u00ebl \u00bb comme seule puissance r\u00e9gionale.  L\u2019int\u00e9r\u00eat bien compris de la Turquie, et r\u00e9ciproquement celui de la Syrie, n\u2019est donc pas de se faire la guerre, auquel cas les USA et leurs alli\u00e9s Kurdes ind\u00e9pendantistes ne manqueraient pas de \u00ab tirer les marrons du feu \u00bb du grand \u00ab foutoir \u00bb qui en r\u00e9sulterait. L\u2019int\u00e9r\u00eat c\u2019est de s\u2019entendre au contraire, avec l\u2019Iran et l\u2019Irak aussi afin de r\u00e9sister au mieux  \u00e0 cette tentative de partition. L\u2019interface d\u2019une telle approche  bien entendu doit passer par une politique d\u2019int\u00e9gration n\u00e9goci\u00e9e de la question kurde dans le respect de l\u2019int\u00e9grit\u00e9 territoriale des entit\u00e9s nationales existantes.  Il est encore possible de r\u00e9soudre le probl\u00e8me dans ce sens, pacifiquement. La Turquie, plut\u00f4t que de s\u2019opposer \u00e0 l\u2019entr\u00e9e de l\u2019arm\u00e9e syrienne \u00e0 Afrine doit la n\u00e9gocier. La Turquie n\u2019a pas de pr\u00e9tentions territoriales en Syrie, elle aspire, elle l\u2019a dit, \u00e0 la restauration de l\u2019int\u00e9grit\u00e9 territoriale de la Syrie. Elle doit donc s\u2019engager \u00e0 cesser son offensive sur Afrine en \u00e9change de l\u2019entr\u00e9e de l\u2019arm\u00e9e syrienne et du r\u00e9tablissement de l\u2019autorit\u00e9 de l\u2019\u00c9tat l\u00e9gal syrien sur cette province. Les milices kurdes devant \u00eatre d\u00e9membr\u00e9es ou int\u00e9gr\u00e9es \u00e0 l\u2019arm\u00e9e Syrienne l\u00e9gale.  Le danger pour la Turquie, et les autres \u00c9tats impact\u00e9s par cette question, est l\u2019\u00e9ventuelle mont\u00e9e en puissance de la revendication nationale ind\u00e9pendantiste kurde. En se pla\u00e7ant sous la protection de l\u2019arm\u00e9e syrienne et en reconnaissant l\u2019autorit\u00e9 de l\u2019\u00c9tat syrien, les kurdes d\u2019Afrine renonceraient de fait \u00e0 cette revendication et ne constitueraient plus une menace pour l\u2019int\u00e9grit\u00e9 des \u00c9tats de la r\u00e9gion. Justifiant le retrait honorable de l\u2019arm\u00e9e turque sur son territoire.  Patrick Seignon. \u00ab lavoiedessansvoix.fr \u00bb. Mercredi 21 f\u00e9vrier 2018.<\/p>\n","protected":false},"excerpt":{"rendered":"<p>DE LA BONNE GESTION DE LA QUESTION KURDE. Je viens de lire sur \u00ab sputniknews \u00bb la relation des d\u00e9clarations [&hellip;]<\/p>\n","protected":false},"author":1,"featured_media":4393,"comment_status":"open","ping_status":"open","sticky":false,"template":"","format":"standard","meta":{"sfsi_plus_gutenberg_text_before_share":"","sfsi_plus_gutenberg_show_text_before_share":"","sfsi_plus_gutenberg_icon_type":"","sfsi_plus_gutenberg_icon_alignemt":"","sfsi_plus_gutenburg_max_per_row":"","site-sidebar-layout":"default","site-content-layout":"","ast-site-content-layout":"default","site-content-style":"default","site-sidebar-style":"default","ast-global-header-display":"","ast-banner-title-visibility":"","ast-main-header-display":"","ast-hfb-above-header-display":"","ast-hfb-below-header-display":"","ast-hfb-mobile-header-display":"","site-post-title":"","ast-breadcrumbs-content":"","ast-featured-img":"","footer-sml-layout":"","ast-disable-related-posts":"","theme-transparent-header-meta":"","adv-header-id-meta":"","stick-header-meta":"","header-above-stick-meta":"","header-main-stick-meta":"","header-below-stick-meta":"","astra-migrate-meta-layouts":"default","ast-page-background-enabled":"default","ast-page-background-meta":{"desktop":{"background-color":"var(--ast-global-color-4)","background-image":"","background-repeat":"repeat","background-position":"center center","background-size":"auto","background-attachment":"scroll","background-type":"","background-media":"","overlay-type":"","overlay-color":"","overlay-opacity":"","overlay-gradient":""},"tablet":{"background-color":"","background-image":"","background-repeat":"repeat","background-position":"center center","background-size":"auto","background-attachment":"scroll","background-type":"","background-media":"","overlay-type":"","overlay-color":"","overlay-opacity":"","overlay-gradient":""},"mobile":{"background-color":"","background-image":"","background-repeat":"repeat","background-position":"center center","background-size":"auto","background-attachment":"scroll","background-type":"","background-media":"","overlay-type":"","overlay-color":"","overlay-opacity":"","overlay-gradient":""}},"ast-content-background-meta":{"desktop":{"background-color":"var(--ast-global-color-5)","background-image":"","background-repeat":"repeat","background-position":"center center","background-size":"auto","background-attachment":"scroll","background-type":"","background-media":"","overlay-type":"","overlay-color":"","overlay-opacity":"","overlay-gradient":""},"tablet":{"background-color":"var(--ast-global-color-5)","background-image":"","background-repeat":"repeat","background-position":"center center","background-size":"auto","background-attachment":"scroll","background-type":"","background-media":"","overlay-type":"","overlay-color":"","overlay-opacity":"","overlay-gradient":""},"mobile":{"background-color":"var(--ast-global-color-5)","background-image":"","background-repeat":"repeat","background-position":"center center","background-size":"auto","background-attachment":"scroll","background-type":"","background-media":"","overlay-type":"","overlay-color":"","overlay-opacity":"","overlay-gradient":""}},"footnotes":""},"categories":[16],"tags":[],"class_list":["post-808","post","type-post","status-publish","format-standard","has-post-thumbnail","hentry","category-archives-cms"],"_links":{"self":[{"href":"https:\/\/lavoiedessansvoix.fr\/lavoie\/wp-json\/wp\/v2\/posts\/808","targetHints":{"allow":["GET"]}}],"collection":[{"href":"https:\/\/lavoiedessansvoix.fr\/lavoie\/wp-json\/wp\/v2\/posts"}],"about":[{"href":"https:\/\/lavoiedessansvoix.fr\/lavoie\/wp-json\/wp\/v2\/types\/post"}],"author":[{"embeddable":true,"href":"https:\/\/lavoiedessansvoix.fr\/lavoie\/wp-json\/wp\/v2\/users\/1"}],"replies":[{"embeddable":true,"href":"https:\/\/lavoiedessansvoix.fr\/lavoie\/wp-json\/wp\/v2\/comments?post=808"}],"version-history":[{"count":1,"href":"https:\/\/lavoiedessansvoix.fr\/lavoie\/wp-json\/wp\/v2\/posts\/808\/revisions"}],"predecessor-version":[{"id":3635,"href":"https:\/\/lavoiedessansvoix.fr\/lavoie\/wp-json\/wp\/v2\/posts\/808\/revisions\/3635"}],"wp:featuredmedia":[{"embeddable":true,"href":"https:\/\/lavoiedessansvoix.fr\/lavoie\/wp-json\/wp\/v2\/media\/4393"}],"wp:attachment":[{"href":"https:\/\/lavoiedessansvoix.fr\/lavoie\/wp-json\/wp\/v2\/media?parent=808"}],"wp:term":[{"taxonomy":"category","embeddable":true,"href":"https:\/\/lavoiedessansvoix.fr\/lavoie\/wp-json\/wp\/v2\/categories?post=808"},{"taxonomy":"post_tag","embeddable":true,"href":"https:\/\/lavoiedessansvoix.fr\/lavoie\/wp-json\/wp\/v2\/tags?post=808"}],"curies":[{"name":"wp","href":"https:\/\/api.w.org\/{rel}","templated":true}]}}