{"id":806,"date":"2018-02-26T12:17:00","date_gmt":"2018-02-26T11:17:00","guid":{"rendered":"https:\/\/lavoiedessansvoix.fr\/lavoie\/2018\/02\/26\/archive-cheminots-face-a-la-provocation\/"},"modified":"2026-04-26T21:27:53","modified_gmt":"2026-04-26T19:27:53","slug":"archive-cheminots-face-a-la-provocation","status":"publish","type":"post","link":"https:\/\/lavoiedessansvoix.fr\/lavoie\/2018\/02\/26\/archive-cheminots-face-a-la-provocation\/","title":{"rendered":"CHEMINOTS :  FACE A LA PROVOCATION"},"content":{"rendered":"<p>CHEMINOTS :   FACE A LA PROVOCATION   Le Premier ministre vient donc de l\u2019annoncer, c\u2019est par \u00ab Ordonnances \u00bb, au m\u00e9pris de l\u2019opinion publique et de la repr\u00e9sentation nationale que le statut des cheminots sera d\u00e9mantel\u00e9. C\u2019est une insulte aux cheminots et \u00e0 la d\u00e9mocratie. Apr\u00e8s les ordonnances sur le code du travail c\u2019est une nouvelle provocation, une de trop \u00e0 l\u2019\u00e9gard de la France laborieuse.  Mais pourtant ce gouvernement de cr\u00e2neur a peur. Voyez plut\u00f4t. Il avait laiss\u00e9 entendre qu\u2019il aurait probablement recours \u00e0 cette proc\u00e9dure autoritaire que sont les ordonnances pour r\u00e9gler leurs comptes \u00e0 la fois aux cheminots, mais aussi \u00e0 la Soci\u00e9t\u00e9 Nationale et au service public en fermant de nombreuses lignes secondaires r\u00e9put\u00e9es \u00ab non-rentables \u00bb. Pourtant aujourd\u2019hui c\u2019est au seul statut des cheminots qu\u2019il d\u00e9clare vouloir s\u2019attaquer par ordonnances, se rabattant en ce qui concerne le statut des chemins de fer sur une formule b\u00e2tarde de \u00ab soci\u00e9t\u00e9 anonyme d\u2019Etat \u00bb pour masquer la privatisation de fait, et s\u2019en remettant pr\u00e9tendument a \u00e0 la repr\u00e9sentation nationale (de sa majorit\u00e9 de parlementaires godillot) pour r\u00e9gler le compte des petites lignes. Il s\u2019agit rien moins que d\u2019une man\u0153uvre dilatoire pour concentrer l\u2019effort, dans un premier temps, sur la seule liquidation du statut des cheminots en \u00e9liminant du d\u00e9bat imm\u00e9diat les questions qui de mani\u00e8re trop \u00e9videntes eurent valu \u00e0 ceux-ci le renfort d\u2019une opinion publique quasi g\u00e9n\u00e9rale. Ils esp\u00e8rent de la sorte isoler les cheminots en les pr\u00e9sentant comme pr\u00e9occup\u00e9s par la pr\u00e9servation \u00e9go\u00efste de leurs \u00ab seuls int\u00e9r\u00eats corporatifs \u00bb. Quand l\u2019ultime arc de r\u00e9sistance des cheminots sera bris\u00e9, sur quoi donc s\u2019appuiera la r\u00e9sistance aux app\u00e9tits priv\u00e9s des vautours de la banque qui entendent d\u00e9pecer la d\u00e9pouille des chemins de fers ?   Il revient aux cheminots de riposter au premier rang \u00e0 cette provocation. Mais ils convient \u00e0 l\u2019opinion publique g\u00e9n\u00e9rale, aux repr\u00e9sentants des collectivit\u00e9s locales de leur apporter leurs aides et leurs soutiens ind\u00e9fectible. A d\u00e9faut de quoi ceux-l\u00e0 pourraient dire bient\u00f4t : \u00ab Quand ils ont d\u00e9mantel\u00e9 le statut des cheminots je n\u2019ai rien dit, je n\u2019\u00e9tais pas cheminot, quand ils ont d\u00e9mantel\u00e9 la SNCF je n\u2019ai rien dit, je ne me sentais pas concern\u00e9, quand ils sont venu fermer ma ligne j\u2019\u00e9tais seul \u00e0 protester. \u00bb Non cette affaire n\u2019est pas celle des seuls cheminots ni m\u00eame celle du sort des seuls chemins de fer. Il s\u2019agit d\u2019une d\u00e9claration de guerre \u00e0 la soci\u00e9t\u00e9 civile qui doit s\u2019en saisir en prenant appui sur la r\u00e9action pr\u00e9visible des cheminots, afin de mettre un coup d\u2019arr\u00eat aux pr\u00e9tentions arrogantes et agressives du capitalisme lib\u00e9ral.  C\u2019est le lib\u00e9ralisme d\u00e9brid\u00e9, c\u2019est l\u2019Europe ultra lib\u00e9rale, (que l\u2019\u00e9lection de Macron en France a confort\u00e9e) qui le veulent. La SNCF doit disparaitre affirment-ils, pr\u00e9cipitant dans sa chute le statut des cheminots aux oubliettes de l\u2019Histoire sociale. C\u2019est ainsi, il y a des peuples r\u00e9volutionnaires qui d\u00e9boulonnent les statues et des dirigeants ultra- r\u00e9actionnaires qui pi\u00e9tinent les statuts.  Foin d\u2019\u00eatre \u00ab un peu de gauche \u00bb ou m\u00eame \u00ab progressiste \u00bb comme il le pr\u00e9tend, le gouvernement de Monsieur Macron, n\u00e9 de l\u2019accouplement contre nature du lib\u00e9ralisme \u00e9conomique et du monstre socialiste est un gouvernement ultra r\u00e9actionnaire. Des pires que la France n\u2019ait jamais connus, durant toute son Histoire post r\u00e9volutionnaire. C\u2019est le retour \u00bbaux affaires \u00bb du parti Orl\u00e9aniste \u00bb, de la France \u00ab Louis philipparde \u00bb, de la France r\u00e9actionnaire du dix-neuvi\u00e8me si\u00e8cle, de la monarchie du parti de la finance.   Qu\u2019elle est la force de ce gouvernement ? Celle d\u2019une illusion, de la tromperie pr\u00e9tendument d\u00e9mocratique que fut la farce sinistre des derni\u00e8res \u00e9lections pr\u00e9sidentielles. Celle surtout que lui assure le respect servile et imb\u00e9cile d\u2019institutions arbitraires, par ceux-l\u00e0 m\u00eame qui aspirent \u00e0 en changer. (C\u2019est tout au moins ce qu\u2019ils affirment dans leurs professions de foi.)   Autant dire que la stabilit\u00e9 du gouvernement actuel et sa capacit\u00e9 \u00e0 imposer \u00e0 la majorit\u00e9 r\u00e9elle des fran\u00e7ais, des contre-r\u00e9formes dont celle-ci ne veut pas, ne tient qu\u2019\u00e0 peu de choses, \u00e0 l\u2019expression de la col\u00e8re populaire, au r\u00e9veil de la contestation. Que la France du travail s\u2019insurge contre l\u2019arrogance et l\u2019injustice, s\u2019en sera fait de ce gouvernement. Il sera pr\u00e9cipit\u00e9 en bas du pi\u00e9destal institutionnel de la cinqui\u00e8me R\u00e9publique vermoulue.   Vous en voyez qui font la grimace et qui \u00e0 l\u2019instar d\u2019un exorciste \u00e0 la vue du diable fustigent \u00ab la malins \u00bb \u00e0 coup de \u00ab vade retro Satanas \u00bb. Renverser le gouvernement ? Provoquer une crise institutionnelle ? Vous n\u2019y pensez pas, ce n\u2019est plus du syndicalisme, ce n\u2019est plus du ressort de la rue et du mouvement social, \u00ab C\u2019EST DE LA POLITIQUE \u00bb.  Si un gouvernement utilise des m\u00e9thodes anti d\u00e9mocratique de surcroit pour imposer quoiqu\u2019il en soit des anti-r\u00e9formes contraire \u00e0 l\u2019int\u00e9r\u00eat g\u00e9n\u00e9ral, pour servir les seuls int\u00e9r\u00eats d\u2019une petite oligarchie financi\u00e8re, doit-on le laiss\u00e9 faire au pr\u00e9texte que l\u2019entraver serait de \u00ab la politique ? \u00bb. quand un gouvernement dit par avance qu\u2019il ne reculera pas quoiqu\u2019il advienne que reste t\u2019il comme choix aux citoyens en d\u00e9saccord que de se soumettre ou de se d\u00e9barrasser de ce gouvernement, Ceux qui voudraient vous en dissuader au pr\u00e9texte que \u00ab c\u2019est de la politique \u00bb ne sont en v\u00e9rit\u00e9 que \u00ab la cinqui\u00e8me colonne \u00bb, les alli\u00e9s cach\u00e9s des premiers ; qui veulent vous faire renoncer \u00e0 la lutte, car il n\u2019est en v\u00e9rit\u00e9 de combat perdus d\u2019avance que ceux qui ne sont pas livr\u00e9s.  Voulez-vous r\u00e9sister ? Refusez-vous le d\u00e9mant\u00e8lement du statut des cheminots et de la SNCF symbole du service public, refusez-vous de soumettre le service public au crit\u00e8re de rentabilit\u00e9 ? S\u2019il faut pour que toutes ces calamit\u00e9s n\u2019aient pas lieu renverser le gouvernement refuserez-vous de le faire ? Renonceriez-vous \u00e0 la victoire sur vos revendications pour sauver un gouvernement de fantoches de la Banque ? Il faut pour mettre en \u00e9chec sa politique antisociale renverser ce gouvernement ? Alors mobilisons-nous et renversons le sans \u00e9tat-d \u2018\u00e2me.  Certes ils vous disent que leur r\u00e9forme r\u00e9actionnaire se fera coute que coute et qu\u2019il ne sert \u00e0 rien de protester car ils ne c\u00e9deront pas. C\u2019est leur jeu, c\u2019est leur int\u00e9r\u00eat de tenter en brisant votre moral de d\u00e9samorcer tout risque de contestation sociale. Mais n\u2019en croyez rien amis, cela n\u2019est que rodomontade, c\u2019est la politique de ces animaux qui h\u00e9rissent le poil et tante de paraitre plus gros qu\u2019ils ne sont, face \u00e0 leur adversaire. Tout cela n\u2019est que propagande et mensonge. Ils se sont appropri\u00e9 les m\u00e9dias et la presse \u00e9crite. Les journalistes qui sont leurs salari\u00e9s serviles ne sont plus depuis belle lurette au service de l\u2019information mais \u00e0 celui de leur propagande. Qu\u2019importe, toute propagande n\u2019abuse qu\u2019un temps ceux \u00e0 qui elle s\u2019adresse et la n\u00e9cessit\u00e9 historique finit toujours par reprendre le dessus.  La liquidation de la S.N.C.F. est irr\u00e9m\u00e9diable et toute contestation est inutile car vou\u00e9e \u00e0 l\u2019\u00e9chec ?  N\u2019en croyez rien. La v\u00e9rit\u00e9 est toute autre.  La France du travail vous observe et retient- son souffle. Cela d\u00e9pend de vous dans un premier temps, de l\u2019\u00e9tincelle que vous allez produire et qui enflammera les mat\u00e9riaux secs du m\u00e9contentement populaire accumul\u00e9. Cela d\u00e9pend de la premi\u00e8re impulsion que vous allez donner.   Il est de l\u2019ordre du possible qu\u2019en d\u00e9cr\u00e9tant une sentence sans retour contre la S.N.C.F. et le statut des cheminots, ce soit en v\u00e9rit\u00e9 son propre arr\u00eat de mort que ce gouvernement de fantoches ait sign\u00e9. Les col\u00e8res et les m\u00e9contentements cumul\u00e9s sont multiples, la ranc\u0153ur est grande, la r\u00e9signation apparente ne demande qu\u2019\u00e0 se changer en indignation et en mobilisation  Cela, coll\u00e8gues, camarades et amis cheminots tient en premier lieu \u00e0 vous. Oh, pas \u00e0 vous seuls soyez rassur\u00e9s, mais \u00e0 la France du travail toute enti\u00e8re qui se l\u00e8vera dans vos pas, mieux, plus fort, plus massivement encore qu\u2019en 1995, et scandera avec vous \u00ab Tous ensemble \u00bb d\u00e8s lors que vous en aurez donn\u00e9 le signal. Et je vous l\u2019assure, j\u2019en entends d\u00e9j\u00e0 l\u2019\u00e9cho, de l\u2019autre c\u00f4t\u00e9 du Rhin, les travailleurs Allemands, comme ils le firent alors scanderont \u00e0 nouveau \u00e0 l\u2019adresse de tous les travailleurs d\u2019Europe \u00ab Parlons fran\u00e7ais ! \u00bb.  Patrick Seignon. \u00ab lavoiedessansvoix.fr \u00bb. Lundi 26 f\u00e9vrier 2018.<\/p>\n","protected":false},"excerpt":{"rendered":"<p>CHEMINOTS : FACE A LA PROVOCATION Le Premier ministre vient donc de l\u2019annoncer, c\u2019est par \u00ab Ordonnances \u00bb, au m\u00e9pris [&hellip;]<\/p>\n","protected":false},"author":1,"featured_media":4391,"comment_status":"open","ping_status":"open","sticky":false,"template":"","format":"standard","meta":{"sfsi_plus_gutenberg_text_before_share":"","sfsi_plus_gutenberg_show_text_before_share":"","sfsi_plus_gutenberg_icon_type":"","sfsi_plus_gutenberg_icon_alignemt":"","sfsi_plus_gutenburg_max_per_row":"","site-sidebar-layout":"default","site-content-layout":"","ast-site-content-layout":"default","site-content-style":"default","site-sidebar-style":"default","ast-global-header-display":"","ast-banner-title-visibility":"","ast-main-header-display":"","ast-hfb-above-header-display":"","ast-hfb-below-header-display":"","ast-hfb-mobile-header-display":"","site-post-title":"","ast-breadcrumbs-content":"","ast-featured-img":"","footer-sml-layout":"","ast-disable-related-posts":"","theme-transparent-header-meta":"","adv-header-id-meta":"","stick-header-meta":"","header-above-stick-meta":"","header-main-stick-meta":"","header-below-stick-meta":"","astra-migrate-meta-layouts":"default","ast-page-background-enabled":"default","ast-page-background-meta":{"desktop":{"background-color":"var(--ast-global-color-4)","background-image":"","background-repeat":"repeat","background-position":"center center","background-size":"auto","background-attachment":"scroll","background-type":"","background-media":"","overlay-type":"","overlay-color":"","overlay-opacity":"","overlay-gradient":""},"tablet":{"background-color":"","background-image":"","background-repeat":"repeat","background-position":"center center","background-size":"auto","background-attachment":"scroll","background-type":"","background-media":"","overlay-type":"","overlay-color":"","overlay-opacity":"","overlay-gradient":""},"mobile":{"background-color":"","background-image":"","background-repeat":"repeat","background-position":"center center","background-size":"auto","background-attachment":"scroll","background-type":"","background-media":"","overlay-type":"","overlay-color":"","overlay-opacity":"","overlay-gradient":""}},"ast-content-background-meta":{"desktop":{"background-color":"var(--ast-global-color-5)","background-image":"","background-repeat":"repeat","background-position":"center center","background-size":"auto","background-attachment":"scroll","background-type":"","background-media":"","overlay-type":"","overlay-color":"","overlay-opacity":"","overlay-gradient":""},"tablet":{"background-color":"var(--ast-global-color-5)","background-image":"","background-repeat":"repeat","background-position":"center center","background-size":"auto","background-attachment":"scroll","background-type":"","background-media":"","overlay-type":"","overlay-color":"","overlay-opacity":"","overlay-gradient":""},"mobile":{"background-color":"var(--ast-global-color-5)","background-image":"","background-repeat":"repeat","background-position":"center center","background-size":"auto","background-attachment":"scroll","background-type":"","background-media":"","overlay-type":"","overlay-color":"","overlay-opacity":"","overlay-gradient":""}},"footnotes":""},"categories":[16],"tags":[],"class_list":["post-806","post","type-post","status-publish","format-standard","has-post-thumbnail","hentry","category-archives-cms"],"_links":{"self":[{"href":"https:\/\/lavoiedessansvoix.fr\/lavoie\/wp-json\/wp\/v2\/posts\/806","targetHints":{"allow":["GET"]}}],"collection":[{"href":"https:\/\/lavoiedessansvoix.fr\/lavoie\/wp-json\/wp\/v2\/posts"}],"about":[{"href":"https:\/\/lavoiedessansvoix.fr\/lavoie\/wp-json\/wp\/v2\/types\/post"}],"author":[{"embeddable":true,"href":"https:\/\/lavoiedessansvoix.fr\/lavoie\/wp-json\/wp\/v2\/users\/1"}],"replies":[{"embeddable":true,"href":"https:\/\/lavoiedessansvoix.fr\/lavoie\/wp-json\/wp\/v2\/comments?post=806"}],"version-history":[{"count":1,"href":"https:\/\/lavoiedessansvoix.fr\/lavoie\/wp-json\/wp\/v2\/posts\/806\/revisions"}],"predecessor-version":[{"id":3631,"href":"https:\/\/lavoiedessansvoix.fr\/lavoie\/wp-json\/wp\/v2\/posts\/806\/revisions\/3631"}],"wp:featuredmedia":[{"embeddable":true,"href":"https:\/\/lavoiedessansvoix.fr\/lavoie\/wp-json\/wp\/v2\/media\/4391"}],"wp:attachment":[{"href":"https:\/\/lavoiedessansvoix.fr\/lavoie\/wp-json\/wp\/v2\/media?parent=806"}],"wp:term":[{"taxonomy":"category","embeddable":true,"href":"https:\/\/lavoiedessansvoix.fr\/lavoie\/wp-json\/wp\/v2\/categories?post=806"},{"taxonomy":"post_tag","embeddable":true,"href":"https:\/\/lavoiedessansvoix.fr\/lavoie\/wp-json\/wp\/v2\/tags?post=806"}],"curies":[{"name":"wp","href":"https:\/\/api.w.org\/{rel}","templated":true}]}}