{"id":805,"date":"2018-02-27T01:56:00","date_gmt":"2018-02-27T00:56:00","guid":{"rendered":"https:\/\/lavoiedessansvoix.fr\/lavoie\/2018\/02\/27\/archive-etait-il-saoul-ou-bien-drogue\/"},"modified":"2026-04-26T21:27:44","modified_gmt":"2026-04-26T19:27:44","slug":"archive-etait-il-saoul-ou-bien-drogue","status":"publish","type":"post","link":"https:\/\/lavoiedessansvoix.fr\/lavoie\/2018\/02\/27\/archive-etait-il-saoul-ou-bien-drogue\/","title":{"rendered":"\u00c9TAIT \u2013IL SAOUL OU BIEN DROGUE ?"},"content":{"rendered":"<p>\u00c9TAIT \u2013IL SAOUL OU BIEN DROGUE ? 77   Avez-vous entendu hier soir au journal de 20 heures de France2 ?les justifications embrouill\u00e9es et incoh\u00e9rentes d\u2019\u00c9douard Philippe, r\u00e9pondant aux questions pourtant polies et obligeantes d\u2019Anne-Sophie Lepic,   Selon lui la SNCF va mal, elle perd de l\u2019argent et son d\u00e9ficit s\u2019accroit de 3 milliard par an. Ce d\u00e9ficit pour une large part est la cons\u00e9quence du manque de rentabilit\u00e9 des petites lignes qui fonctionnent \u00e0 perte. Voil\u00e0 quarante ans nous dit-il que l\u2019on a fait de mauvais choix. On a surinvestit dans les lignes \u00e0 grande vitesse et laiss\u00e9 \u00e0 l\u2019abandon les lignes secondaires.  \u00ab Ca ne peut pas durer comme \u00e7a, il faut trouver des solutions \u00bb  Or qu\u2019elle solution propose-t-il ? D\u2019ailleurs la seule : La liquidation du statut des cheminots !?\u2026\u2026..  En quoi la suppression du statut des cheminots peut-elle bien \u00eatre une solution \u00e0 quarante d\u2019ans d\u2019erreur sur les choix d\u2019investissement ?  Comprenne qui pourra.  L\u2019incoh\u00e9rence du raisonnement est si grande, le cheminement de la pens\u00e9e qui conduit du probl\u00e8me \u00e9nonc\u00e9 \u00e0 la solution propos\u00e9e  si obscur, que nous sommes fond\u00e9s \u00e0 nous poser la question : Monsieur Edouard Philippe souffrirait-il de troubles cognitifs ? Et si ce n\u2019est pas le cas, cela alors induit une autre question : De qu\u2019elle addiction \u00e0 quelle substance illicite, souffre le premier ministre de la France ?  Patrick Seignon. \u00ab lavoiedessansvoix.fr \u00bb. Mardi 27 f\u00e9vrier 2018.<\/p>\n","protected":false},"excerpt":{"rendered":"<p>\u00c9TAIT \u2013IL SAOUL OU BIEN DROGUE ? 77 Avez-vous entendu hier soir au journal de 20 heures de France2 ?les [&hellip;]<\/p>\n","protected":false},"author":1,"featured_media":4390,"comment_status":"open","ping_status":"open","sticky":false,"template":"","format":"standard","meta":{"sfsi_plus_gutenberg_text_before_share":"","sfsi_plus_gutenberg_show_text_before_share":"","sfsi_plus_gutenberg_icon_type":"","sfsi_plus_gutenberg_icon_alignemt":"","sfsi_plus_gutenburg_max_per_row":"","site-sidebar-layout":"default","site-content-layout":"","ast-site-content-layout":"default","site-content-style":"default","site-sidebar-style":"default","ast-global-header-display":"","ast-banner-title-visibility":"","ast-main-header-display":"","ast-hfb-above-header-display":"","ast-hfb-below-header-display":"","ast-hfb-mobile-header-display":"","site-post-title":"","ast-breadcrumbs-content":"","ast-featured-img":"","footer-sml-layout":"","ast-disable-related-posts":"","theme-transparent-header-meta":"","adv-header-id-meta":"","stick-header-meta":"","header-above-stick-meta":"","header-main-stick-meta":"","header-below-stick-meta":"","astra-migrate-meta-layouts":"default","ast-page-background-enabled":"default","ast-page-background-meta":{"desktop":{"background-color":"var(--ast-global-color-4)","background-image":"","background-repeat":"repeat","background-position":"center center","background-size":"auto","background-attachment":"scroll","background-type":"","background-media":"","overlay-type":"","overlay-color":"","overlay-opacity":"","overlay-gradient":""},"tablet":{"background-color":"","background-image":"","background-repeat":"repeat","background-position":"center center","background-size":"auto","background-attachment":"scroll","background-type":"","background-media":"","overlay-type":"","overlay-color":"","overlay-opacity":"","overlay-gradient":""},"mobile":{"background-color":"","background-image":"","background-repeat":"repeat","background-position":"center center","background-size":"auto","background-attachment":"scroll","background-type":"","background-media":"","overlay-type":"","overlay-color":"","overlay-opacity":"","overlay-gradient":""}},"ast-content-background-meta":{"desktop":{"background-color":"var(--ast-global-color-5)","background-image":"","background-repeat":"repeat","background-position":"center center","background-size":"auto","background-attachment":"scroll","background-type":"","background-media":"","overlay-type":"","overlay-color":"","overlay-opacity":"","overlay-gradient":""},"tablet":{"background-color":"var(--ast-global-color-5)","background-image":"","background-repeat":"repeat","background-position":"center center","background-size":"auto","background-attachment":"scroll","background-type":"","background-media":"","overlay-type":"","overlay-color":"","overlay-opacity":"","overlay-gradient":""},"mobile":{"background-color":"var(--ast-global-color-5)","background-image":"","background-repeat":"repeat","background-position":"center center","background-size":"auto","background-attachment":"scroll","background-type":"","background-media":"","overlay-type":"","overlay-color":"","overlay-opacity":"","overlay-gradient":""}},"footnotes":""},"categories":[16],"tags":[],"class_list":["post-805","post","type-post","status-publish","format-standard","has-post-thumbnail","hentry","category-archives-cms"],"_links":{"self":[{"href":"https:\/\/lavoiedessansvoix.fr\/lavoie\/wp-json\/wp\/v2\/posts\/805","targetHints":{"allow":["GET"]}}],"collection":[{"href":"https:\/\/lavoiedessansvoix.fr\/lavoie\/wp-json\/wp\/v2\/posts"}],"about":[{"href":"https:\/\/lavoiedessansvoix.fr\/lavoie\/wp-json\/wp\/v2\/types\/post"}],"author":[{"embeddable":true,"href":"https:\/\/lavoiedessansvoix.fr\/lavoie\/wp-json\/wp\/v2\/users\/1"}],"replies":[{"embeddable":true,"href":"https:\/\/lavoiedessansvoix.fr\/lavoie\/wp-json\/wp\/v2\/comments?post=805"}],"version-history":[{"count":1,"href":"https:\/\/lavoiedessansvoix.fr\/lavoie\/wp-json\/wp\/v2\/posts\/805\/revisions"}],"predecessor-version":[{"id":3629,"href":"https:\/\/lavoiedessansvoix.fr\/lavoie\/wp-json\/wp\/v2\/posts\/805\/revisions\/3629"}],"wp:featuredmedia":[{"embeddable":true,"href":"https:\/\/lavoiedessansvoix.fr\/lavoie\/wp-json\/wp\/v2\/media\/4390"}],"wp:attachment":[{"href":"https:\/\/lavoiedessansvoix.fr\/lavoie\/wp-json\/wp\/v2\/media?parent=805"}],"wp:term":[{"taxonomy":"category","embeddable":true,"href":"https:\/\/lavoiedessansvoix.fr\/lavoie\/wp-json\/wp\/v2\/categories?post=805"},{"taxonomy":"post_tag","embeddable":true,"href":"https:\/\/lavoiedessansvoix.fr\/lavoie\/wp-json\/wp\/v2\/tags?post=805"}],"curies":[{"name":"wp","href":"https:\/\/api.w.org\/{rel}","templated":true}]}}