{"id":803,"date":"2018-03-02T02:58:00","date_gmt":"2018-03-02T01:58:00","guid":{"rendered":"https:\/\/lavoiedessansvoix.fr\/lavoie\/2018\/03\/02\/archive-h-le-ridicule-ne-tue-pas-les-imbeciles\/"},"modified":"2026-04-26T21:27:27","modified_gmt":"2026-04-26T19:27:27","slug":"archive-h-le-ridicule-ne-tue-pas-les-imbeciles","status":"publish","type":"post","link":"https:\/\/lavoiedessansvoix.fr\/lavoie\/2018\/03\/02\/archive-h-le-ridicule-ne-tue-pas-les-imbeciles\/","title":{"rendered":"\u00ab H\u2026\u2026\u2026.. \u00bb  (Le ridicule ne tue pas les imb\u00e9ciles)"},"content":{"rendered":"<p>\u00ab H\u2026.. \u00bb(Le ridicule ne tue pas les imb\u00e9ciles)28 f\u00e9vrier 2018. Pour son dernier jour le mois de f\u00e9vrier a tenu \u00e0 honorer sa tradition hivernale. Temp\u00e9ratures n\u00e9gatives aux alentours de moins 10 et neige. Et bien entendu, comme c\u2019est \u00ab le cas en ces cas \u00bb dans cette civilisation automobile, des probl\u00e8mes \u00e9normes de circulation.  Ce 28 f\u00e9vrier c\u2019\u00e9tait dans le sud de la France (laquelle vous le savez a perdu son nord) que les choses se passaient. Ou ne se passaient plus, c\u2019est au choix. Quelques centim\u00e8tres de neige et notre civilisation super m\u00e9canis\u00e9e, puissante et arrogante, se fige t\u00e9tanis\u00e9e.   A\u00e9roport de Montpellier bloqu\u00e9, tous les vols annul\u00e9s. Comme il est fut\u00e9 et acide \u00e0 la fois nous attendions impatiemment l\u2019in\u00e9vitable \u00ab Tweet \u00bb mordant d\u2019Alain Jupp\u00e9 : \u00ab Bravo la SNCF ! \u00bb Merde !\u2026 Il est coinc\u00e9 son oiseau.  Camions et automobiles bloqu\u00e9es sur l\u2019autoroute A 9. Des heures de retard cumul\u00e9es. Un nombre consid\u00e9rable de gens qui ne peuvent se rendre \u00e0 leur travail. Quels dommages pour l\u2019\u00c9conomie ? Nous nous sommes tourn\u00e9s vers notre jeune, s\u00e9millant et n\u00e9cessairement intelligent Premier-ministre. Celui-ci, avons-nous pens\u00e9 aura des propositions pour \u00e9viter pareille pagaille l\u2019Hiver prochain : \u00ab On va liquider le statut des cheminots \u00bb  Patrick Seignon. \u00ab lavoiedessansvoix.fr \u00bb. Vendredi 2 mars 2018<\/p>\n","protected":false},"excerpt":{"rendered":"<p>\u00ab H\u2026.. \u00bb(Le ridicule ne tue pas les imb\u00e9ciles)28 f\u00e9vrier 2018. Pour son dernier jour le mois de f\u00e9vrier a [&hellip;]<\/p>\n","protected":false},"author":1,"featured_media":4388,"comment_status":"open","ping_status":"open","sticky":false,"template":"","format":"standard","meta":{"sfsi_plus_gutenberg_text_before_share":"","sfsi_plus_gutenberg_show_text_before_share":"","sfsi_plus_gutenberg_icon_type":"","sfsi_plus_gutenberg_icon_alignemt":"","sfsi_plus_gutenburg_max_per_row":"","site-sidebar-layout":"default","site-content-layout":"","ast-site-content-layout":"default","site-content-style":"default","site-sidebar-style":"default","ast-global-header-display":"","ast-banner-title-visibility":"","ast-main-header-display":"","ast-hfb-above-header-display":"","ast-hfb-below-header-display":"","ast-hfb-mobile-header-display":"","site-post-title":"","ast-breadcrumbs-content":"","ast-featured-img":"","footer-sml-layout":"","ast-disable-related-posts":"","theme-transparent-header-meta":"","adv-header-id-meta":"","stick-header-meta":"","header-above-stick-meta":"","header-main-stick-meta":"","header-below-stick-meta":"","astra-migrate-meta-layouts":"default","ast-page-background-enabled":"default","ast-page-background-meta":{"desktop":{"background-color":"var(--ast-global-color-4)","background-image":"","background-repeat":"repeat","background-position":"center center","background-size":"auto","background-attachment":"scroll","background-type":"","background-media":"","overlay-type":"","overlay-color":"","overlay-opacity":"","overlay-gradient":""},"tablet":{"background-color":"","background-image":"","background-repeat":"repeat","background-position":"center center","background-size":"auto","background-attachment":"scroll","background-type":"","background-media":"","overlay-type":"","overlay-color":"","overlay-opacity":"","overlay-gradient":""},"mobile":{"background-color":"","background-image":"","background-repeat":"repeat","background-position":"center center","background-size":"auto","background-attachment":"scroll","background-type":"","background-media":"","overlay-type":"","overlay-color":"","overlay-opacity":"","overlay-gradient":""}},"ast-content-background-meta":{"desktop":{"background-color":"var(--ast-global-color-5)","background-image":"","background-repeat":"repeat","background-position":"center center","background-size":"auto","background-attachment":"scroll","background-type":"","background-media":"","overlay-type":"","overlay-color":"","overlay-opacity":"","overlay-gradient":""},"tablet":{"background-color":"var(--ast-global-color-5)","background-image":"","background-repeat":"repeat","background-position":"center center","background-size":"auto","background-attachment":"scroll","background-type":"","background-media":"","overlay-type":"","overlay-color":"","overlay-opacity":"","overlay-gradient":""},"mobile":{"background-color":"var(--ast-global-color-5)","background-image":"","background-repeat":"repeat","background-position":"center center","background-size":"auto","background-attachment":"scroll","background-type":"","background-media":"","overlay-type":"","overlay-color":"","overlay-opacity":"","overlay-gradient":""}},"footnotes":""},"categories":[16],"tags":[],"class_list":["post-803","post","type-post","status-publish","format-standard","has-post-thumbnail","hentry","category-archives-cms"],"_links":{"self":[{"href":"https:\/\/lavoiedessansvoix.fr\/lavoie\/wp-json\/wp\/v2\/posts\/803","targetHints":{"allow":["GET"]}}],"collection":[{"href":"https:\/\/lavoiedessansvoix.fr\/lavoie\/wp-json\/wp\/v2\/posts"}],"about":[{"href":"https:\/\/lavoiedessansvoix.fr\/lavoie\/wp-json\/wp\/v2\/types\/post"}],"author":[{"embeddable":true,"href":"https:\/\/lavoiedessansvoix.fr\/lavoie\/wp-json\/wp\/v2\/users\/1"}],"replies":[{"embeddable":true,"href":"https:\/\/lavoiedessansvoix.fr\/lavoie\/wp-json\/wp\/v2\/comments?post=803"}],"version-history":[{"count":1,"href":"https:\/\/lavoiedessansvoix.fr\/lavoie\/wp-json\/wp\/v2\/posts\/803\/revisions"}],"predecessor-version":[{"id":3625,"href":"https:\/\/lavoiedessansvoix.fr\/lavoie\/wp-json\/wp\/v2\/posts\/803\/revisions\/3625"}],"wp:featuredmedia":[{"embeddable":true,"href":"https:\/\/lavoiedessansvoix.fr\/lavoie\/wp-json\/wp\/v2\/media\/4388"}],"wp:attachment":[{"href":"https:\/\/lavoiedessansvoix.fr\/lavoie\/wp-json\/wp\/v2\/media?parent=803"}],"wp:term":[{"taxonomy":"category","embeddable":true,"href":"https:\/\/lavoiedessansvoix.fr\/lavoie\/wp-json\/wp\/v2\/categories?post=803"},{"taxonomy":"post_tag","embeddable":true,"href":"https:\/\/lavoiedessansvoix.fr\/lavoie\/wp-json\/wp\/v2\/tags?post=803"}],"curies":[{"name":"wp","href":"https:\/\/api.w.org\/{rel}","templated":true}]}}