{"id":802,"date":"2018-03-02T04:47:00","date_gmt":"2018-03-02T03:47:00","guid":{"rendered":"https:\/\/lavoiedessansvoix.fr\/lavoie\/2018\/03\/02\/archive-defendre-la-gare-de-vendome\/"},"modified":"2026-04-26T21:27:18","modified_gmt":"2026-04-26T19:27:18","slug":"archive-defendre-la-gare-de-vendome","status":"publish","type":"post","link":"https:\/\/lavoiedessansvoix.fr\/lavoie\/2018\/03\/02\/archive-defendre-la-gare-de-vendome\/","title":{"rendered":"D\u00c9FENDRE LA GARE DE VEND\u00d4ME !"},"content":{"rendered":"<p>D\u00c9FENDRE LA GARE DE VEND\u00d4ME !   (J\u2019ai sign\u00e9 la p\u00e9tition pour le maintien de la gare TER de Vend\u00f4me. J\u2019ai aussi laiss\u00e9, sur la page Facebook o\u00f9 je l\u2019ai trouv\u00e9e, le commentaire ci-dessous).\u00a0\u00bbBien s\u00fbr je signe, et des deux mains. Maintien de la gare TER de Vend\u00f4me et de toutes les autres menac\u00e9e par la folle fuite en avant lib\u00e9rale. Mais une p\u00e9tition, pour \u00eatre louable, est-ce bien suffisant ? Ce qu&rsquo;il faut c&rsquo;est donner un coup d&rsquo;arr\u00eat \u00e0 cette fuite en avant suicidaire qui gomme l&rsquo;int\u00e9r\u00eat public au b\u00e9n\u00e9fice des int\u00e9r\u00eats financiers d&rsquo;une petite oligarchie. Or pour stopper cette descente dans l&rsquo;enfer lib\u00e9ral, il ne faut pas que du papier et des crayons, il faut des luttes et des mobilisations. Mais comment ferons-nous pour lutter et se mobiliser si nous laissons casser les uns apr\u00e8s les autres les derniers points de r\u00e9sistance sociale? Les cheminots, ils l&rsquo;ont maintes fois d\u00e9montr\u00e9 dans le pass\u00e9 sont l&rsquo;un de ces ultimes et encore solide (quoique d\u00e9j\u00e0 affaiblis) point d&rsquo;une possible r\u00e9sistance sociale. C&rsquo;est pourquoi ce gouvernement d&rsquo;agresseurs veut les \u00e9reinter et leur briser le moral en s&rsquo;attaquant \u00e0 leur statut. Comment, qui, quoi, d\u00e9fendra la gare de Vend\u00f4me, ou d&rsquo;ailleurs, quand on aura perdu notre plus solide moyen de d\u00e9fense et de mobilisation : la r\u00e9sistance des cheminots ? D\u00e9fendre la gare de Vend\u00f4me oui ! Mais c&rsquo;est d\u00e9fendre aussi et tous ensemble le statut des cheminots.\u00a0\u00bb    Patrick Seignon. \u00ab\u00a0lavoiedessansvoix.fr\u00a0\u00bb Vendredi 2 mars 2018.<\/p>\n","protected":false},"excerpt":{"rendered":"<p>D\u00c9FENDRE LA GARE DE VEND\u00d4ME ! (J\u2019ai sign\u00e9 la p\u00e9tition pour le maintien de la gare TER de Vend\u00f4me. J\u2019ai [&hellip;]<\/p>\n","protected":false},"author":1,"featured_media":4387,"comment_status":"open","ping_status":"open","sticky":false,"template":"","format":"standard","meta":{"sfsi_plus_gutenberg_text_before_share":"","sfsi_plus_gutenberg_show_text_before_share":"","sfsi_plus_gutenberg_icon_type":"","sfsi_plus_gutenberg_icon_alignemt":"","sfsi_plus_gutenburg_max_per_row":"","site-sidebar-layout":"default","site-content-layout":"","ast-site-content-layout":"default","site-content-style":"default","site-sidebar-style":"default","ast-global-header-display":"","ast-banner-title-visibility":"","ast-main-header-display":"","ast-hfb-above-header-display":"","ast-hfb-below-header-display":"","ast-hfb-mobile-header-display":"","site-post-title":"","ast-breadcrumbs-content":"","ast-featured-img":"","footer-sml-layout":"","ast-disable-related-posts":"","theme-transparent-header-meta":"","adv-header-id-meta":"","stick-header-meta":"","header-above-stick-meta":"","header-main-stick-meta":"","header-below-stick-meta":"","astra-migrate-meta-layouts":"default","ast-page-background-enabled":"default","ast-page-background-meta":{"desktop":{"background-color":"var(--ast-global-color-4)","background-image":"","background-repeat":"repeat","background-position":"center center","background-size":"auto","background-attachment":"scroll","background-type":"","background-media":"","overlay-type":"","overlay-color":"","overlay-opacity":"","overlay-gradient":""},"tablet":{"background-color":"","background-image":"","background-repeat":"repeat","background-position":"center center","background-size":"auto","background-attachment":"scroll","background-type":"","background-media":"","overlay-type":"","overlay-color":"","overlay-opacity":"","overlay-gradient":""},"mobile":{"background-color":"","background-image":"","background-repeat":"repeat","background-position":"center center","background-size":"auto","background-attachment":"scroll","background-type":"","background-media":"","overlay-type":"","overlay-color":"","overlay-opacity":"","overlay-gradient":""}},"ast-content-background-meta":{"desktop":{"background-color":"var(--ast-global-color-5)","background-image":"","background-repeat":"repeat","background-position":"center center","background-size":"auto","background-attachment":"scroll","background-type":"","background-media":"","overlay-type":"","overlay-color":"","overlay-opacity":"","overlay-gradient":""},"tablet":{"background-color":"var(--ast-global-color-5)","background-image":"","background-repeat":"repeat","background-position":"center center","background-size":"auto","background-attachment":"scroll","background-type":"","background-media":"","overlay-type":"","overlay-color":"","overlay-opacity":"","overlay-gradient":""},"mobile":{"background-color":"var(--ast-global-color-5)","background-image":"","background-repeat":"repeat","background-position":"center center","background-size":"auto","background-attachment":"scroll","background-type":"","background-media":"","overlay-type":"","overlay-color":"","overlay-opacity":"","overlay-gradient":""}},"footnotes":""},"categories":[16],"tags":[],"class_list":["post-802","post","type-post","status-publish","format-standard","has-post-thumbnail","hentry","category-archives-cms"],"_links":{"self":[{"href":"https:\/\/lavoiedessansvoix.fr\/lavoie\/wp-json\/wp\/v2\/posts\/802","targetHints":{"allow":["GET"]}}],"collection":[{"href":"https:\/\/lavoiedessansvoix.fr\/lavoie\/wp-json\/wp\/v2\/posts"}],"about":[{"href":"https:\/\/lavoiedessansvoix.fr\/lavoie\/wp-json\/wp\/v2\/types\/post"}],"author":[{"embeddable":true,"href":"https:\/\/lavoiedessansvoix.fr\/lavoie\/wp-json\/wp\/v2\/users\/1"}],"replies":[{"embeddable":true,"href":"https:\/\/lavoiedessansvoix.fr\/lavoie\/wp-json\/wp\/v2\/comments?post=802"}],"version-history":[{"count":1,"href":"https:\/\/lavoiedessansvoix.fr\/lavoie\/wp-json\/wp\/v2\/posts\/802\/revisions"}],"predecessor-version":[{"id":3623,"href":"https:\/\/lavoiedessansvoix.fr\/lavoie\/wp-json\/wp\/v2\/posts\/802\/revisions\/3623"}],"wp:featuredmedia":[{"embeddable":true,"href":"https:\/\/lavoiedessansvoix.fr\/lavoie\/wp-json\/wp\/v2\/media\/4387"}],"wp:attachment":[{"href":"https:\/\/lavoiedessansvoix.fr\/lavoie\/wp-json\/wp\/v2\/media?parent=802"}],"wp:term":[{"taxonomy":"category","embeddable":true,"href":"https:\/\/lavoiedessansvoix.fr\/lavoie\/wp-json\/wp\/v2\/categories?post=802"},{"taxonomy":"post_tag","embeddable":true,"href":"https:\/\/lavoiedessansvoix.fr\/lavoie\/wp-json\/wp\/v2\/tags?post=802"}],"curies":[{"name":"wp","href":"https:\/\/api.w.org\/{rel}","templated":true}]}}