{"id":800,"date":"2018-03-10T15:51:00","date_gmt":"2018-03-10T14:51:00","guid":{"rendered":"https:\/\/lavoiedessansvoix.fr\/lavoie\/2018\/03\/10\/archive-faut-il-hair-les-medias-contradiction-d-une-citoyenne-francaise\/"},"modified":"2026-04-26T21:26:59","modified_gmt":"2026-04-26T19:26:59","slug":"archive-faut-il-hair-les-medias-contradiction-d-une-citoyenne-francaise","status":"publish","type":"post","link":"https:\/\/lavoiedessansvoix.fr\/lavoie\/2018\/03\/10\/archive-faut-il-hair-les-medias-contradiction-d-une-citoyenne-francaise\/","title":{"rendered":"FAUT-IL HA\u00cfR LES M\u00c9DIAS ?  (Contradiction d\u2019une citoyenne fran\u00e7aise)"},"content":{"rendered":"<p>FAUT-IL HA\u00cfR LES M\u00c9DIAS ?  (Contradiction d\u2019une citoyenne fran\u00e7aise)   Le Webste \u00ab Mes opinions.com \u00bb, sur lequel j\u2019ai sign\u00e9 une p\u00e9tition de d\u00e9fense de la gare de Vend\u00f4me, m\u2019envoie depuis les autres p\u00e9titions qu\u2019il diffuse afin de solliciter ma signature. Or, j\u2019y d\u00e9couvre ce matin une perle rare, que je ne signerai sous aucun pr\u00e9texte..  Une \u00ab citoyenne Fran\u00e7aise \u00bb, comme elle se d\u00e9signe elle-m\u00eame, initie une p\u00e9tition \u00ab pour que nos m\u00e9dias ne subissent plus les insultes de nos hommes politiques \u00bb.  Ce concentr\u00e9 de \u00ab gentille \u00bb b\u00eatises et de na\u00efvet\u00e9 d\u00e9sopilante, me donne, comme un cas d\u2019\u00e9cole, l\u2019occasion de m\u2019appesantir sur ce qu\u2019il convient \u00e0 mon sens de penser des \u00ab m\u00e9dias \u00bb, de la presse en g\u00e9n\u00e9ral et des journalistes qui les servent.  Je ferai remarquer tout d\u2019abord que cette dame est bien possessive. Les m\u00e9dias et les hommes politique qu\u2019elle d\u00e9signe par le possessif \u00ab nos \u00bb, lui appartiennent-ils \u00e0 titre collectif au moins ? Je ne me sens pas concern\u00e9. Les m\u00e9dias et la presse propri\u00e9t\u00e9s des Magnas et de la banque ne m\u2019appartiennent en aucun cas. Ils sont les propri\u00e9t\u00e9s de mes ennemis, dont ceux-ci se servent sans scrupules, non pour tenter d\u2019\u00e9clairer l\u2019opinion mais pour \u00ab la formater \u00bb.  \u00ab C\u2019est, \u00e9crit-elle, une situation qui est intol\u00e9rable \u00bb. Ce qui \u00e0 moi parait intol\u00e9rable c\u2019est cette situation d\u2019asservissement des m\u00e9dias et de l\u2019information aux puissances de l\u2019argent, et l\u2019usage odieux qu\u2019elles en font, comme l\u2019a r\u00e9cemment d\u00e9montr\u00e9 \u00ab la fabrication \u00bb de toute pi\u00e8ce du ph\u00e9nom\u00e8ne Macron.   Il est vrai que la phrase compl\u00e8te pr\u00e9cise, intol\u00e9rable \u00ab pour les citoyens qui respectent nos institutions \u00bb \u2026.  Madame compte sans nul doute au nombre ceux-ci, pas moi.  Je n\u2019ai aucun respect pour ces institutions, pour cette constitution, celle \u00ab du coup d\u2019\u00c9tat permanent \u00bb, de la Monarchie \u00e9lective constitutionnelle \u00bb, des ordonnances et de l\u2019article 49-3. Bon, je n\u2019ai pas de respect pour la constitution du \u00ab p\u00e8re Debr\u00e9 \u00bb, mais je ne conteste \u00e0 personne, pas m\u00eame \u00e0 cette dame, le droit de les d\u00e9fendre et de les respecter. Mais remarquons aussit\u00f4t que c\u2019est au nom du respect des institutions qu\u2019elle veut interdire que l\u2019on insulte les m\u00e9dias, pr\u00e9tendu \u00ab contre-pouvoir \u00bb qui ne sont en v\u00e9rit\u00e9 que le verrou id\u00e9ologique et culturel de celui-ci, et qu\u2019elle assimile elle-m\u00eame aux \u00ab institutions \u00bb.  Les bons citoyens qui respectent les institutions \u00ab et qui savent que les attaques contre les m\u00e9dias fragilisent la d\u00e9mocratie \u00bb. Mais comment les attaques contre des m\u00e9dias qui ne sont que les auxiliaires du pouvoir pourraient-elles fragiliser la d\u00e9mocratie ? \u00ab La libert\u00e9 de la presse s\u2019ach\u00e8ve \u00e0 l\u2019av\u00e8nement d\u2019un r\u00e9gime autoritaire \u00bb \u00ab Brave \u00bb grande na\u00efve la petite madame. Ne nous dit-elle pas l\u00e0, sans s\u2019en rendre compte, qu\u2019avec l\u2019achat des m\u00e9dias et de la presse par les banques et les magnas, fait acquis depuis belle lurette, nous sommes entr\u00e9s depuis tout ce temps dans l\u2019\u00e8re \u00ab d\u2019un r\u00e9gime autoritaire \u00bb La prise de contr\u00f4le des m\u00e9dias par les puissances de l\u2019argent a confisqu\u00e9 depuis longtemps la d\u00e9mocratie. Il n\u2019y a plus rien \u00e0 fragiliser.  Quant aux prisons qui seraient cens\u00e9es \u00eatre faites \u00ab d\u2019abord pour les journalistes \u00bb, qu\u2019elle se rassure, elles ne sont pas destin\u00e9es \u00e0 ces journalistes -l\u00e0 qui ne sont que \u00ab les voix de leurs maitres \u00bb.  \u00ab En France, nous avons pu lire et entendre ces jours-ci, parmi d\u2019autres choses, \u00ab La haine du parti des m\u00e9dias est une haine juste et saine \u00bb. Je ne savais pas qui \u00e9tait vis\u00e9 pr\u00e9cis\u00e9ment. J\u2019avais de toute \u00e9vidence rat\u00e9 un \u00e9pisode. J\u2019ai fait un copi\u00e9 coll\u00e9 de la phrase incrimin\u00e9 et j\u2019ai interrog\u00e9 le grand sorcier \u00ab Net \u00bb. R\u00e9ponse imm\u00e9diate. C\u2019est Jean-Luc M\u00e9lenchon qu\u2019elle a \u00ab dans le nez \u00bb. Ainsi la d\u00e9fenderesse des institutions, du droit \u00e0 faire sa petite soupe pr\u00e9tendument d\u00e9mocratique entre \u00ab coquin \u00bb : (les personnels de pouvoir) et \u00ab copains sold\u00e9s \u00bb (leur meute de journalistes serviles), s\u2019en prend \u00e0 Jean-Luc M\u00e9lenchon. Ce sera je le suppute, \u00ab un grief de fiert\u00e9 \u00bb pour lui d\u2019\u00eatre ainsi reconnu comme le pourfendeur d\u2019un syst\u00e8me inique.  \u00ab La citoyenne fran\u00e7aise \u00bb termine son appel \u00e0 p\u00e9tition pour d\u00e9fendre \u00ab les m\u00e9dias \u00bb contre les insultes, en en r\u00e9f\u00e9rent au Premier ministre, le grand commis lui-m\u00eame \u00ab du parti des m\u00e9dias \u00bb, (elle est s\u00fbre au moins de frapper \u00e0 la bonne porte), incrimin\u00e9 par Jean-Luc M\u00e9lenchon, dont elle souhaite \u00ab criminaliser les propos. \u00ab Attaquer les journalistes dans le cadre de leurs fonctions est inadmissible et devrait-\u00eatre consid\u00e9r\u00e9 comme un d\u00e9lit, \u00bb  Mais patatras, aye! \u00c7a fait mal.  \u00ab La citoyenne Fran\u00e7aise \u00bb a une maitrise insuffisante de sa langue maternelle. Elle vient en l\u00e2chant ces mots sur les \u00e9crans, de commettre une faute irr\u00e9parable. Dans le contexte o\u00f9 elle le fait elle eut dut \u00e9crire : \u00ab dans l\u2019exercice de leur m\u00e9tier \u00bb ou \u00ab de leur mission \u00bb, voire \u00ab dans l\u2019exercice de leur travail \u00bb. Mais en \u00e9crivant \u00ab dans l\u2019exercice de leurs onctions \u00bb  (exercice d\u2019une charge, d\u2019un emploi \u2013dictionnaire Larousse), n\u2019avoue-t-elle pas que les journalistes dont-elle parle sont bien ceux que nous avons-nous-m\u00eames identifi\u00e9s et qui sont, mercenaires de l\u2019id\u00e9ologie dominante, en \u00ab op\u00e9ration command\u00e9es lorsqu\u2019ils travaillent. \u00bb, loin des pr\u00e9occupations de libert\u00e9s et d\u2019ind\u00e9pendance de l\u2019information.  Alors, quand \u00e0 ces journalistes serviles et achet\u00e9s  qui ne m\u00e9ritent pas notre consid\u00e9ration, s\u2019ils se font insulter par \u00ab des hommes politique \u00bb, ou tout autre, nous dirons qu\u2019ils ne font  que r\u00e9colter le m\u00e9pris qu\u2019ils m\u00e9ritent.  Patrick Seignon. \u00ab lavoiedessansvoix.fr \u00bb. Samedi 10 mars 2018.<\/p>\n","protected":false},"excerpt":{"rendered":"<p>FAUT-IL HA\u00cfR LES M\u00c9DIAS ? (Contradiction d\u2019une citoyenne fran\u00e7aise) Le Webste \u00ab Mes opinions.com \u00bb, sur lequel j\u2019ai sign\u00e9 une [&hellip;]<\/p>\n","protected":false},"author":1,"featured_media":4385,"comment_status":"open","ping_status":"open","sticky":false,"template":"","format":"standard","meta":{"sfsi_plus_gutenberg_text_before_share":"","sfsi_plus_gutenberg_show_text_before_share":"","sfsi_plus_gutenberg_icon_type":"","sfsi_plus_gutenberg_icon_alignemt":"","sfsi_plus_gutenburg_max_per_row":"","site-sidebar-layout":"default","site-content-layout":"","ast-site-content-layout":"default","site-content-style":"default","site-sidebar-style":"default","ast-global-header-display":"","ast-banner-title-visibility":"","ast-main-header-display":"","ast-hfb-above-header-display":"","ast-hfb-below-header-display":"","ast-hfb-mobile-header-display":"","site-post-title":"","ast-breadcrumbs-content":"","ast-featured-img":"","footer-sml-layout":"","ast-disable-related-posts":"","theme-transparent-header-meta":"","adv-header-id-meta":"","stick-header-meta":"","header-above-stick-meta":"","header-main-stick-meta":"","header-below-stick-meta":"","astra-migrate-meta-layouts":"default","ast-page-background-enabled":"default","ast-page-background-meta":{"desktop":{"background-color":"var(--ast-global-color-4)","background-image":"","background-repeat":"repeat","background-position":"center center","background-size":"auto","background-attachment":"scroll","background-type":"","background-media":"","overlay-type":"","overlay-color":"","overlay-opacity":"","overlay-gradient":""},"tablet":{"background-color":"","background-image":"","background-repeat":"repeat","background-position":"center center","background-size":"auto","background-attachment":"scroll","background-type":"","background-media":"","overlay-type":"","overlay-color":"","overlay-opacity":"","overlay-gradient":""},"mobile":{"background-color":"","background-image":"","background-repeat":"repeat","background-position":"center center","background-size":"auto","background-attachment":"scroll","background-type":"","background-media":"","overlay-type":"","overlay-color":"","overlay-opacity":"","overlay-gradient":""}},"ast-content-background-meta":{"desktop":{"background-color":"var(--ast-global-color-5)","background-image":"","background-repeat":"repeat","background-position":"center center","background-size":"auto","background-attachment":"scroll","background-type":"","background-media":"","overlay-type":"","overlay-color":"","overlay-opacity":"","overlay-gradient":""},"tablet":{"background-color":"var(--ast-global-color-5)","background-image":"","background-repeat":"repeat","background-position":"center center","background-size":"auto","background-attachment":"scroll","background-type":"","background-media":"","overlay-type":"","overlay-color":"","overlay-opacity":"","overlay-gradient":""},"mobile":{"background-color":"var(--ast-global-color-5)","background-image":"","background-repeat":"repeat","background-position":"center center","background-size":"auto","background-attachment":"scroll","background-type":"","background-media":"","overlay-type":"","overlay-color":"","overlay-opacity":"","overlay-gradient":""}},"footnotes":""},"categories":[16],"tags":[],"class_list":["post-800","post","type-post","status-publish","format-standard","has-post-thumbnail","hentry","category-archives-cms"],"_links":{"self":[{"href":"https:\/\/lavoiedessansvoix.fr\/lavoie\/wp-json\/wp\/v2\/posts\/800","targetHints":{"allow":["GET"]}}],"collection":[{"href":"https:\/\/lavoiedessansvoix.fr\/lavoie\/wp-json\/wp\/v2\/posts"}],"about":[{"href":"https:\/\/lavoiedessansvoix.fr\/lavoie\/wp-json\/wp\/v2\/types\/post"}],"author":[{"embeddable":true,"href":"https:\/\/lavoiedessansvoix.fr\/lavoie\/wp-json\/wp\/v2\/users\/1"}],"replies":[{"embeddable":true,"href":"https:\/\/lavoiedessansvoix.fr\/lavoie\/wp-json\/wp\/v2\/comments?post=800"}],"version-history":[{"count":1,"href":"https:\/\/lavoiedessansvoix.fr\/lavoie\/wp-json\/wp\/v2\/posts\/800\/revisions"}],"predecessor-version":[{"id":3619,"href":"https:\/\/lavoiedessansvoix.fr\/lavoie\/wp-json\/wp\/v2\/posts\/800\/revisions\/3619"}],"wp:featuredmedia":[{"embeddable":true,"href":"https:\/\/lavoiedessansvoix.fr\/lavoie\/wp-json\/wp\/v2\/media\/4385"}],"wp:attachment":[{"href":"https:\/\/lavoiedessansvoix.fr\/lavoie\/wp-json\/wp\/v2\/media?parent=800"}],"wp:term":[{"taxonomy":"category","embeddable":true,"href":"https:\/\/lavoiedessansvoix.fr\/lavoie\/wp-json\/wp\/v2\/categories?post=800"},{"taxonomy":"post_tag","embeddable":true,"href":"https:\/\/lavoiedessansvoix.fr\/lavoie\/wp-json\/wp\/v2\/tags?post=800"}],"curies":[{"name":"wp","href":"https:\/\/api.w.org\/{rel}","templated":true}]}}