{"id":799,"date":"2018-03-11T18:33:00","date_gmt":"2018-03-11T17:33:00","guid":{"rendered":"https:\/\/lavoiedessansvoix.fr\/lavoie\/2018\/03\/11\/archive-eine-sweiss-la-france-marchera-t-elle-au-pas\/"},"modified":"2026-04-26T21:26:51","modified_gmt":"2026-04-26T19:26:51","slug":"archive-eine-sweiss-la-france-marchera-t-elle-au-pas","status":"publish","type":"post","link":"https:\/\/lavoiedessansvoix.fr\/lavoie\/2018\/03\/11\/archive-eine-sweiss-la-france-marchera-t-elle-au-pas\/","title":{"rendered":"EINE, SWEISS !  LA FRANCE MARCHERA-T-ELLE AU PAS ?"},"content":{"rendered":"<p>EINE, SWEISS ! LA FRANCE MARCHERA-T-ELLE AU PAS ?   Ils en ont d\u00e9cid\u00e9 ainsi, malgr\u00e9 la grogne g\u00e9n\u00e9ralis\u00e9e que cela g\u00e9n\u00e8re, et malgr\u00e9 l\u2019imp\u00e9ritie d\u00e9nonc\u00e9e de la mesure. \u00ab Je l\u2019ai d\u00e9cid\u00e9 et ce sera appliqu\u00e9 m\u00eame si j\u2019ai tort \u00bb aurait \u00ab \u00e9ruct\u00e9 \u00c9douard Philippe. Administrant ainsi, non la preuve d\u2019autorit\u00e9 \u00e0 laquelle il pr\u00e9tendait mais bien celle de sa b\u00eatise.  \ud83d\ude2f Kilom\u00e8tres heures (sur les routes secondaires) Pourquoi cette obstination ? Nous avons eu d\u2019autres exemple dans un pass\u00e9 r\u00e9cent de telles fixations. A propos des \u00ab portiques \u00e9cotaxes \u00bb qui engendr\u00e8rent la protestation des bonnets rouges en Bretagne, ou de l\u2019\u00e9thylotest obligatoire dans chaque v\u00e9hicule auquel tenait tant monsieur Claude Gu\u00e9ant ministre de l\u2019int\u00e9rieur de Sarkozy, ou encore l\u2019a\u00e9roport de Notre Dame des landes dont ne voulait pas d\u00e9mordre Jean-Marc Ayrault Ancien Premier Ministre de Fran\u00e7ois Hollande.  A chaque fois bien s\u00fbr de \u00ab bonnes, grasses affaires \u00bb \u00e0 la cl\u00e9, \u00e0 r\u00e9aliser sur le dos des contribuables, des automobilistes ou des usagers de la route. Un \u00ab arr\u00eat\u00e9 \u00bb, un petit \u00ab d\u00e9cret \u00bb, une nouvelle loi, et hop, le tour est jou\u00e9, des entreprises priv\u00e9es, des copains ou des coquins encaissent le Jack pot. Avec un pareil \u00ab coup de pouce \u00bb une petite PME de province aurait pu rejoindre en quelques semaines le peloton de t\u00eate des entreprises du CAC 40. Ne faudrait-il pas \u00eatre bien na\u00eff pour croire que le \u00ab Ministre int\u00e8gre \u00bb qui a rendu l\u2019insigne service l\u2019a fait pour rien ? Pot de vins, r\u00e9tro-commissions vers\u00e9es sur des pr\u00eates noms, dans des paradis fiscaux, conf\u00e9rence bidons r\u00e9tribu\u00e9es plusieurs millions d\u2019euros, il y a bien s\u00fbr maints moyen de remercier \u00ab un ami \u00bb pour service rendu, en diff\u00e9r\u00e9, sans \u00e9veiller l\u2019attention des m\u00e9chants et des \u00ab jaloux \u00bb qui voient magouilles et corruptions partout et en toute chose.  80 Kilom\u00e8tres heures sur les routes d\u00e9partementales, pourquoi croyez-vous ? Pour la s\u00e9curit\u00e9 routi\u00e8re ? Pour r\u00e9duire le \u00ab bilan carbone \u00bb ? Que nenni ! Pr\u00e9textes futiles.   En v\u00e9rit\u00e9 pour faire chuter la moyenne des parcours sur ce r\u00e9seau et inciter par ce stratag\u00e8me les automobilistes, malgr\u00e9 leurs prix faramineux, \u00e0 se reporter sur les autoroutes, accessoirement faire tourner un peu plus fort encore la machine \u00e0 racket \u00e9lectronique des contr\u00f4les radar.   Soutenir l\u2019activit\u00e9 des soci\u00e9t\u00e9s priv\u00e9es d\u2019autoroutes, faire gonfler leur chiffre d\u2019affaire, quel \u00ab honn\u00eate homme \u00bb penserait que cela ne se marchande pas, ne m\u00e9rites pas quelques \u00e9moluments ou cadeaux ?  Encore faut-il tout de m\u00eame que l\u2019affaire aille \u00e0 son terme, si ce n\u2019est pas le cas, \u00ab tintin \u00bb bien s\u00fbr. En ce cas pas de cadeaux pas d\u2019\u00e9moluments, pas de pots de vin \u00bb. Ne voil\u00e0-t-il pas l\u00e0 de bonnes raisons de la vouloir conclure envers et contre tous fusse au risque de passer pour un imb\u00e9cile obstin\u00e9 ?  Patrick Seignon. \u00ab lavoiedessansvoix.fr \u00bb Samedi 10 mars 2018.<\/p>\n","protected":false},"excerpt":{"rendered":"<p>EINE, SWEISS ! LA FRANCE MARCHERA-T-ELLE AU PAS ? Ils en ont d\u00e9cid\u00e9 ainsi, malgr\u00e9 la grogne g\u00e9n\u00e9ralis\u00e9e que cela [&hellip;]<\/p>\n","protected":false},"author":1,"featured_media":4384,"comment_status":"open","ping_status":"open","sticky":false,"template":"","format":"standard","meta":{"sfsi_plus_gutenberg_text_before_share":"","sfsi_plus_gutenberg_show_text_before_share":"","sfsi_plus_gutenberg_icon_type":"","sfsi_plus_gutenberg_icon_alignemt":"","sfsi_plus_gutenburg_max_per_row":"","site-sidebar-layout":"default","site-content-layout":"","ast-site-content-layout":"default","site-content-style":"default","site-sidebar-style":"default","ast-global-header-display":"","ast-banner-title-visibility":"","ast-main-header-display":"","ast-hfb-above-header-display":"","ast-hfb-below-header-display":"","ast-hfb-mobile-header-display":"","site-post-title":"","ast-breadcrumbs-content":"","ast-featured-img":"","footer-sml-layout":"","ast-disable-related-posts":"","theme-transparent-header-meta":"","adv-header-id-meta":"","stick-header-meta":"","header-above-stick-meta":"","header-main-stick-meta":"","header-below-stick-meta":"","astra-migrate-meta-layouts":"default","ast-page-background-enabled":"default","ast-page-background-meta":{"desktop":{"background-color":"var(--ast-global-color-4)","background-image":"","background-repeat":"repeat","background-position":"center center","background-size":"auto","background-attachment":"scroll","background-type":"","background-media":"","overlay-type":"","overlay-color":"","overlay-opacity":"","overlay-gradient":""},"tablet":{"background-color":"","background-image":"","background-repeat":"repeat","background-position":"center center","background-size":"auto","background-attachment":"scroll","background-type":"","background-media":"","overlay-type":"","overlay-color":"","overlay-opacity":"","overlay-gradient":""},"mobile":{"background-color":"","background-image":"","background-repeat":"repeat","background-position":"center center","background-size":"auto","background-attachment":"scroll","background-type":"","background-media":"","overlay-type":"","overlay-color":"","overlay-opacity":"","overlay-gradient":""}},"ast-content-background-meta":{"desktop":{"background-color":"var(--ast-global-color-5)","background-image":"","background-repeat":"repeat","background-position":"center center","background-size":"auto","background-attachment":"scroll","background-type":"","background-media":"","overlay-type":"","overlay-color":"","overlay-opacity":"","overlay-gradient":""},"tablet":{"background-color":"var(--ast-global-color-5)","background-image":"","background-repeat":"repeat","background-position":"center center","background-size":"auto","background-attachment":"scroll","background-type":"","background-media":"","overlay-type":"","overlay-color":"","overlay-opacity":"","overlay-gradient":""},"mobile":{"background-color":"var(--ast-global-color-5)","background-image":"","background-repeat":"repeat","background-position":"center center","background-size":"auto","background-attachment":"scroll","background-type":"","background-media":"","overlay-type":"","overlay-color":"","overlay-opacity":"","overlay-gradient":""}},"footnotes":""},"categories":[16],"tags":[],"class_list":["post-799","post","type-post","status-publish","format-standard","has-post-thumbnail","hentry","category-archives-cms"],"_links":{"self":[{"href":"https:\/\/lavoiedessansvoix.fr\/lavoie\/wp-json\/wp\/v2\/posts\/799","targetHints":{"allow":["GET"]}}],"collection":[{"href":"https:\/\/lavoiedessansvoix.fr\/lavoie\/wp-json\/wp\/v2\/posts"}],"about":[{"href":"https:\/\/lavoiedessansvoix.fr\/lavoie\/wp-json\/wp\/v2\/types\/post"}],"author":[{"embeddable":true,"href":"https:\/\/lavoiedessansvoix.fr\/lavoie\/wp-json\/wp\/v2\/users\/1"}],"replies":[{"embeddable":true,"href":"https:\/\/lavoiedessansvoix.fr\/lavoie\/wp-json\/wp\/v2\/comments?post=799"}],"version-history":[{"count":1,"href":"https:\/\/lavoiedessansvoix.fr\/lavoie\/wp-json\/wp\/v2\/posts\/799\/revisions"}],"predecessor-version":[{"id":3617,"href":"https:\/\/lavoiedessansvoix.fr\/lavoie\/wp-json\/wp\/v2\/posts\/799\/revisions\/3617"}],"wp:featuredmedia":[{"embeddable":true,"href":"https:\/\/lavoiedessansvoix.fr\/lavoie\/wp-json\/wp\/v2\/media\/4384"}],"wp:attachment":[{"href":"https:\/\/lavoiedessansvoix.fr\/lavoie\/wp-json\/wp\/v2\/media?parent=799"}],"wp:term":[{"taxonomy":"category","embeddable":true,"href":"https:\/\/lavoiedessansvoix.fr\/lavoie\/wp-json\/wp\/v2\/categories?post=799"},{"taxonomy":"post_tag","embeddable":true,"href":"https:\/\/lavoiedessansvoix.fr\/lavoie\/wp-json\/wp\/v2\/tags?post=799"}],"curies":[{"name":"wp","href":"https:\/\/api.w.org\/{rel}","templated":true}]}}